{"id":3753,"date":"2016-10-14T17:31:14","date_gmt":"2016-10-14T20:31:14","guid":{"rendered":"http:\/\/www.jornaldaconstrucaocivil.com.br\/?p=3753"},"modified":"2016-10-14T17:31:14","modified_gmt":"2016-10-14T20:31:14","slug":"firjan-e-cbic-promovem-no-rio-o-lancamento-da-coletanea-bim-para-construtoras","status":"publish","type":"post","link":"https:\/\/construcaocivil.siriusmarketingedesign.com.br\/?p=3753","title":{"rendered":"FIRJAN e CBIC promovem no Rio o lan\u00e7amento da Colet\u00e2nea BIM para construtoras"},"content":{"rendered":"<p><span style=\"color: #993300;\">BIM\u00a0<\/span><\/p>\n<p style=\"text-align: justify;\"><span style=\"color: #000000;\"><span style=\"color: #0000ff;\">Rio, Outubro, 2016 &#8211;<\/span> \u00a0O Sistema FIRJAN e a C\u00e2mara Brasileira da Ind\u00fastria da Constru\u00e7\u00e3o (CBIC) promovem na ter\u00e7a-feira (18\/10) no Rio o lan\u00e7amento da Colet\u00e2nea Dissemina\u00e7\u00e3o do BIM para construtoras e incorporadoras. O evento gratuito ser\u00e1 na sede da Federa\u00e7\u00e3o (Av. Gra\u00e7a Aranha 1, Centro do Rio), de 13h30 \u00e0s 17h.<\/span><\/p>\n<p style=\"text-align: justify;\"><span style=\"color: #000000;\">Editada pela CBIC, a colet\u00e2nea foi produzida pelo arquiteto Wilton Silva Catelani. O Building Information Modeling (BIM), ou Modelo de Informa\u00e7\u00e3o da Constru\u00e7\u00e3o, n\u00e3o \u00e9 apenas um software, mas um conjunto de processos que usa tecnologias que criam um modelo de informa\u00e7\u00e3o para as edifica\u00e7\u00f5es. O BIM otimiza o desenvolvimento e transmiss\u00e3o de informa\u00e7\u00f5es integrando projeto, constru\u00e7\u00e3o e opera\u00e7\u00e3o\/manuten\u00e7\u00e3o de uma edifica\u00e7\u00e3o durante todo seu ciclo de vida.<\/span><\/p>\n<p style=\"text-align: justify;\"><span style=\"color: #000000;\">No Rio, o Sistema FIRJAN, em parceria com os Sindicatos da Ind\u00fastria da Constru\u00e7\u00e3o, est\u00e1 empenhado na difus\u00e3o da ado\u00e7\u00e3o do BIM pelas empresas, universidades, \u00f3rg\u00e3os p\u00fablicos e profissionais liberais. Para tanto, o SENAI Cinel\u00e2ndia, no Centro do Rio, possui um laborat\u00f3rio BIM para execu\u00e7\u00e3o de cursos de capacita\u00e7\u00e3o, al\u00e9m de uma unidade m\u00f3vel que percorre os munic\u00edpios do interior fluminense.<\/span><\/p>\n<p style=\"text-align: justify;\"><span style=\"color: #000000;\">O evento, em 18 de outubro, apresentar\u00e1 casos de sucesso de construtoras, incorporadoras e escrit\u00f3rios de projeto fluminense na implanta\u00e7\u00e3o de tecnologia BIM. As palestras s\u00e3o voltadas para profissionais de construtoras, incorporadoras, arquitetos, engenheiros, projetistas e estudantes do segmento.<\/span><\/p>\n<p style=\"text-align: justify;\"><span style=\"color: #000000;\">Mais informa\u00e7\u00f5es e inscri\u00e7\u00f5es pelo link:<strong><span style=\"color: #0000ff;\">\u00a0http:\/\/www.firjan.com.br\/eventos\/implementacao-do-bim.htm<\/span><\/strong><\/span><\/p>\n<p style=\"text-align: justify;\"><span style=\"color: #ff0000;\"><strong>Programa\u00e7\u00e3o<\/strong><\/span><\/p>\n<p style=\"text-align: justify;\"><strong><span style=\"color: #000000;\">13h50 &#8211; Lan\u00e7amento Colet\u00e2nea BIM<\/span><\/strong><\/p>\n<p style=\"text-align: justify;\"><span style=\"color: #000000;\">&#8211; eng. Dionyzio Antonio Martins Klavdianos, presidente COMAT\/CBIC<\/span><\/p>\n<p style=\"text-align: justify;\"><span style=\"color: #000000;\">&#8211; eng. Paulo Rog\u00e9rio Luongo Sanchez, diretor t\u00e9cnico da Sinco Engenharia e l\u00edder do projeto Dissemina\u00e7\u00e3o do BIM, da CBIC<\/span><\/p>\n<p style=\"text-align: justify;\"><span style=\"color: #000000;\">&#8211; eng. Abrah\u00e3o Roberto Kauffmann, presidente do Sinduscon-Rio<\/span><\/p>\n<p style=\"text-align: justify;\"><strong><span style=\"color: #000000;\">14h &#8211; Exposi\u00e7\u00e3o sobre a Colet\u00e2nea BIM<\/span><\/strong><\/p>\n<p style=\"text-align: justify;\"><span style=\"color: #000000;\">&#8211; arq. Wilton Silva Catelani &#8211; autor da Colet\u00e2nea Dissemina\u00e7\u00e3o do BIM para Construtoras e Incorporadoras, da CBIC<\/span><\/p>\n<p style=\"text-align: justify;\"><span style=\"color: #000000;\">14h45 &#8211; Pr\u00e1tica nos Projetos<\/span><\/p>\n<p style=\"text-align: justify;\"><span style=\"color: #000000;\">&#8211; arq. S\u00e9rgio Conde Caldas, da S\u00e9rgio Conde Caldas Arquitetura<\/span><\/p>\n<p style=\"text-align: justify;\"><span style=\"color: #000000;\">15h20 &#8211; Pr\u00e1tica nas Incorpora\u00e7\u00f5es<\/span><\/p>\n<p style=\"text-align: justify;\"><span style=\"color: #000000;\">&#8211; eng. Jos\u00e9 Alfredo Jimenez Corr\u00eaa e arq. Sergio Roberto Leusin de Amorim, Empreendimentos Imobili\u00e1rios Santa Clara<\/span><\/p>\n<p style=\"text-align: justify;\"><strong><span style=\"color: #000000;\">15h40 &#8211; Pr\u00e1tica nas Constru\u00e7\u00f5es<\/span><\/strong><\/p>\n<p style=\"text-align: justify;\"><span style=\"color: #000000;\">&#8211; eng. Paulo Rog\u00e9rio Luongo Sanchez, diretor t\u00e9cnico da Sinco Engenharia e l\u00edder do projeto Dissemina\u00e7\u00e3o do BIM, da CBIC<\/span><\/p>\n<p style=\"text-align: justify;\"><span style=\"color: #000000;\">16h &#8211; Debates<\/span><\/p>\n","protected":false},"excerpt":{"rendered":"<p>BIM\u00a0 Rio, Outubro, 2016 &#8211; \u00a0O Sistema FIRJAN e a C\u00e2mara Brasileira da Ind\u00fastria da Constru\u00e7\u00e3o (CBIC) promovem na ter\u00e7a-feira (18\/10) no Rio o lan\u00e7amento da Colet\u00e2nea Dissemina\u00e7\u00e3o do BIM para construtoras e incorporadoras. O evento gratuito ser\u00e1 na sede da Federa\u00e7\u00e3o (Av. Gra\u00e7a Aranha 1, Centro do Rio), de 13h30 \u00e0s 17h. Editada pela [&hellip;]<\/p>\n","protected":false},"author":1,"featured_media":0,"comment_status":"open","ping_status":"open","sticky":false,"template":"","format":"standard","meta":{"_uag_custom_page_level_css":"","footnotes":""},"categories":[27],"tags":[1408,1708,2419,2970,6694,9211],"class_list":["post-3753","post","type-post","status-publish","format-standard","hentry","category-acontece","tag-bim-building-information-modeling","tag-camara-brasileira-da-industria-da-construcao-cbic","tag-coletanea-bim","tag-construtoras-e-incorporadoras","tag-lancamento-da-coletanea-disseminacao-do-bim","tag-pratica-nas-construcoes"],"blocksy_meta":[],"spectra_blocks_featured_image_url":null,"spectra_blocks_author_info":{"display_name":"Jornal da Constru\u00e7\u00e3o Civil","avatar_url":"https:\/\/secure.gravatar.com\/avatar\/973c9774fd44ddaceb026973c4962faa70fc512bc4c9da68e8ebb40fecee6540?s=96&d=mm&r=g","author_link":"https:\/\/construcaocivil.siriusmarketingedesign.com.br\/?author=1","description":"Desde de 2013, levando muitas informa\u00e7\u00f5es, lan\u00e7amentos e produtos de qualidade para toda cadeia produtiva da constru\u00e7\u00e3o. O Futuro da constru\u00e7\u00e3o passa por aqui,"},"uagb_featured_image_src":{"full":false,"thumbnail":false,"medium":false,"medium_large":false,"large":false,"1536x1536":false,"2048x2048":false},"uagb_author_info":{"display_name":"Jornal da Constru\u00e7\u00e3o Civil","author_link":"https:\/\/construcaocivil.siriusmarketingedesign.com.br\/?author=1"},"uagb_comment_info":0,"uagb_excerpt":"BIM\u00a0 Rio, Outubro, 2016 &#8211; \u00a0O Sistema FIRJAN e a C\u00e2mara Brasileira da Ind\u00fastria da Constru\u00e7\u00e3o (CBIC) promovem na ter\u00e7a-feira (18\/10) no Rio o lan\u00e7amento da Colet\u00e2nea Dissemina\u00e7\u00e3o do BIM para construtoras e incorporadoras. O evento gratuito ser\u00e1 na sede da Federa\u00e7\u00e3o (Av. Gra\u00e7a Aranha 1, Centro do Rio), de 13h30 \u00e0s 17h. Editada pela&hellip;","_links":{"self":[{"href":"https:\/\/construcaocivil.siriusmarketingedesign.com.br\/index.php?rest_route=\/wp\/v2\/posts\/3753","targetHints":{"allow":["GET"]}}],"collection":[{"href":"https:\/\/construcaocivil.siriusmarketingedesign.com.br\/index.php?rest_route=\/wp\/v2\/posts"}],"about":[{"href":"https:\/\/construcaocivil.siriusmarketingedesign.com.br\/index.php?rest_route=\/wp\/v2\/types\/post"}],"author":[{"embeddable":true,"href":"https:\/\/construcaocivil.siriusmarketingedesign.com.br\/index.php?rest_route=\/wp\/v2\/users\/1"}],"replies":[{"embeddable":true,"href":"https:\/\/construcaocivil.siriusmarketingedesign.com.br\/index.php?rest_route=%2Fwp%2Fv2%2Fcomments&post=3753"}],"version-history":[{"count":0,"href":"https:\/\/construcaocivil.siriusmarketingedesign.com.br\/index.php?rest_route=\/wp\/v2\/posts\/3753\/revisions"}],"wp:attachment":[{"href":"https:\/\/construcaocivil.siriusmarketingedesign.com.br\/index.php?rest_route=%2Fwp%2Fv2%2Fmedia&parent=3753"}],"wp:term":[{"taxonomy":"category","embeddable":true,"href":"https:\/\/construcaocivil.siriusmarketingedesign.com.br\/index.php?rest_route=%2Fwp%2Fv2%2Fcategories&post=3753"},{"taxonomy":"post_tag","embeddable":true,"href":"https:\/\/construcaocivil.siriusmarketingedesign.com.br\/index.php?rest_route=%2Fwp%2Fv2%2Ftags&post=3753"}],"curies":[{"name":"wp","href":"https:\/\/api.w.org\/{rel}","templated":true}]}}