{"id":3761,"date":"2016-10-15T17:02:55","date_gmt":"2016-10-15T20:02:55","guid":{"rendered":"http:\/\/www.jornaldaconstrucaocivil.com.br\/?p=3761"},"modified":"2016-10-15T17:02:55","modified_gmt":"2016-10-15T20:02:55","slug":"q-guai-recebe-exposicao-com-fotos-de-destinos-inusitados-por-caroline-goes","status":"publish","type":"post","link":"https:\/\/construcaocivil.siriusmarketingedesign.com.br\/?p=3761","title":{"rendered":"Q.Guai recebe exposi\u00e7\u00e3o com fotos de destinos inusitados por Caroline Goes"},"content":{"rendered":"<p><b>Exposi\u00e7\u00e3o\u00a0<\/b><\/p>\n<p><a href=\"http:\/\/www.jornaldaconstrucaocivil.com.br\/wp-content\/uploads\/2016\/10\/Caroline-Goes-2.jpg\"><img loading=\"lazy\" decoding=\"async\" class=\" wp-image-3762 alignleft\" src=\"http:\/\/www.jornaldaconstrucaocivil.com.br\/wp-content\/uploads\/2016\/10\/Caroline-Goes-2-1024x768.jpg\" alt=\"caroline-goes-2\" width=\"287\" height=\"215\" \/><\/a><\/p>\n<p><span style=\"color: #000000;\">A Galeria Q.Guai recebe a exposi\u00e7\u00e3o com cliques de lugares isolados pela fot\u00f3grafa\u00a0Caroline\u00a0Goes. Entitulada <i>Lands Afar<\/i>, os retratos trazem pessoas, pr\u00e9dios e paisagens que nos transmitem a sensa\u00e7\u00e3o de como somos pequenos nesse mundo. Formada pelo Photography Institute, na California,\u00a0Caroline\u00a0Goes, de apenas 22 anos, traz sua experi\u00eancia em viagens, e morando fora em liberdade desde a adolesc\u00eancia.<\/span><\/p>\n<p><span style=\"color: #993300;\"><em>Galeria Q.Guai, Lands Affar: dia 20 de outubro.<\/em><\/span><\/p>\n<p><span style=\"color: #000000;\"><em><span style=\"color: #993300;\">Av. Henrique Dumont, 65 &#8211; Ipanema, Rio de Janeiro &#8211; RJ<\/span><\/em><\/span><\/p>\n<p>&nbsp;<\/p>\n","protected":false},"excerpt":{"rendered":"<p>Exposi\u00e7\u00e3o\u00a0 A Galeria Q.Guai recebe a exposi\u00e7\u00e3o com cliques de lugares isolados pela fot\u00f3grafa\u00a0Caroline\u00a0Goes. Entitulada Lands Afar, os retratos trazem pessoas, pr\u00e9dios e paisagens que nos transmitem a sensa\u00e7\u00e3o de como somos pequenos nesse mundo. Formada pelo Photography Institute, na California,\u00a0Caroline\u00a0Goes, de apenas 22 anos, traz sua experi\u00eancia em viagens, e morando fora em liberdade [&hellip;]<\/p>\n","protected":false},"author":1,"featured_media":0,"comment_status":"open","ping_status":"open","sticky":false,"template":"","format":"standard","meta":{"_uag_custom_page_level_css":"","footnotes":""},"categories":[27],"tags":[3578,4771,6383,6727,9829],"class_list":["post-3761","post","type-post","status-publish","format-standard","hentry","category-acontece","tag-destinos-inusitados","tag-exposicao","tag-ipanema","tag-lands-afar","tag-q-guai"],"blocksy_meta":[],"spectra_blocks_featured_image_url":null,"spectra_blocks_author_info":{"display_name":"Jornal da Constru\u00e7\u00e3o Civil","avatar_url":"https:\/\/secure.gravatar.com\/avatar\/973c9774fd44ddaceb026973c4962faa70fc512bc4c9da68e8ebb40fecee6540?s=96&d=mm&r=g","author_link":"https:\/\/construcaocivil.siriusmarketingedesign.com.br\/?author=1","description":"Desde de 2013, levando muitas informa\u00e7\u00f5es, lan\u00e7amentos e produtos de qualidade para toda cadeia produtiva da constru\u00e7\u00e3o. O Futuro da constru\u00e7\u00e3o passa por aqui,"},"uagb_featured_image_src":{"full":false,"thumbnail":false,"medium":false,"medium_large":false,"large":false,"1536x1536":false,"2048x2048":false},"uagb_author_info":{"display_name":"Jornal da Constru\u00e7\u00e3o Civil","author_link":"https:\/\/construcaocivil.siriusmarketingedesign.com.br\/?author=1"},"uagb_comment_info":0,"uagb_excerpt":"Exposi\u00e7\u00e3o\u00a0 A Galeria Q.Guai recebe a exposi\u00e7\u00e3o com cliques de lugares isolados pela fot\u00f3grafa\u00a0Caroline\u00a0Goes. Entitulada Lands Afar, os retratos trazem pessoas, pr\u00e9dios e paisagens que nos transmitem a sensa\u00e7\u00e3o de como somos pequenos nesse mundo. Formada pelo Photography Institute, na California,\u00a0Caroline\u00a0Goes, de apenas 22 anos, traz sua experi\u00eancia em viagens, e morando fora em liberdade&hellip;","_links":{"self":[{"href":"https:\/\/construcaocivil.siriusmarketingedesign.com.br\/index.php?rest_route=\/wp\/v2\/posts\/3761","targetHints":{"allow":["GET"]}}],"collection":[{"href":"https:\/\/construcaocivil.siriusmarketingedesign.com.br\/index.php?rest_route=\/wp\/v2\/posts"}],"about":[{"href":"https:\/\/construcaocivil.siriusmarketingedesign.com.br\/index.php?rest_route=\/wp\/v2\/types\/post"}],"author":[{"embeddable":true,"href":"https:\/\/construcaocivil.siriusmarketingedesign.com.br\/index.php?rest_route=\/wp\/v2\/users\/1"}],"replies":[{"embeddable":true,"href":"https:\/\/construcaocivil.siriusmarketingedesign.com.br\/index.php?rest_route=%2Fwp%2Fv2%2Fcomments&post=3761"}],"version-history":[{"count":0,"href":"https:\/\/construcaocivil.siriusmarketingedesign.com.br\/index.php?rest_route=\/wp\/v2\/posts\/3761\/revisions"}],"wp:attachment":[{"href":"https:\/\/construcaocivil.siriusmarketingedesign.com.br\/index.php?rest_route=%2Fwp%2Fv2%2Fmedia&parent=3761"}],"wp:term":[{"taxonomy":"category","embeddable":true,"href":"https:\/\/construcaocivil.siriusmarketingedesign.com.br\/index.php?rest_route=%2Fwp%2Fv2%2Fcategories&post=3761"},{"taxonomy":"post_tag","embeddable":true,"href":"https:\/\/construcaocivil.siriusmarketingedesign.com.br\/index.php?rest_route=%2Fwp%2Fv2%2Ftags&post=3761"}],"curies":[{"name":"wp","href":"https:\/\/api.w.org\/{rel}","templated":true}]}}