{"id":3786,"date":"2016-10-17T18:17:30","date_gmt":"2016-10-17T21:17:30","guid":{"rendered":"http:\/\/www.jornaldaconstrucaocivil.com.br\/?p=3786"},"modified":"2016-10-17T18:17:30","modified_gmt":"2016-10-17T21:17:30","slug":"ecossistema-tropical-2-0-chega-ao-rio-de-janeiro","status":"publish","type":"post","link":"https:\/\/construcaocivil.siriusmarketingedesign.com.br\/?p=3786","title":{"rendered":"ECOSSISTEMA TROPICAL 2.0 chega ao Rio de Janeiro!"},"content":{"rendered":"<p style=\"text-align: justify;\"><span style=\"color: #993300;\">Cidade\u00a0<\/span><\/p>\n<p style=\"text-align: justify;\"><span style=\"color: #000080;\"><span style=\"color: #993300;\">Outubro, 2016<\/span><\/span><strong><span style=\"color: #000080;\">\u00a0&#8211; O projeto Ecossistema Tropical 2.0 parte de uma plataforma de investiga\u00e7\u00e3o acerca do universo de atua\u00e7\u00e3o de coletivos auto-geridos e organizados horizontalmente que ao longo da \u00faltima d\u00e9cada desenvolveram modelos de organiza\u00e7\u00e3o aut\u00f4nomos para a produ\u00e7\u00e3o de trabalhos na esfera do espa\u00e7o p\u00fablico.<\/span><\/strong><\/p>\n<p style=\"text-align: justify;\"><a href=\"http:\/\/www.jornaldaconstrucaocivil.com.br\/wp-content\/uploads\/2016\/10\/carrinho_2.jpg\"><img loading=\"lazy\" decoding=\"async\" class=\"wp-image-3787 alignleft\" src=\"http:\/\/www.jornaldaconstrucaocivil.com.br\/wp-content\/uploads\/2016\/10\/carrinho_2.jpg\" alt=\"carrinho_2\" width=\"363\" height=\"277\" \/><\/a><\/p>\n<p style=\"text-align: justify;\"><span style=\"color: #000000;\">Iniciado em formato de blog no ano de 2006 sob o nome de plataforma <strong><span style=\"color: #0000ff;\">DESISLACIONES*<\/span><\/strong>, gerou ao largo de 10 anos um inventario de pr\u00e1ticas e a\u00e7\u00f5es que puderam catalisar informa\u00e7\u00f5es sobre diversos grupos atuantes no cen\u00e1rio urbano e rural da Am\u00e9rica Latina.<\/span><\/p>\n<p style=\"text-align: justify;\"><span style=\"color: #000000;\">Com destaque especial para produ\u00e7\u00e3o coletiva no contexto brasileiro, os pesquisadores independentes Rosa Apablaza (Chile) e Felipe Brait (Brasil) desenvolveram diversas camadas de estudos e ativa\u00e7\u00f5es de conte\u00fados referentes a essa investiga\u00e7\u00e3o org\u00e2nica ao longo dos \u00faltimos 10 anos, e que foram circulando por diversas institui\u00e7\u00f5es culturais em formatos de palestras, oficinas, conversas, a\u00e7\u00f5es e exposi\u00e7\u00f5es.<\/span><\/p>\n<p style=\"text-align: justify;\">\n<span style=\"color: #000000;\"> Contemplado pelo<span style=\"color: #0000ff;\">\u00a0<strong>Programa Funarte Rede Nacional de Artes Visuais 12<sup>a<\/sup>\u00a0edi\u00e7\u00e3o<\/strong><\/span>, o atual projeto busca identificar, mapear e produzir uma cartografia coletiva debru\u00e7ado sobre a trajet\u00f3ria de 9 coletivos nacionais com a realiza\u00e7\u00e3o de encontros abertos em 4 capitais brasileiras.\u00a0<\/span><span style=\"color: #000000;\">Esses encontros ser\u00e3o realizados em formato de <span style=\"color: #993300;\">\u201claborat\u00f3rios p\u00fablicos\u201d<\/span> condensando uma s\u00e9rie de atividades gratuitas: apresenta\u00e7\u00f5es orais e multim\u00eddia, trabalhos de mesa, pesquisa de campo e a\u00e7\u00e3o urbana ao longo de 4 dias consecutivos em cada cidade.<\/span><\/p>\n<p style=\"text-align: justify;\">\n<span style=\"color: #000000;\"> Ao final do projeto ser\u00e1 produzida uma cartografia impressa em formato de p\u00f4ster para ser distribu\u00edda gratuitamente em todas as 4 cidades anfitri\u00e3s dos encontros:\u00a0<strong>S\u00e3o Paulo<\/strong>-SP,\u00a0<strong>Rio de Janeiro<\/strong>-RJ,\u00a0<strong>Salvador<\/strong>-BA e\u00a0<strong>Bel\u00e9m<\/strong>-PA.<\/span><\/p>\n<p style=\"text-align: justify;\"><span style=\"color: #000000;\">A constru\u00e7\u00e3o dessa cartografia coletiva ser\u00e1 guiada por 4 eixos conceituais: narrativas comunit\u00e1rias, grafismos urbanos, a\u00e7\u00f5es n\u00f4mades e corpo paisagem.<\/span><span style=\"color: #000000;\">Dessa forma, o projeto pretende ser um canal instaurador de estudos de linguagens, modelos organizacionais e po\u00e9ticas de a\u00e7\u00e3o p\u00fablica, afim de proporcionar uma escultura de dados, mixando diferentes camadas de atua\u00e7\u00e3o, metodologias e proposi\u00e7\u00f5es criticas e est\u00e9ticas despertadas a partir das trajet\u00f3rias dessas produ\u00e7\u00f5es coletivas.<\/span><\/p>\n<p style=\"text-align: justify;\">\n<span style=\"color: #000000;\"> Os grupos convidados a participar do projeto s\u00e3o: Coletivo\u00a0<strong>Madeirista<\/strong>\u00a0(Rond\u00f4nia),\u00a0<strong>Bijari\u00a0<\/strong>(S\u00e3o Paulo),\u00a0<strong>rede[aparelho]<\/strong>\u00a0(Par\u00e1),<strong>EIA<\/strong>\u00a0\u2013 Experi\u00eancia Imersiva Ambiental (S\u00e3o Paulo),\u00a0<strong>OPAVIVAR\u00c1<\/strong>\u00a0(Rio de Janeiro),\u00a0<strong>Hub Livre<\/strong>\u00a0(S\u00e3o Paulo),\u00a0<strong>Grupo EmpreZa<\/strong>\u00a0(Goi\u00e1s),\u00a0<strong>GIA<\/strong>\u00a0\u2013 Grupo de Interfer\u00eancia Ambiental (Bahia) e\u00a0<strong>ocupeacidade<\/strong>\u00a0(S\u00e3o Paulo).<\/span><\/p>\n<p>Os encontros ser\u00e3o realizados nas seguintes datas:<\/p>\n<p style=\"text-align: left;\">\u00a0\u00a0\u00a0\u00a0\u00a0\u00a0\u00a0\u00a0\u00a0\u00a0\u00a0\u00a0\u00a0\u00a0\u00a0\u00a0<strong>\u00a0 &#8211; <span style=\"color: #993300;\">S\u00e3o Paulo de 12 a 15 de outubro;<\/span><\/strong><\/p>\n<p style=\"text-align: left;\">\u00a0\u00a0\u00a0\u00a0\u00a0\u00a0\u00a0\u00a0\u00a0\u00a0\u00a0\u00a0\u00a0\u00a0\u00a0\u00a0<strong><span style=\"color: #000000;\">\u00a0 &#8211; Rio de Janeiro de 19 a 22 de outubro;<\/span><\/strong><\/p>\n<p style=\"text-align: left;\"><strong><span style=\"color: #000000;\">\u00a0\u00a0\u00a0\u00a0\u00a0\u00a0\u00a0\u00a0\u00a0\u00a0\u00a0\u00a0\u00a0\u00a0\u00a0\u00a0\u00a0 &#8211; Salvador de 26 a 29 de outubro;<\/span><\/strong><\/p>\n<p style=\"text-align: left;\"><strong><span style=\"color: #000000;\">\u00a0\u00a0\u00a0\u00a0\u00a0\u00a0\u00a0\u00a0\u00a0\u00a0\u00a0\u00a0\u00a0\u00a0\u00a0\u00a0\u00a0 &#8211; Bel\u00e9m de 02 a 05 de novembro;<\/span><\/strong><\/p>\n<p style=\"text-align: left;\">Acesse a programa\u00e7\u00e3o:<span style=\"color: #0000ff;\">\u00a0https:\/\/www.facebook.com\/ecossistematropical\/ ,\u00a0http:\/\/www.ecossistema.art.br\/\u00a0@ecossistematropical\u00a0<\/span><\/p>\n<p><strong>RIO DE JANEIRO &#8211; RJ<\/strong><\/p>\n<p><strong><span style=\"color: #993300;\">De 19 a 22 de outubro<\/span><\/strong><\/p>\n<p><strong><span style=\"color: #993300;\">Das 16 \u00e0s 21h<\/span><\/strong><\/p>\n<p><strong><span style=\"color: #993300;\">\u00a0Coletivos Convidados:<\/span><\/strong><\/p>\n<p><strong><span style=\"color: #993300;\">OPAVIVARA<\/span><\/strong><\/p>\n<p><strong><span style=\"color: #993300;\">GIA \u2013 Grupo de Interfer\u00eancia Ambiental<\/span><\/strong><\/p>\n<p><strong><span style=\"color: #993300;\">Hub Livre<\/span><\/strong><\/p>\n<p><strong><span style=\"color: #993300;\">Rede[aparelho]<\/span><\/strong><\/p>\n<p><strong><span style=\"color: #993300;\">Espa\u00e7o Anfitri\u00e3o:<\/span><\/strong><\/p>\n<p><strong>ESPA\u00c7O SARACURA<\/strong><\/p>\n<p><span style=\"color: #0000ff;\"><a style=\"color: #0000ff;\" href=\"https:\/\/www.facebook.com\/pg\/espacosaracura\/\">https:\/\/www.facebook.com\/pg\/espacosaracura\/<\/a><\/span><\/p>\n<p><span style=\"color: #000000;\">Rua Sacadura Cabral, 219, Sa\u00fade, Rio de Janeiro<\/span><\/p>\n<p style=\"text-align: justify;\"><strong><span style=\"color: #ff0000;\">Sobre o Saracura:<\/span><\/strong><\/p>\n<p style=\"text-align: justify;\"><span style=\"color: #ff0000;\">SARACURA \u00e9 um espa\u00e7o independente.\u00a0<\/span><br \/>\n<span style=\"color: #000000;\">O projeto nasceu do encontro da artista e educadora Bianca Bernardo, com o arquiteto Cesar Jord\u00e3o e a curadora Paula Borghi. Uni\u00e3o que parte do desejo em construir um espa\u00e7o voltado para a cidade do Rio de Janeiro atrav\u00e9s das artes visuais, da educa\u00e7\u00e3o, da arquitetura e urbanismo e de a\u00e7\u00f5es culturais em geral. Desejamos ser uma plataforma de trocas, forma\u00e7\u00e3o livre, compartilhamento de experi\u00eancias, dialogando com artistas e produtores independentes e redes de economia criativa. Queremos propor pr\u00e1ticas de conviv\u00eancia e coletividade, para pensarmos juntos valores comuns e novas formas de resist\u00eancia na arte e vida.<\/span><\/p>\n","protected":false},"excerpt":{"rendered":"<p>Cidade\u00a0 Outubro, 2016\u00a0&#8211; O projeto Ecossistema Tropical 2.0 parte de uma plataforma de investiga\u00e7\u00e3o acerca do universo de atua\u00e7\u00e3o de coletivos auto-geridos e organizados horizontalmente que ao longo da \u00faltima d\u00e9cada desenvolveram modelos de organiza\u00e7\u00e3o aut\u00f4nomos para a produ\u00e7\u00e3o de trabalhos na esfera do espa\u00e7o p\u00fablico. Iniciado em formato de blog no ano de 2006 [&hellip;]<\/p>\n","protected":false},"author":1,"featured_media":3787,"comment_status":"open","ping_status":"open","sticky":false,"template":"","format":"standard","meta":{"_uag_custom_page_level_css":"","footnotes":""},"categories":[27],"tags":[1386,2244,2421,3913,4731,5488,5666,5821,7932,8450,8854,9979],"class_list":["post-3786","post","type-post","status-publish","format-standard","has-post-thumbnail","hentry","category-acontece","tag-bijari-sao-paulo","tag-cidadania","tag-coletivo-madeirista-rondonia","tag-ecossistema-tropical-2-0","tag-experiencia-imersiva-ambiental-sao-paulo","tag-gia-grupo-de-interferencia-ambiental-bahia-e-ocupeacidade-sao-paulo","tag-grupo-empreza-goias","tag-hub-livre-sao-paulo","tag-movimentos-urbanos","tag-opavivara-rio-de-janeiro","tag-pessoas-livres","tag-rede-aparelho-para"],"blocksy_meta":[],"spectra_blocks_featured_image_url":[],"spectra_blocks_author_info":{"display_name":"Jornal da Constru\u00e7\u00e3o Civil","avatar_url":"https:\/\/secure.gravatar.com\/avatar\/973c9774fd44ddaceb026973c4962faa70fc512bc4c9da68e8ebb40fecee6540?s=96&d=mm&r=g","author_link":"https:\/\/construcaocivil.siriusmarketingedesign.com.br\/?author=1","description":"Desde de 2013, levando muitas informa\u00e7\u00f5es, lan\u00e7amentos e produtos de qualidade para toda cadeia produtiva da constru\u00e7\u00e3o. O Futuro da constru\u00e7\u00e3o passa por aqui,"},"uagb_featured_image_src":{"full":false,"thumbnail":false,"medium":false,"medium_large":false,"large":false,"1536x1536":false,"2048x2048":false},"uagb_author_info":{"display_name":"Jornal da Constru\u00e7\u00e3o Civil","author_link":"https:\/\/construcaocivil.siriusmarketingedesign.com.br\/?author=1"},"uagb_comment_info":0,"uagb_excerpt":"Cidade\u00a0 Outubro, 2016\u00a0&#8211; O projeto Ecossistema Tropical 2.0 parte de uma plataforma de investiga\u00e7\u00e3o acerca do universo de atua\u00e7\u00e3o de coletivos auto-geridos e organizados horizontalmente que ao longo da \u00faltima d\u00e9cada desenvolveram modelos de organiza\u00e7\u00e3o aut\u00f4nomos para a produ\u00e7\u00e3o de trabalhos na esfera do espa\u00e7o p\u00fablico. Iniciado em formato de blog no ano de 2006&hellip;","_links":{"self":[{"href":"https:\/\/construcaocivil.siriusmarketingedesign.com.br\/index.php?rest_route=\/wp\/v2\/posts\/3786","targetHints":{"allow":["GET"]}}],"collection":[{"href":"https:\/\/construcaocivil.siriusmarketingedesign.com.br\/index.php?rest_route=\/wp\/v2\/posts"}],"about":[{"href":"https:\/\/construcaocivil.siriusmarketingedesign.com.br\/index.php?rest_route=\/wp\/v2\/types\/post"}],"author":[{"embeddable":true,"href":"https:\/\/construcaocivil.siriusmarketingedesign.com.br\/index.php?rest_route=\/wp\/v2\/users\/1"}],"replies":[{"embeddable":true,"href":"https:\/\/construcaocivil.siriusmarketingedesign.com.br\/index.php?rest_route=%2Fwp%2Fv2%2Fcomments&post=3786"}],"version-history":[{"count":0,"href":"https:\/\/construcaocivil.siriusmarketingedesign.com.br\/index.php?rest_route=\/wp\/v2\/posts\/3786\/revisions"}],"wp:attachment":[{"href":"https:\/\/construcaocivil.siriusmarketingedesign.com.br\/index.php?rest_route=%2Fwp%2Fv2%2Fmedia&parent=3786"}],"wp:term":[{"taxonomy":"category","embeddable":true,"href":"https:\/\/construcaocivil.siriusmarketingedesign.com.br\/index.php?rest_route=%2Fwp%2Fv2%2Fcategories&post=3786"},{"taxonomy":"post_tag","embeddable":true,"href":"https:\/\/construcaocivil.siriusmarketingedesign.com.br\/index.php?rest_route=%2Fwp%2Fv2%2Ftags&post=3786"}],"curies":[{"name":"wp","href":"https:\/\/api.w.org\/{rel}","templated":true}]}}