{"id":379,"date":"2015-11-16T23:19:24","date_gmt":"2015-11-16T23:19:24","guid":{"rendered":"http:\/\/www.jornaldaconstrucaocivil.com.br\/?p=379"},"modified":"2015-11-16T23:19:24","modified_gmt":"2015-11-16T23:19:24","slug":"governador-valadares-campanha-de-doacao-de-agua","status":"publish","type":"post","link":"https:\/\/construcaocivil.siriusmarketingedesign.com.br\/?p=379","title":{"rendered":"Governador Valadares: Campanha de Doa\u00e7\u00e3o de \u00c1gua"},"content":{"rendered":"<p><span style=\"color: #000000;\"><strong><em>\u201cEnvie Solidariedade em Estado L\u00edquido. Doe \u00c1gua Mineral\u201d<\/em><\/strong><\/span><\/p>\n<p>Para minimizar os impactos que o munic\u00edpio de Governador Valadares, vem enfrentando por causa do Estado de Calamidade P\u00fablica a Prefeitura Municipal e a C\u00e2mara Municipal encampam uma campanha de Doa\u00e7\u00e3o de \u00c1gua Mineral.<\/p>\n<p><a href=\"http:\/\/www.jornaldaconstrucaocivil.com.br\/wp-content\/uploads\/2015\/11\/AJUDE.jpg\"><img loading=\"lazy\" decoding=\"async\" class=\" wp-image-380 alignleft\" src=\"http:\/\/www.jornaldaconstrucaocivil.com.br\/wp-content\/uploads\/2015\/11\/AJUDE-300x154.jpg\" alt=\"AJUDE\" width=\"224\" height=\"115\" \/><\/a><\/p>\n<p><span style=\"color: #000000;\">Com o abastecimento de \u00e1gua interrompido desde o \u00faltimo domingo, em fun\u00e7\u00e3o da trag\u00e9dia ambiental nas barragens de rejeitos da Samarco em Mariana-MG, que chegaram ao leito do Rio Doce, cuja popula\u00e7\u00e3o de aproximadamente 280 mil habitantes j\u00e1 est\u00e1 sofrendo com a falta de \u00e1gua.<\/span><\/p>\n<p><span style=\"color: #000000;\">Atualmente, o abastecimento tem sido feito por 38 caminh\u00f5es-pipa, devidamente identificados com adesivos no para-brisa, est\u00e3o indo e vindo num raio de 100km, em cidades da regi\u00e3o, encher os tanques, e retornam a Valadares para prioritariamente abastecer hospitais e estabelecimentos afins (laborat\u00f3rios, cl\u00ednicas de interna\u00e7\u00e3o, abrigos, unidades de sa\u00fade) escolas, creches, asilos e a cadeia p\u00fablica.<\/span><\/p>\n<p><strong>DOA\u00c7\u00d5ES:<\/strong><\/p>\n<p><span style=\"color: #000000;\">Pontos de Coleta<\/span><\/p>\n<p><span style=\"color: #000000;\"><strong>43\u00ba Batalh\u00e3o de Pol\u00edcia Militar<\/strong><\/span><\/p>\n<p><span style=\"color: #000000;\">Rua: Francisco Caetano Pimentel, 506 Vila Isa \u2013 Telefone: 3201.0200<\/span><\/p>\n<p><strong>6\u00ba Batalh\u00e3o de Pol\u00edcia Militar<\/strong><\/p>\n<p><span style=\"color: #000000;\">Rua Marechal Floriano, s\/n\u00ba &#8211; Bairro de Lourdes \u2013\u00a0 Telefone: 3201.0100<\/span><\/p>\n<p><strong>Pontos de Distribui\u00e7\u00e3o<\/strong><\/p>\n<p><span style=\"color: #000000;\">Dia 13 de novembro \u2013 Pra\u00e7a de Esportes de 8h \u00e0s 18h enquanto durar o estoque. Rua: Afonso Pena, 2550 \u2013 Centro \u2013 Telefone: 3271.3881<\/span><\/p>\n<p><span style=\"color: #ff0000;\">Fonte: Assessoria de Imprensa Prefeitura de Governador Valadares(MG)<\/span><\/p>\n<p><span style=\"color: #ff0000;\">Site:\u00a0http:\/\/www.valadares.mg.gov.br\/<\/span><\/p>\n","protected":false},"excerpt":{"rendered":"<p>\u201cEnvie Solidariedade em Estado L\u00edquido. Doe \u00c1gua Mineral\u201d Para minimizar os impactos que o munic\u00edpio de Governador Valadares, vem enfrentando por causa do Estado de Calamidade P\u00fablica a Prefeitura Municipal e a C\u00e2mara Municipal encampam uma campanha de Doa\u00e7\u00e3o de \u00c1gua Mineral. Com o abastecimento de \u00e1gua interrompido desde o \u00faltimo domingo, em fun\u00e7\u00e3o da [&hellip;]<\/p>\n","protected":false},"author":1,"featured_media":380,"comment_status":"open","ping_status":"open","sticky":false,"template":"","format":"standard","meta":{"_uag_custom_page_level_css":"","footnotes":""},"categories":[27],"tags":[547,3192,5530,6676,10587],"class_list":["post-379","post","type-post","status-publish","format-standard","has-post-thumbnail","hentry","category-acontece","tag-agua","tag-crime","tag-governador-valadares","tag-lama","tag-samarco"],"blocksy_meta":[],"spectra_blocks_featured_image_url":[],"spectra_blocks_author_info":{"display_name":"Jornal da Constru\u00e7\u00e3o Civil","avatar_url":"https:\/\/secure.gravatar.com\/avatar\/973c9774fd44ddaceb026973c4962faa70fc512bc4c9da68e8ebb40fecee6540?s=96&d=mm&r=g","author_link":"https:\/\/construcaocivil.siriusmarketingedesign.com.br\/?author=1","description":"Desde de 2013, levando muitas informa\u00e7\u00f5es, lan\u00e7amentos e produtos de qualidade para toda cadeia produtiva da constru\u00e7\u00e3o. O Futuro da constru\u00e7\u00e3o passa por aqui,"},"uagb_featured_image_src":{"full":false,"thumbnail":false,"medium":false,"medium_large":false,"large":false,"1536x1536":false,"2048x2048":false},"uagb_author_info":{"display_name":"Jornal da Constru\u00e7\u00e3o Civil","author_link":"https:\/\/construcaocivil.siriusmarketingedesign.com.br\/?author=1"},"uagb_comment_info":0,"uagb_excerpt":"\u201cEnvie Solidariedade em Estado L\u00edquido. Doe \u00c1gua Mineral\u201d Para minimizar os impactos que o munic\u00edpio de Governador Valadares, vem enfrentando por causa do Estado de Calamidade P\u00fablica a Prefeitura Municipal e a C\u00e2mara Municipal encampam uma campanha de Doa\u00e7\u00e3o de \u00c1gua Mineral. Com o abastecimento de \u00e1gua interrompido desde o \u00faltimo domingo, em fun\u00e7\u00e3o da&hellip;","_links":{"self":[{"href":"https:\/\/construcaocivil.siriusmarketingedesign.com.br\/index.php?rest_route=\/wp\/v2\/posts\/379","targetHints":{"allow":["GET"]}}],"collection":[{"href":"https:\/\/construcaocivil.siriusmarketingedesign.com.br\/index.php?rest_route=\/wp\/v2\/posts"}],"about":[{"href":"https:\/\/construcaocivil.siriusmarketingedesign.com.br\/index.php?rest_route=\/wp\/v2\/types\/post"}],"author":[{"embeddable":true,"href":"https:\/\/construcaocivil.siriusmarketingedesign.com.br\/index.php?rest_route=\/wp\/v2\/users\/1"}],"replies":[{"embeddable":true,"href":"https:\/\/construcaocivil.siriusmarketingedesign.com.br\/index.php?rest_route=%2Fwp%2Fv2%2Fcomments&post=379"}],"version-history":[{"count":0,"href":"https:\/\/construcaocivil.siriusmarketingedesign.com.br\/index.php?rest_route=\/wp\/v2\/posts\/379\/revisions"}],"wp:attachment":[{"href":"https:\/\/construcaocivil.siriusmarketingedesign.com.br\/index.php?rest_route=%2Fwp%2Fv2%2Fmedia&parent=379"}],"wp:term":[{"taxonomy":"category","embeddable":true,"href":"https:\/\/construcaocivil.siriusmarketingedesign.com.br\/index.php?rest_route=%2Fwp%2Fv2%2Fcategories&post=379"},{"taxonomy":"post_tag","embeddable":true,"href":"https:\/\/construcaocivil.siriusmarketingedesign.com.br\/index.php?rest_route=%2Fwp%2Fv2%2Ftags&post=379"}],"curies":[{"name":"wp","href":"https:\/\/api.w.org\/{rel}","templated":true}]}}