{"id":382,"date":"2015-11-12T23:20:59","date_gmt":"2015-11-12T23:20:59","guid":{"rendered":"http:\/\/www.jornaldaconstrucaocivil.com.br\/?p=382"},"modified":"2015-11-12T23:20:59","modified_gmt":"2015-11-12T23:20:59","slug":"cbic-participa-da-5a-edicao-do-complan-seminario-internacional-sobre-comunidades-planejadas-do-brasil","status":"publish","type":"post","link":"https:\/\/construcaocivil.siriusmarketingedesign.com.br\/?p=382","title":{"rendered":"CBIC participa da 5\u00aa edi\u00e7\u00e3o do Complan &#8211; Semin\u00e1rio Internacional sobre Comunidades Planejadas do Brasil"},"content":{"rendered":"<p><span style=\"color: #000000;\"><strong>Teve in\u00edcio nesta quinta-feira (12\/11), no Novotel Barra da Tijuca, no Rio de Janeiro, a 5\u00aa edi\u00e7\u00e3o do Complan \u2013 Semin\u00e1rio Internacional sobre Comunidades Planejadas do Brasil. <\/strong><\/span><\/p>\n<p><span style=\"color: #000000;\">Promovido pela Associa\u00e7\u00e3o para o Desenvolvimento Imobili\u00e1rio e Tur\u00edstico do Brasil (Adit Brasil). O l\u00edder do projeto Desenvolvimento Urbano da CBIC, em parceria com o Senai Nacional, participou do evento onde apresentou o tema Uma nova cultura urbana: as tend\u00eancias urban\u00edsticas unindo o setor p\u00fablico e a iniciativa privada e as PPPs urbanas. <\/span><\/p>\n<p><span style=\"color: #000000;\">Durante o evento, que se estende at\u00e9 o pr\u00f3ximo s\u00e1bado (14\/11), o diretor de Desenho Urbano da Broadway Malyan, Phil Bonds, apresentou o Case Internacional East Village, localizado em Calgary no Canad\u00e1. Com experi\u00eancia profissional de mais de 20 anos, sendo respons\u00e1vel pela coordena\u00e7\u00e3o de equipes multidisciplinares para o desenvolvimento de projetos urban\u00edsticos internacionais, recentemente Bonds tem coordenado a equipe da Broadway Malyan na elabora\u00e7\u00e3o do Plano Diretor Geral Metropolitano de Luanda (PDGML). <\/span><\/p>\n<p><span style=\"color: #000000;\">Durante o Complan tamb\u00e9m ser\u00e3o abordados os seguintes assuntos: Gerenciamento de stakeholders e riscos socioambientais: teoria e pr\u00e1tica para sustentabilidade e performance de empreendimentos imobili\u00e1rios e tur\u00edsticos; Condom\u00ednios Fechados e sua combina\u00e7\u00e3o com \u00e1reas de uso misto: a f\u00f3rmula para novas centralidades; As oportunidades do desenvolvimento urbano dentro das cidades: Concess\u00f5es, PPPs e Opera\u00e7\u00f5es Urbanas inovadoras, entre muitos outros<\/span><\/p>\n<p><strong><span style=\"color: #000000;\">Acesse: <span style=\"color: #0000ff;\">www.cbic.org.br\u00a0<\/span><\/span><\/strong><\/p>\n<p><strong><span style=\"color: #000000;\">Fonte: CBIC\u00a0<\/span><\/strong><\/p>\n<p>&nbsp;<\/p>\n","protected":false},"excerpt":{"rendered":"<p>Teve in\u00edcio nesta quinta-feira (12\/11), no Novotel Barra da Tijuca, no Rio de Janeiro, a 5\u00aa edi\u00e7\u00e3o do Complan \u2013 Semin\u00e1rio Internacional sobre Comunidades Planejadas do Brasil. Promovido pela Associa\u00e7\u00e3o para o Desenvolvimento Imobili\u00e1rio e Tur\u00edstico do Brasil (Adit Brasil). O l\u00edder do projeto Desenvolvimento Urbano da CBIC, em parceria com o Senai Nacional, participou [&hellip;]<\/p>\n","protected":false},"author":1,"featured_media":0,"comment_status":"open","ping_status":"open","sticky":false,"template":"","format":"quote","meta":{"_uag_custom_page_level_css":"","footnotes":""},"categories":[31],"tags":[451,1607,2029,2535],"class_list":["post-382","post","type-post","status-publish","format-quote","hentry","category-infraestrutura","tag-adit-brasil","tag-broadway-malyan","tag-cbic","tag-complan-2015","post_format-post-format-quote"],"blocksy_meta":[],"spectra_blocks_featured_image_url":null,"spectra_blocks_author_info":{"display_name":"Jornal da Constru\u00e7\u00e3o Civil","avatar_url":"https:\/\/secure.gravatar.com\/avatar\/973c9774fd44ddaceb026973c4962faa70fc512bc4c9da68e8ebb40fecee6540?s=96&d=mm&r=g","author_link":"https:\/\/construcaocivil.siriusmarketingedesign.com.br\/?author=1","description":"Desde de 2013, levando muitas informa\u00e7\u00f5es, lan\u00e7amentos e produtos de qualidade para toda cadeia produtiva da constru\u00e7\u00e3o. O Futuro da constru\u00e7\u00e3o passa por aqui,"},"uagb_featured_image_src":{"full":false,"thumbnail":false,"medium":false,"medium_large":false,"large":false,"1536x1536":false,"2048x2048":false},"uagb_author_info":{"display_name":"Jornal da Constru\u00e7\u00e3o Civil","author_link":"https:\/\/construcaocivil.siriusmarketingedesign.com.br\/?author=1"},"uagb_comment_info":0,"uagb_excerpt":"Teve in\u00edcio nesta quinta-feira (12\/11), no Novotel Barra da Tijuca, no Rio de Janeiro, a 5\u00aa edi\u00e7\u00e3o do Complan \u2013 Semin\u00e1rio Internacional sobre Comunidades Planejadas do Brasil. Promovido pela Associa\u00e7\u00e3o para o Desenvolvimento Imobili\u00e1rio e Tur\u00edstico do Brasil (Adit Brasil). O l\u00edder do projeto Desenvolvimento Urbano da CBIC, em parceria com o Senai Nacional, participou&hellip;","_links":{"self":[{"href":"https:\/\/construcaocivil.siriusmarketingedesign.com.br\/index.php?rest_route=\/wp\/v2\/posts\/382","targetHints":{"allow":["GET"]}}],"collection":[{"href":"https:\/\/construcaocivil.siriusmarketingedesign.com.br\/index.php?rest_route=\/wp\/v2\/posts"}],"about":[{"href":"https:\/\/construcaocivil.siriusmarketingedesign.com.br\/index.php?rest_route=\/wp\/v2\/types\/post"}],"author":[{"embeddable":true,"href":"https:\/\/construcaocivil.siriusmarketingedesign.com.br\/index.php?rest_route=\/wp\/v2\/users\/1"}],"replies":[{"embeddable":true,"href":"https:\/\/construcaocivil.siriusmarketingedesign.com.br\/index.php?rest_route=%2Fwp%2Fv2%2Fcomments&post=382"}],"version-history":[{"count":0,"href":"https:\/\/construcaocivil.siriusmarketingedesign.com.br\/index.php?rest_route=\/wp\/v2\/posts\/382\/revisions"}],"wp:attachment":[{"href":"https:\/\/construcaocivil.siriusmarketingedesign.com.br\/index.php?rest_route=%2Fwp%2Fv2%2Fmedia&parent=382"}],"wp:term":[{"taxonomy":"category","embeddable":true,"href":"https:\/\/construcaocivil.siriusmarketingedesign.com.br\/index.php?rest_route=%2Fwp%2Fv2%2Fcategories&post=382"},{"taxonomy":"post_tag","embeddable":true,"href":"https:\/\/construcaocivil.siriusmarketingedesign.com.br\/index.php?rest_route=%2Fwp%2Fv2%2Ftags&post=382"}],"curies":[{"name":"wp","href":"https:\/\/api.w.org\/{rel}","templated":true}]}}