{"id":3835,"date":"2016-10-19T19:44:33","date_gmt":"2016-10-19T22:44:33","guid":{"rendered":"http:\/\/www.jornaldaconstrucaocivil.com.br\/?p=3835"},"modified":"2016-10-19T19:44:33","modified_gmt":"2016-10-19T22:44:33","slug":"inscricoes-abertas-para-curso-de-eletricistas-de-obras","status":"publish","type":"post","link":"https:\/\/construcaocivil.siriusmarketingedesign.com.br\/?p=3835","title":{"rendered":"Inscri\u00e7\u00f5es abertas para curso de Eletricistas de Obras"},"content":{"rendered":"<p style=\"text-align: justify;\"><span style=\"color: #800080;\">Qualifica\u00e7\u00e3o Profissional\u00a0<\/span><\/p>\n<figure id=\"attachment_3839\" aria-describedby=\"caption-attachment-3839\" style=\"width: 294px\" class=\"wp-caption alignleft\"><a href=\"http:\/\/www.jornaldaconstrucaocivil.com.br\/wp-content\/uploads\/2016\/10\/Senai-Campina-Grande-II.jpg\"><img loading=\"lazy\" decoding=\"async\" class=\"wp-image-3839\" src=\"http:\/\/www.jornaldaconstrucaocivil.com.br\/wp-content\/uploads\/2016\/10\/Senai-Campina-Grande-II.jpg\" alt=\"senai-campina-grande-ii\" width=\"294\" height=\"220\" \/><\/a><figcaption id=\"caption-attachment-3839\" class=\"wp-caption-text\"><span style=\"color: #993300;\">SENAI- Campo Grande<\/span><\/figcaption><\/figure>\n<p style=\"text-align: justify;\"><span style=\"color: #ff0000;\">Maric\u00e1, 19\/10\/16 &#8211;<\/span> <span style=\"color: #000000;\">Est\u00e3o abertas as inscri\u00e7\u00f5es para o novo curso de Eletricista de Obras do Programa de Qualifica\u00e7\u00e3o Profissional na Unidade de Forma\u00e7\u00e3o Profissional de Itaipua\u00e7u. As aulas ter\u00e3o in\u00edcio no dia 24\/10. Os interessados dever\u00e3o procurar as unidades para se inscreverem. O programa \u00e9 uma parceria da Prefeitura de Maric\u00e1, atrav\u00e9s da Secretaria Adjunta de Trabalho e Emprego, com o Servi\u00e7o Nacional de Aprendizagem Industrial (SENAI), contratado pela Prefeitura. As vagas s\u00e3o para os turnos manh\u00e3, tarde e noite.<\/span><\/p>\n<p>&nbsp;<\/p>\n<p>&nbsp;<\/p>\n<p><span style=\"color: #0000ff;\">Curso: <strong><span style=\"text-decoration: underline;\">ELETRECISTA DE OBRAS<\/span><\/strong> &#8211; Unidade de Forma\u00e7\u00e3o Profissional de Itaipua\u00e7u<\/span><\/p>\n<p><span style=\"color: #000000;\">Ementa: execu\u00e7\u00e3o de instala\u00e7\u00f5es el\u00e9tricas prediais de baixa tens\u00e3o, de acordo com projetos e em conformidade com normas t\u00e9cnicas, regulamentadoras, ambientais e de seguran\u00e7a vigentes.<\/span><\/p>\n<p><span style=\"color: #000000;\">&#8211; Carga hor\u00e1ria: 280 \u2013 (segunda a sexta)<\/span><\/p>\n<p><span style=\"color: #000000;\">&#8211; Hor\u00e1rio: tarde 13h \u00e0s 17h<\/span><\/p>\n<p><span style=\"color: #000000;\">&#8211; N\u00famero de vagas: 10 (tarde)<\/span><\/p>\n<p><strong><span style=\"color: #000000;\">Pr\u00e9-requisitos:<\/span><\/strong><\/p>\n<p><span style=\"color: #000000;\">&#8211; Escolaridade: 6\u00ba ano do Ensino Fundamental<\/span><\/p>\n<p><span style=\"color: #000000;\">&#8211; Idade: 18 anos<\/span><\/p>\n<p><span style=\"color: #000000;\">&#8211; Per\u00edodo de Inscri\u00e7\u00e3o: iniciadas nos polos de Qualifica\u00e7\u00e3o Profissional<\/span><\/p>\n<p><span style=\"color: #000000;\">&#8211; In\u00edcio do curso: 24\/10\/2016<\/span><\/p>\n<p><span style=\"color: #000000;\">&#8211; Documentos necess\u00e1rios: c\u00f3pia e original da identidade; CPF; comprovante de resid\u00eancia; comprovante de escolaridade e duas fotos 3&#215;4. Em caso de menor de idade \u00e9 necess\u00e1ria apresenta\u00e7\u00e3o de autoriza\u00e7\u00e3o dos pais ou respons\u00e1veis.<\/span><\/p>\n<p><span style=\"color: #993300;\">Endere\u00e7os das Unidades:<\/span><\/p>\n<p><span style=\"color: #000000;\">FLAMENGO (2637-0325) &#8211; Av. Roberto Silveira, lote 15, Quadra C- Flamengo (ao lado do supermercado Bonanza)<\/span><\/p>\n<p><span style=\"color: #000000;\">ITAIPUA\u00c7U (3732-5023) &#8211; Av. Carlos Mariguella, 160, Lote 01, Quadra 14- Itaipua\u00e7u<\/span><\/p>\n<p><span style=\"color: #000000;\">INO\u00c3 \u2013 Rodovia Amaral Peixoto, Km 15- Ino\u00e3<\/span><\/p>\n<p><span style=\"color: #0000ff;\">Fonte: ASCOM\/Prefeitura de Maric\u00e1<\/span><\/p>\n","protected":false},"excerpt":{"rendered":"<p>Qualifica\u00e7\u00e3o Profissional\u00a0 Maric\u00e1, 19\/10\/16 &#8211; Est\u00e3o abertas as inscri\u00e7\u00f5es para o novo curso de Eletricista de Obras do Programa de Qualifica\u00e7\u00e3o Profissional na Unidade de Forma\u00e7\u00e3o Profissional de Itaipua\u00e7u. As aulas ter\u00e3o in\u00edcio no dia 24\/10. Os interessados dever\u00e3o procurar as unidades para se inscreverem. O programa \u00e9 uma parceria da Prefeitura de Maric\u00e1, atrav\u00e9s [&hellip;]<\/p>\n","protected":false},"author":1,"featured_media":3841,"comment_status":"open","ping_status":"open","sticky":false,"template":"","format":"standard","meta":{"_uag_custom_page_level_css":"","footnotes":""},"categories":[27],"tags":[3272,4038,6157,6632,7295,10463,10873,12069],"class_list":["post-3835","post","type-post","status-publish","format-standard","has-post-thumbnail","hentry","category-acontece","tag-curso","tag-eletricistas-de-obras","tag-inscricoes-abertas","tag-km-15-inoa","tag-marica-rj","tag-rodovia-amaral-peixoto","tag-senai","tag-unidade-de-formacao-profissional-de-itaipuacu"],"blocksy_meta":[],"spectra_blocks_featured_image_url":[],"spectra_blocks_author_info":{"display_name":"Jornal da Constru\u00e7\u00e3o Civil","avatar_url":"https:\/\/secure.gravatar.com\/avatar\/973c9774fd44ddaceb026973c4962faa70fc512bc4c9da68e8ebb40fecee6540?s=96&d=mm&r=g","author_link":"https:\/\/construcaocivil.siriusmarketingedesign.com.br\/?author=1","description":"Desde de 2013, levando muitas informa\u00e7\u00f5es, lan\u00e7amentos e produtos de qualidade para toda cadeia produtiva da constru\u00e7\u00e3o. O Futuro da constru\u00e7\u00e3o passa por aqui,"},"uagb_featured_image_src":{"full":false,"thumbnail":false,"medium":false,"medium_large":false,"large":false,"1536x1536":false,"2048x2048":false},"uagb_author_info":{"display_name":"Jornal da Constru\u00e7\u00e3o Civil","author_link":"https:\/\/construcaocivil.siriusmarketingedesign.com.br\/?author=1"},"uagb_comment_info":0,"uagb_excerpt":"Qualifica\u00e7\u00e3o Profissional\u00a0 Maric\u00e1, 19\/10\/16 &#8211; Est\u00e3o abertas as inscri\u00e7\u00f5es para o novo curso de Eletricista de Obras do Programa de Qualifica\u00e7\u00e3o Profissional na Unidade de Forma\u00e7\u00e3o Profissional de Itaipua\u00e7u. As aulas ter\u00e3o in\u00edcio no dia 24\/10. Os interessados dever\u00e3o procurar as unidades para se inscreverem. O programa \u00e9 uma parceria da Prefeitura de Maric\u00e1, atrav\u00e9s&hellip;","_links":{"self":[{"href":"https:\/\/construcaocivil.siriusmarketingedesign.com.br\/index.php?rest_route=\/wp\/v2\/posts\/3835","targetHints":{"allow":["GET"]}}],"collection":[{"href":"https:\/\/construcaocivil.siriusmarketingedesign.com.br\/index.php?rest_route=\/wp\/v2\/posts"}],"about":[{"href":"https:\/\/construcaocivil.siriusmarketingedesign.com.br\/index.php?rest_route=\/wp\/v2\/types\/post"}],"author":[{"embeddable":true,"href":"https:\/\/construcaocivil.siriusmarketingedesign.com.br\/index.php?rest_route=\/wp\/v2\/users\/1"}],"replies":[{"embeddable":true,"href":"https:\/\/construcaocivil.siriusmarketingedesign.com.br\/index.php?rest_route=%2Fwp%2Fv2%2Fcomments&post=3835"}],"version-history":[{"count":0,"href":"https:\/\/construcaocivil.siriusmarketingedesign.com.br\/index.php?rest_route=\/wp\/v2\/posts\/3835\/revisions"}],"wp:attachment":[{"href":"https:\/\/construcaocivil.siriusmarketingedesign.com.br\/index.php?rest_route=%2Fwp%2Fv2%2Fmedia&parent=3835"}],"wp:term":[{"taxonomy":"category","embeddable":true,"href":"https:\/\/construcaocivil.siriusmarketingedesign.com.br\/index.php?rest_route=%2Fwp%2Fv2%2Fcategories&post=3835"},{"taxonomy":"post_tag","embeddable":true,"href":"https:\/\/construcaocivil.siriusmarketingedesign.com.br\/index.php?rest_route=%2Fwp%2Fv2%2Ftags&post=3835"}],"curies":[{"name":"wp","href":"https:\/\/api.w.org\/{rel}","templated":true}]}}