{"id":3850,"date":"2016-10-20T16:53:25","date_gmt":"2016-10-20T19:53:25","guid":{"rendered":"http:\/\/www.jornaldaconstrucaocivil.com.br\/?p=3850"},"modified":"2016-10-20T16:53:25","modified_gmt":"2016-10-20T19:53:25","slug":"estacio-lanca-mba-em-projeto-de-edificacoes-e-cidades-sustentaveis","status":"publish","type":"post","link":"https:\/\/construcaocivil.siriusmarketingedesign.com.br\/?p=3850","title":{"rendered":"Est\u00e1cio lan\u00e7a MBA em Projeto de Edifica\u00e7\u00f5es e Cidades Sustent\u00e1veis"},"content":{"rendered":"<p style=\"text-align: justify;\">MBA<\/p>\n<p style=\"text-align: justify;\"><span style=\"color: #000000;\"><span style=\"color: #993300;\">Outubro, 2016 &#8211;<\/span> Detentora da melhor gradua\u00e7\u00e3o de arquitetura e urbanismo da cidade do Rio, segundo o MEC, a Est\u00e1cio resolveu aproveitar seu n\u00edvel de excel\u00eancia para lan\u00e7ar mais uma especializa\u00e7\u00e3o na \u00e1rea: MBA em Projeto de Edifica\u00e7\u00f5es e Cidades Sustent\u00e1veis.\u00a0 O curso ir\u00e1 atender a necessidade do pa\u00eds em capacitar profissionais aptos a propor de modo cr\u00edtico e criativo solu\u00e7\u00f5es voltadas para a qualifica\u00e7\u00e3o ambiental das edifica\u00e7\u00f5es e das cidades, considerando a inclus\u00e3o social e a sustentabilidade.<\/span><\/p>\n<p style=\"text-align: justify;\"><span style=\"color: #000000;\">Com dura\u00e7\u00e3o de 18 meses, o curso ser\u00e1 oferecido na modalidade presencial, no campus Barra &#8211; Parque das Rosas. O valor do investimento \u00e9 de 24 parcelas de R$ 482,30. <em>\u201cEstamos muito satisfeitos com o lan\u00e7amento deste MBA. \u00c9 uma honra poder formar gestores de empreendimentos sustent\u00e1veis de expans\u00e3o urbana, infraestrutura, transportes, habita\u00e7\u00e3o, entre outros\u201d<\/em>, comemora Oscar Ariza, coordenador do curso.<\/span><\/p>\n<p style=\"text-align: justify;\"><span style=\"color: #000000;\">A constru\u00e7\u00e3o civil \u00e9 um dos setores que mais consome recursos naturais e gera res\u00edduos que causam consider\u00e1veis impactos ambientais. <em>\u201cO conceito de constru\u00e7\u00e3o sustent\u00e1vel, que abordamos amplamente no MBA, surge para mitigar esses danos, al\u00e9m de considerar tamb\u00e9m a sustentabilidade econ\u00f4mica e social. Em suma, \u00e9 poss\u00edvel construir belos empreendimentos que trazem qualidade de vida ao indiv\u00edduo e \u00e0 comunidade sem agredir o meio ambiente\u201d<\/em>, explica Ariza.<\/span><\/p>\n<p style=\"text-align: justify;\"><span style=\"color: #000000;\">Os alunos ter\u00e3o acesso a cases da Harvard Business School, uma das melhores e mais conceituadas institui\u00e7\u00f5es de ensino do mundo. Para cada aula, um estudo de caso ser\u00e1 indicado para que o aluno fa\u00e7a a leitura pr\u00e9via. O texto, totalmente em portugu\u00eas, ajuda o estudante a se preparar para as aulas. Cada estudo de caso apresenta o problema de uma empresa, revelando como os funcion\u00e1rios fizeram para resolv\u00ea-lo. No dia da aula, os professores abordam os temas e os alunos discutem entre si, inserindo o contexto brasileiro. Ao final de cada dia, os estudantes sem com um aprendizado real que pode ser utilizado como inspira\u00e7\u00e3o em sua rotina profissional.<\/span><\/p>\n<p style=\"text-align: justify;\"><span style=\"color: #000000;\">O MBA em Projeto de Edifica\u00e7\u00f5es e Cidades Sustent\u00e1veis n\u00e3o \u00e9 voltado exclusivamente para arquitetos e urbanistas, mas \u00e9 necess\u00e1rio que o candidato tenha forma\u00e7\u00e3o superior. A sele\u00e7\u00e3o dos alunos ocorrer\u00e1 por meio de entrevista com a coordena\u00e7\u00e3o do curso e an\u00e1lise de curr\u00edculo.<\/span><\/p>\n<p style=\"text-align: justify;\"><strong><span style=\"color: #000000;\">Melhor curso do Rio<\/span><\/strong><\/p>\n<p style=\"text-align: justify;\"><span style=\"color: #000000;\">Com 20 anos de exist\u00eancia, o curso de gradua\u00e7\u00e3o de Arquitetura e Urbanismo da Est\u00e1cio tem oito mil alunos espalhados pelo Brasil, sendo quase quatro mil estudantes somente no estado do Rio de Janeiro &#8211; o que representa praticamente metade dos alunos de Arquitetura e Urbanismo de todo o estado. Na \u00faltima avalia\u00e7\u00e3o nacional de cursos, divulgado pelo MEC no final do ano passado, o curso de Arquitetura e Urbanismo da Universidade Est\u00e1cio de S\u00e1 tirou a maior nota entre os cursos oferecidos na cidade do Rio.<\/span><\/p>\n<p style=\"text-align: justify;\"><strong><span style=\"color: #000000;\">Outras especializa\u00e7\u00f5es na \u00e1rea<\/span><\/strong><\/p>\n<p style=\"text-align: justify;\"><span style=\"color: #000000;\">A Est\u00e1cio tamb\u00e9m oferece outra p\u00f3s-gradua\u00e7\u00e3o na \u00e1rea: especializa\u00e7\u00e3o em gest\u00e3o da inova\u00e7\u00e3o na constru\u00e7\u00e3o civil. Com dura\u00e7\u00e3o de 12 meses na modalidade a dist\u00e2ncia e inscri\u00e7\u00f5es abertas at\u00e9 20 de novembro, esse curso forma profissionais do mercado da constru\u00e7\u00e3o civil que ir\u00e3o lidar com administra\u00e7\u00e3o de projetos, gerenciamento de pessoas, finan\u00e7as, legisla\u00e7\u00e3o, licita\u00e7\u00f5es, contratos, inova\u00e7\u00e3o em materiais, planejamento de obras, log\u00edstica entre outros.<\/span><\/p>\n<p><strong><span style=\"color: #000000;\">Servi\u00e7o:<\/span><\/strong><\/p>\n<p><span style=\"color: #993300;\">MBA em Projeto de Edifica\u00e7\u00f5es e Cidades Sustent\u00e1veis<\/span><\/p>\n<p><span style=\"color: #000000;\">In\u00edcio previsto: 22\/10\/2016<\/span><\/p>\n<p><span style=\"color: #000000;\">Dura\u00e7\u00e3o: 18 meses<\/span><\/p>\n<p><span style=\"color: #000000;\">Carga hor\u00e1ria: 361 horas<\/span><\/p>\n<p><span style=\"color: #000000;\">Inscri\u00e7\u00f5es: 0800 021 37 37<\/span><\/p>\n<p><span style=\"color: #000000;\">Prazo final para inscri\u00e7\u00f5es: at\u00e9 20\/11\/2016<\/span><\/p>\n<p><span style=\"color: #000000;\">Investimento: 24 parcelas de R$ R$482,30<\/span><\/p>\n<p><span style=\"color: #000000;\">Unidades que oferecer\u00e3o o curso: campus Barra &#8211; Parque das Rosas<\/span><\/p>\n<p><strong><span style=\"color: #000000;\">Outras informa\u00e7\u00f5es<\/span>:\u00a0<span style=\"color: #0000ff;\"><a style=\"color: #0000ff;\" href=\"http:\/\/novapos.estacio.br\/\" target=\"_blank\">pos.estacio.br<\/a><\/span><\/strong><\/p>\n","protected":false},"excerpt":{"rendered":"<p>MBA Outubro, 2016 &#8211; Detentora da melhor gradua\u00e7\u00e3o de arquitetura e urbanismo da cidade do Rio, segundo o MEC, a Est\u00e1cio resolveu aproveitar seu n\u00edvel de excel\u00eancia para lan\u00e7ar mais uma especializa\u00e7\u00e3o na \u00e1rea: MBA em Projeto de Edifica\u00e7\u00f5es e Cidades Sustent\u00e1veis.\u00a0 O curso ir\u00e1 atender a necessidade do pa\u00eds em capacitar profissionais aptos a [&hellip;]<\/p>\n","protected":false},"author":1,"featured_media":0,"comment_status":"open","ping_status":"open","sticky":false,"template":"","format":"standard","meta":{"_uag_custom_page_level_css":"","footnotes":""},"categories":[27],"tags":[1783,2900,4571,5753,7395,9157,9163,10375],"class_list":["post-3850","post","type-post","status-publish","format-standard","hentry","category-acontece","tag-campus-barra-parque-das-rosas","tag-construcao-sustentavel","tag-estacio","tag-harvard-business-school","tag-mba-em-projeto-de-edificacoes-e-cidades-sustentaveis","tag-pos-estacio","tag-pos-graduacao","tag-rio-de-janeiro"],"blocksy_meta":[],"spectra_blocks_featured_image_url":null,"spectra_blocks_author_info":{"display_name":"Jornal da Constru\u00e7\u00e3o Civil","avatar_url":"https:\/\/secure.gravatar.com\/avatar\/973c9774fd44ddaceb026973c4962faa70fc512bc4c9da68e8ebb40fecee6540?s=96&d=mm&r=g","author_link":"https:\/\/construcaocivil.siriusmarketingedesign.com.br\/?author=1","description":"Desde de 2013, levando muitas informa\u00e7\u00f5es, lan\u00e7amentos e produtos de qualidade para toda cadeia produtiva da constru\u00e7\u00e3o. O Futuro da constru\u00e7\u00e3o passa por aqui,"},"uagb_featured_image_src":{"full":false,"thumbnail":false,"medium":false,"medium_large":false,"large":false,"1536x1536":false,"2048x2048":false},"uagb_author_info":{"display_name":"Jornal da Constru\u00e7\u00e3o Civil","author_link":"https:\/\/construcaocivil.siriusmarketingedesign.com.br\/?author=1"},"uagb_comment_info":0,"uagb_excerpt":"MBA Outubro, 2016 &#8211; Detentora da melhor gradua\u00e7\u00e3o de arquitetura e urbanismo da cidade do Rio, segundo o MEC, a Est\u00e1cio resolveu aproveitar seu n\u00edvel de excel\u00eancia para lan\u00e7ar mais uma especializa\u00e7\u00e3o na \u00e1rea: MBA em Projeto de Edifica\u00e7\u00f5es e Cidades Sustent\u00e1veis.\u00a0 O curso ir\u00e1 atender a necessidade do pa\u00eds em capacitar profissionais aptos a&hellip;","_links":{"self":[{"href":"https:\/\/construcaocivil.siriusmarketingedesign.com.br\/index.php?rest_route=\/wp\/v2\/posts\/3850","targetHints":{"allow":["GET"]}}],"collection":[{"href":"https:\/\/construcaocivil.siriusmarketingedesign.com.br\/index.php?rest_route=\/wp\/v2\/posts"}],"about":[{"href":"https:\/\/construcaocivil.siriusmarketingedesign.com.br\/index.php?rest_route=\/wp\/v2\/types\/post"}],"author":[{"embeddable":true,"href":"https:\/\/construcaocivil.siriusmarketingedesign.com.br\/index.php?rest_route=\/wp\/v2\/users\/1"}],"replies":[{"embeddable":true,"href":"https:\/\/construcaocivil.siriusmarketingedesign.com.br\/index.php?rest_route=%2Fwp%2Fv2%2Fcomments&post=3850"}],"version-history":[{"count":0,"href":"https:\/\/construcaocivil.siriusmarketingedesign.com.br\/index.php?rest_route=\/wp\/v2\/posts\/3850\/revisions"}],"wp:attachment":[{"href":"https:\/\/construcaocivil.siriusmarketingedesign.com.br\/index.php?rest_route=%2Fwp%2Fv2%2Fmedia&parent=3850"}],"wp:term":[{"taxonomy":"category","embeddable":true,"href":"https:\/\/construcaocivil.siriusmarketingedesign.com.br\/index.php?rest_route=%2Fwp%2Fv2%2Fcategories&post=3850"},{"taxonomy":"post_tag","embeddable":true,"href":"https:\/\/construcaocivil.siriusmarketingedesign.com.br\/index.php?rest_route=%2Fwp%2Fv2%2Ftags&post=3850"}],"curies":[{"name":"wp","href":"https:\/\/api.w.org\/{rel}","templated":true}]}}