{"id":3884,"date":"2016-10-25T11:18:05","date_gmt":"2016-10-25T14:18:05","guid":{"rendered":"http:\/\/www.jornaldaconstrucaocivil.com.br\/?p=3884"},"modified":"2016-10-25T11:18:05","modified_gmt":"2016-10-25T14:18:05","slug":"defesa-civil-nacional-fara-vistoria-em-barragens-na-regiao-de-mariana","status":"publish","type":"post","link":"https:\/\/construcaocivil.siriusmarketingedesign.com.br\/?p=3884","title":{"rendered":"Defesa Civil Nacional far\u00e1 vistoria em barragens na regi\u00e3o de Mariana"},"content":{"rendered":"<p style=\"text-align: justify;\"><strong><span style=\"color: #000080;\">Ministro Helder Barbalho discute com a empresa Samarco a\u00e7\u00f5es para per\u00edodo de chuvas<\/span><\/strong><\/p>\n<p style=\"text-align: justify;\"><span style=\"color: #993300;\">Bras\u00edlia, Outubro, 2016<\/span> &#8211;<span style=\"color: #000000;\"> O ministro da Integra\u00e7\u00e3o Nacional, Helder Barbalho, reuniu-se nesta segunda-feira (24) com Maury de Souza Jr, diretor de Projetos da Samarco Minera\u00e7\u00e3o S.A, e Roberto Silva Waack, presidente da Funda\u00e7\u00e3o Renova, institui\u00e7\u00e3o criada para conduzir os projetos de recupera\u00e7\u00e3o das \u00e1reas atingidas pelo rompimento da barragem de rejeitos de Fund\u00e3o, em Minas Gerais. No encontro foram discutidas as a\u00e7\u00f5es j\u00e1 implementadas pela empresa e por suas controladoras (Vale e BHP) para mitigar os danos do acidente, que completa um ano no pr\u00f3ximo m\u00eas de novembro. Tamb\u00e9m foi analisado o plano de a\u00e7\u00e3o para minimizar os efeitos das chuvas previstas para chegar \u00e0 regi\u00e3o j\u00e1 no m\u00eas que vem.<\/span><\/p>\n<p style=\"text-align: justify;\"><span style=\"color: #000000;\">O ministro determinou que uma equipe da Secretaria Nacional de Prote\u00e7\u00e3o e Defesa Civil (Sedec) fa\u00e7a vistoria t\u00e9cnica, j\u00e1 na pr\u00f3xima semana, nos locais atingidos. O objetivo \u00e9 avaliar as medidas nas \u00e1reas de sistemas de alerta e remo\u00e7\u00e3o de pessoas, que est\u00e3o sendo desenvolvidas pela Samarco. A expectativa \u00e9 de que o ministro Helder Barbalho acompanhe in loco os trabalhos realizados na regi\u00e3o, em uma agenda no final de novembro.<\/span><\/p>\n<p style=\"text-align: justify;\"><span style=\"color: #000000;\">A vistoria da equipe da Sedec ser\u00e1 coordenada pelo secret\u00e1rio Nacional de Prote\u00e7\u00e3o e Defesa Civil, Renato Ramlow, acompanhado de equipes t\u00e9cnicas do Centro Nacional de Gerenciamento de Riscos e Desastres (Cenad) e representantes das Defesas Civis dos estados e munic\u00edpios de Minas Gerais e Esp\u00edrito Santo, al\u00e9m de integrantes dos cons\u00f3rcios envolvidos.<\/span><\/p>\n<p style=\"text-align: justify;\"><span style=\"color: #000000;\">No \u00faltimo dia 21 de outubro, a equipe t\u00e9cnica do Cenad enviou of\u00edcios para o governo estadual e sete prefeituras de Minas Gerais para orientar sobre a import\u00e2ncia e solicitar a produ\u00e7\u00e3o do Plano de Conting\u00eancia para cada munic\u00edpio. O objetivo \u00e9 que cada ente se prepare para assegurar a prote\u00e7\u00e3o da popula\u00e7\u00e3o caso ocorra um novo evento. O Cenad preparou um material did\u00e1tico para auxiliar na constru\u00e7\u00e3o dos documentos. Os entes devem elaborar seus planos at\u00e9 final de novembro.<\/span><\/p>\n<p style=\"text-align: justify;\"><span style=\"color: #000000;\">O Minist\u00e9rio da Integra\u00e7\u00e3o Nacional \u00e9 membro do Grupo de Trabalho criado pelo Governo Federal e coordenado pelo Gabinete de Seguran\u00e7a Institucional da Presid\u00eancia da Rep\u00fablica, que re\u00fane frequentemente os \u00f3rg\u00e3os federais e empresas e cons\u00f3rcios envolvidos para sobre procedimentos emergenciais realizados pela Samarco para minimizar os riscos. O grupo acompanha o trabalho realizado pela empresa.<\/span><\/p>\n<p style=\"text-align: justify;\"><span style=\"color: #000080;\">Fonte: ASCOM\/Minist\u00e9rio da Integra\u00e7\u00e3o Nacional<\/span><\/p>\n","protected":false},"excerpt":{"rendered":"<p>Ministro Helder Barbalho discute com a empresa Samarco a\u00e7\u00f5es para per\u00edodo de chuvas Bras\u00edlia, Outubro, 2016 &#8211; O ministro da Integra\u00e7\u00e3o Nacional, Helder Barbalho, reuniu-se nesta segunda-feira (24) com Maury de Souza Jr, diretor de Projetos da Samarco Minera\u00e7\u00e3o S.A, e Roberto Silva Waack, presidente da Funda\u00e7\u00e3o Renova, institui\u00e7\u00e3o criada para conduzir os projetos de [&hellip;]<\/p>\n","protected":false},"author":1,"featured_media":0,"comment_status":"open","ping_status":"open","sticky":false,"template":"","format":"standard","meta":{"_uag_custom_page_level_css":"","footnotes":""},"categories":[27],"tags":[1302,1368,2126,7288,7755,10588,10759,12184],"class_list":["post-3884","post","type-post","status-publish","format-standard","hentry","category-acontece","tag-barragem-do-fundao","tag-bhp","tag-centro-nacional-de-gerenciamento-de-riscos-e-desastres-cenad","tag-mariana-minas-gerais","tag-ministro-helder-barbalho","tag-samarco-mineracao-s-a","tag-secretaria-nacional-de-protecao-e-defesa-civil-sedec","tag-vale"],"blocksy_meta":[],"spectra_blocks_featured_image_url":null,"spectra_blocks_author_info":{"display_name":"Jornal da Constru\u00e7\u00e3o Civil","avatar_url":"https:\/\/secure.gravatar.com\/avatar\/973c9774fd44ddaceb026973c4962faa70fc512bc4c9da68e8ebb40fecee6540?s=96&d=mm&r=g","author_link":"https:\/\/construcaocivil.siriusmarketingedesign.com.br\/?author=1","description":"Desde de 2013, levando muitas informa\u00e7\u00f5es, lan\u00e7amentos e produtos de qualidade para toda cadeia produtiva da constru\u00e7\u00e3o. O Futuro da constru\u00e7\u00e3o passa por aqui,"},"uagb_featured_image_src":{"full":false,"thumbnail":false,"medium":false,"medium_large":false,"large":false,"1536x1536":false,"2048x2048":false},"uagb_author_info":{"display_name":"Jornal da Constru\u00e7\u00e3o Civil","author_link":"https:\/\/construcaocivil.siriusmarketingedesign.com.br\/?author=1"},"uagb_comment_info":0,"uagb_excerpt":"Ministro Helder Barbalho discute com a empresa Samarco a\u00e7\u00f5es para per\u00edodo de chuvas Bras\u00edlia, Outubro, 2016 &#8211; O ministro da Integra\u00e7\u00e3o Nacional, Helder Barbalho, reuniu-se nesta segunda-feira (24) com Maury de Souza Jr, diretor de Projetos da Samarco Minera\u00e7\u00e3o S.A, e Roberto Silva Waack, presidente da Funda\u00e7\u00e3o Renova, institui\u00e7\u00e3o criada para conduzir os projetos de&hellip;","_links":{"self":[{"href":"https:\/\/construcaocivil.siriusmarketingedesign.com.br\/index.php?rest_route=\/wp\/v2\/posts\/3884","targetHints":{"allow":["GET"]}}],"collection":[{"href":"https:\/\/construcaocivil.siriusmarketingedesign.com.br\/index.php?rest_route=\/wp\/v2\/posts"}],"about":[{"href":"https:\/\/construcaocivil.siriusmarketingedesign.com.br\/index.php?rest_route=\/wp\/v2\/types\/post"}],"author":[{"embeddable":true,"href":"https:\/\/construcaocivil.siriusmarketingedesign.com.br\/index.php?rest_route=\/wp\/v2\/users\/1"}],"replies":[{"embeddable":true,"href":"https:\/\/construcaocivil.siriusmarketingedesign.com.br\/index.php?rest_route=%2Fwp%2Fv2%2Fcomments&post=3884"}],"version-history":[{"count":0,"href":"https:\/\/construcaocivil.siriusmarketingedesign.com.br\/index.php?rest_route=\/wp\/v2\/posts\/3884\/revisions"}],"wp:attachment":[{"href":"https:\/\/construcaocivil.siriusmarketingedesign.com.br\/index.php?rest_route=%2Fwp%2Fv2%2Fmedia&parent=3884"}],"wp:term":[{"taxonomy":"category","embeddable":true,"href":"https:\/\/construcaocivil.siriusmarketingedesign.com.br\/index.php?rest_route=%2Fwp%2Fv2%2Fcategories&post=3884"},{"taxonomy":"post_tag","embeddable":true,"href":"https:\/\/construcaocivil.siriusmarketingedesign.com.br\/index.php?rest_route=%2Fwp%2Fv2%2Ftags&post=3884"}],"curies":[{"name":"wp","href":"https:\/\/api.w.org\/{rel}","templated":true}]}}