{"id":3915,"date":"2016-10-26T19:00:54","date_gmt":"2016-10-26T22:00:54","guid":{"rendered":"http:\/\/www.jornaldaconstrucaocivil.com.br\/?p=3915"},"modified":"2016-10-26T19:00:54","modified_gmt":"2016-10-26T22:00:54","slug":"sintraconst-rio-leva-denuncia-sobre-atraso-de-salarios-na-faetec-ao-ministerio-publico","status":"publish","type":"post","link":"https:\/\/construcaocivil.siriusmarketingedesign.com.br\/?p=3915","title":{"rendered":"Sintraconst-Rio leva den\u00fancia sobre atraso de sal\u00e1rios na Faetec  ao Minist\u00e9rio P\u00fablico"},"content":{"rendered":"<p><span style=\"color: #000000;\"><strong>Uma reuni\u00e3o com cerca de 300 empregados da Atrio-Rio Servi\u00e7os Ltda, nesta quinta-feira (20 de outubro), definiu os pr\u00f3ximos passos da luta dos trabalhadores em busca de sal\u00e1rios e benef\u00edcios devidos.<\/strong><\/span><\/p>\n<figure id=\"attachment_3916\" aria-describedby=\"caption-attachment-3916\" style=\"width: 319px\" class=\"wp-caption alignleft\"><a href=\"http:\/\/www.jornaldaconstrucaocivil.com.br\/wp-content\/uploads\/2016\/10\/FAETEC-TRABA.jpg\"><img loading=\"lazy\" decoding=\"async\" class=\"wp-image-3916\" src=\"http:\/\/www.jornaldaconstrucaocivil.com.br\/wp-content\/uploads\/2016\/10\/FAETEC-TRABA.jpg\" alt=\"faetec-traba\" width=\"319\" height=\"211\" \/><\/a><figcaption id=\"caption-attachment-3916\" class=\"wp-caption-text\"><strong><span style=\"color: #0000ff;\">300 trabalhadores pressionam Atrio-Rio por falta de sal\u00e1rios.<\/span><\/strong><span style=\"color: #0000ff;\"> Foto: Sintraconst-Rio.<\/span><\/figcaption><\/figure>\n<p style=\"text-align: justify;\"><span style=\"color: #000000;\">Eles trabalham na Faetec de Quintino, Zona Norte do Rio, e est\u00e3o sem sal\u00e1rios h\u00e1 cinco meses. Os empregados tamb\u00e9m n\u00e3o est\u00e3o recebendo o pr\u00eamio assiduidade, o vale alimenta\u00e7\u00e3o e transporte, e nem mesmo f\u00e9rias.<\/span><\/p>\n<p style=\"text-align: justify;\"><span style=\"color: #000000;\">O encontro do Sintraconst-Rio com os trabalhadores, em frente \u00e0 Faetec, decidiu por encaminhar den\u00fancia ao Minist\u00e9rio P\u00fablico do Trabalho e Minist\u00e9rio do Trabalho. Uma lista de presen\u00e7a foi assinada pelos empregados da Atrio-Rio.<\/span><\/p>\n<p>&nbsp;<\/p>\n<p style=\"text-align: justify;\"><span style=\"color: #000000;\">Na segunda-feira (24 de outubro), Sindicato e trabalhadores fizeram uma manifesta\u00e7\u00e3o em frente \u00e0 unidade da Faetec.<\/span><\/p>\n<figure id=\"attachment_3917\" aria-describedby=\"caption-attachment-3917\" style=\"width: 377px\" class=\"wp-caption alignright\"><a href=\"http:\/\/www.jornaldaconstrucaocivil.com.br\/wp-content\/uploads\/2016\/10\/SIND.jpg\"><img loading=\"lazy\" decoding=\"async\" class=\"wp-image-3917\" src=\"http:\/\/www.jornaldaconstrucaocivil.com.br\/wp-content\/uploads\/2016\/10\/SIND.jpg\" alt=\"sind\" width=\"377\" height=\"249\" \/><\/a><figcaption id=\"caption-attachment-3917\" class=\"wp-caption-text\"><strong><span style=\"color: #000080;\">Trabalhador sem sal\u00e1rios h\u00e1 meses resolveu dormir na porta da FAETEC-Quintino. <\/span><\/strong><span style=\"color: #000080;\">Foto: Sintraconst-Rio<\/span><\/figcaption><\/figure>\n<p style=\"text-align: justify;\"><span style=\"color: #000000;\"><span style=\"color: #993300;\"><em>&#8220;Estamos mobilizados e vamos acompanhar os trabalhadores at\u00e9 o fim, com assist\u00eancia jur\u00eddica inclusive&#8221;<\/em><\/span>, destaca o l\u00edder da equipe 6 do Departamento de Seguran\u00e7a do Trabalho, Jos\u00e9 Carlos da Silva.<\/span><\/p>\n<p style=\"text-align: justify;\"><span style=\"color: #000000;\">Os trabalhadores relataram situa\u00e7\u00f5es muito delicadas em fun\u00e7\u00e3o da falta de sal\u00e1rio. Um deles acabou sem teto.<\/span><\/p>\n<p style=\"text-align: justify;\"><span style=\"color: #000000;\"><em><span style=\"color: #993300;\">&#8220;Meu travesseiro \u00e9 minha mochila, durmo na rua&#8221;<\/span><\/em>, conta um dos empregados da Atrio-Rio.<\/span><\/p>\n<p style=\"text-align: justify;\"><span style=\"color: #000000;\">A empresa diz que a Faetec n\u00e3o repassou o pagamento. A Faetec alega que o governo do estado est\u00e1 em atraso.<\/span><\/p>\n<p style=\"text-align: justify;\"><span style=\"color: #000000;\">&#8220;Quem acaba pagando por esse jogo de empurra, pela crise, s\u00e3o os trabalhadores. E pagando caro, pois \u00e9 a fam\u00edlia que sofre&#8221;, lamenta um dos empregados que estavam na reuni\u00e3o nesta quinta-feira.<\/span><\/p>\n<p style=\"text-align: justify;\"><span style=\"color: #993300;\">Fonte: Sintraconst-Rio<\/span><\/p>\n<p>&nbsp;<\/p>\n","protected":false},"excerpt":{"rendered":"<p>Uma reuni\u00e3o com cerca de 300 empregados da Atrio-Rio Servi\u00e7os Ltda, nesta quinta-feira (20 de outubro), definiu os pr\u00f3ximos passos da luta dos trabalhadores em busca de sal\u00e1rios e benef\u00edcios devidos. Eles trabalham na Faetec de Quintino, Zona Norte do Rio, e est\u00e3o sem sal\u00e1rios h\u00e1 cinco meses. Os empregados tamb\u00e9m n\u00e3o est\u00e3o recebendo o [&hellip;]<\/p>\n","protected":false},"author":1,"featured_media":3917,"comment_status":"open","ping_status":"open","sticky":false,"template":"","format":"standard","meta":{"_uag_custom_page_level_css":"","footnotes":""},"categories":[27],"tags":[2826,3198,4168,4830,5641,7726,10572,11174,11855],"class_list":["post-3915","post","type-post","status-publish","format-standard","has-post-thumbnail","hentry","category-acontece","tag-construcao-civil","tag-crise","tag-empresa","tag-faetec","tag-greve","tag-ministerio-publico","tag-salarios-e-beneficios-devidos","tag-sintraconst-rio","tag-trabalhadores-sem-salarios"],"blocksy_meta":[],"spectra_blocks_featured_image_url":[],"spectra_blocks_author_info":{"display_name":"Jornal da Constru\u00e7\u00e3o Civil","avatar_url":"https:\/\/secure.gravatar.com\/avatar\/973c9774fd44ddaceb026973c4962faa70fc512bc4c9da68e8ebb40fecee6540?s=96&d=mm&r=g","author_link":"https:\/\/construcaocivil.siriusmarketingedesign.com.br\/?author=1","description":"Desde de 2013, levando muitas informa\u00e7\u00f5es, lan\u00e7amentos e produtos de qualidade para toda cadeia produtiva da constru\u00e7\u00e3o. O Futuro da constru\u00e7\u00e3o passa por aqui,"},"uagb_featured_image_src":{"full":false,"thumbnail":false,"medium":false,"medium_large":false,"large":false,"1536x1536":false,"2048x2048":false},"uagb_author_info":{"display_name":"Jornal da Constru\u00e7\u00e3o Civil","author_link":"https:\/\/construcaocivil.siriusmarketingedesign.com.br\/?author=1"},"uagb_comment_info":0,"uagb_excerpt":"Uma reuni\u00e3o com cerca de 300 empregados da Atrio-Rio Servi\u00e7os Ltda, nesta quinta-feira (20 de outubro), definiu os pr\u00f3ximos passos da luta dos trabalhadores em busca de sal\u00e1rios e benef\u00edcios devidos. Eles trabalham na Faetec de Quintino, Zona Norte do Rio, e est\u00e3o sem sal\u00e1rios h\u00e1 cinco meses. Os empregados tamb\u00e9m n\u00e3o est\u00e3o recebendo o&hellip;","_links":{"self":[{"href":"https:\/\/construcaocivil.siriusmarketingedesign.com.br\/index.php?rest_route=\/wp\/v2\/posts\/3915","targetHints":{"allow":["GET"]}}],"collection":[{"href":"https:\/\/construcaocivil.siriusmarketingedesign.com.br\/index.php?rest_route=\/wp\/v2\/posts"}],"about":[{"href":"https:\/\/construcaocivil.siriusmarketingedesign.com.br\/index.php?rest_route=\/wp\/v2\/types\/post"}],"author":[{"embeddable":true,"href":"https:\/\/construcaocivil.siriusmarketingedesign.com.br\/index.php?rest_route=\/wp\/v2\/users\/1"}],"replies":[{"embeddable":true,"href":"https:\/\/construcaocivil.siriusmarketingedesign.com.br\/index.php?rest_route=%2Fwp%2Fv2%2Fcomments&post=3915"}],"version-history":[{"count":0,"href":"https:\/\/construcaocivil.siriusmarketingedesign.com.br\/index.php?rest_route=\/wp\/v2\/posts\/3915\/revisions"}],"wp:attachment":[{"href":"https:\/\/construcaocivil.siriusmarketingedesign.com.br\/index.php?rest_route=%2Fwp%2Fv2%2Fmedia&parent=3915"}],"wp:term":[{"taxonomy":"category","embeddable":true,"href":"https:\/\/construcaocivil.siriusmarketingedesign.com.br\/index.php?rest_route=%2Fwp%2Fv2%2Fcategories&post=3915"},{"taxonomy":"post_tag","embeddable":true,"href":"https:\/\/construcaocivil.siriusmarketingedesign.com.br\/index.php?rest_route=%2Fwp%2Fv2%2Ftags&post=3915"}],"curies":[{"name":"wp","href":"https:\/\/api.w.org\/{rel}","templated":true}]}}