{"id":3932,"date":"2016-10-27T13:53:44","date_gmt":"2016-10-27T16:53:44","guid":{"rendered":"http:\/\/www.jornaldaconstrucaocivil.com.br\/?p=3932"},"modified":"2016-10-27T13:53:44","modified_gmt":"2016-10-27T16:53:44","slug":"recreio-dos-bandeirantes-recebe-agencia-movel-da-light","status":"publish","type":"post","link":"https:\/\/construcaocivil.siriusmarketingedesign.com.br\/?p=3932","title":{"rendered":"Recreio dos Bandeirantes recebe Ag\u00eancia M\u00f3vel da Light"},"content":{"rendered":"<p><span style=\"color: #993300;\">Cidade<\/span><\/p>\n<p><span style=\"color: #000080;\"><strong>Amanh\u00e3 (28\/10) a Ag\u00eancia M\u00f3vel da Light ir\u00e1 prestar servi\u00e7os comerciais aos clientes do Recreio dos Bandeirantes, Zona Oeste do Rio. O atendimento acontece na Rua Esperan\u00e7a, 139, no Pr\u00e9dio da Associa\u00e7\u00e3o, entre 10h e 16h.<\/strong><\/span><\/p>\n<p><span style=\"color: #000000;\">O posto de atendimento m\u00f3vel oferece servi\u00e7os como pedido de liga\u00e7\u00e3o nova, segunda via de conta, an\u00e1lise de contas, vistorias t\u00e9cnicas, parcelamento de d\u00e9bitos, transfer\u00eancia de titularidade, encerramento de contrato, por exemplo. Tamb\u00e9m poder\u00e3o ser solicitados servi\u00e7os de atualiza\u00e7\u00e3o cadastral, altera\u00e7\u00e3o de data de vencimento da conta, entrega da fatura em endere\u00e7o especial, entre outros.<\/span><\/p>\n<p><span style=\"color: #000000;\">Os moradores que possuem o N\u00famero de Identifica\u00e7\u00e3o Social (NIS) poder\u00e3o solicitar o cadastro na Tarifa Social de energia el\u00e9trica, que d\u00e1 descontos de at\u00e9 65% na fatura de energia. As equipes da Ag\u00eancia M\u00f3vel tamb\u00e9m dar\u00e3o dicas de consumo eficiente de energia, orienta\u00e7\u00f5es sobre como denunciar furto de energia e como proceder para regularizar a liga\u00e7\u00e3o junto \u00e0 companhia de energia.<\/span><\/p>\n<p><span style=\"color: #000000;\"><b>Confira abaixo a programa\u00e7\u00e3o:<\/b><\/span><\/p>\n<table width=\"741\">\n<tbody>\n<tr>\n<td width=\"113\"><strong>Data<\/strong><\/td>\n<td width=\"239\"><strong>Bairro<\/strong><\/td>\n<td width=\"390\"><strong>Localiza\u00e7\u00e3o<\/strong><\/td>\n<\/tr>\n<tr>\n<td width=\"113\">&nbsp;<\/p>\n<p><span style=\"color: #ff0000;\">28\/10<\/span><\/td>\n<td width=\"239\">&nbsp;<\/p>\n<p><span style=\"color: #ff0000;\">Recreio dos Bandeirantes (Terreir\u00e3o)<\/span><\/td>\n<td width=\"390\">&nbsp;<\/p>\n<p><span style=\"color: #ff0000;\">Rua Esperan\u00e7a, n\u00ba139, Pr\u00e9dio da Associa\u00e7\u00e3o<\/span><\/p>\n<p>&nbsp;<\/td>\n<\/tr>\n<\/tbody>\n<\/table>\n<p><span style=\"color: #993300;\">*Programa\u00e7\u00e3o sujeita a altera\u00e7\u00f5es.<\/span><\/p>\n","protected":false},"excerpt":{"rendered":"<p>Cidade Amanh\u00e3 (28\/10) a Ag\u00eancia M\u00f3vel da Light ir\u00e1 prestar servi\u00e7os comerciais aos clientes do Recreio dos Bandeirantes, Zona Oeste do Rio. O atendimento acontece na Rua Esperan\u00e7a, 139, no Pr\u00e9dio da Associa\u00e7\u00e3o, entre 10h e 16h. O posto de atendimento m\u00f3vel oferece servi\u00e7os como pedido de liga\u00e7\u00e3o nova, segunda via de conta, an\u00e1lise de [&hellip;]<\/p>\n","protected":false},"author":1,"featured_media":0,"comment_status":"open","ping_status":"open","sticky":false,"template":"","format":"standard","meta":{"_uag_custom_page_level_css":"","footnotes":""},"categories":[27],"tags":[501,1193,4293,4881,6876,10375],"class_list":["post-3932","post","type-post","status-publish","format-standard","hentry","category-acontece","tag-agencia-movel-da-light","tag-bairro-recreio-dos-bandeirantes","tag-energia-eletrica","tag-fatura-com-desconto","tag-light","tag-rio-de-janeiro"],"blocksy_meta":[],"spectra_blocks_featured_image_url":null,"spectra_blocks_author_info":{"display_name":"Jornal da Constru\u00e7\u00e3o Civil","avatar_url":"https:\/\/secure.gravatar.com\/avatar\/973c9774fd44ddaceb026973c4962faa70fc512bc4c9da68e8ebb40fecee6540?s=96&d=mm&r=g","author_link":"https:\/\/construcaocivil.siriusmarketingedesign.com.br\/?author=1","description":"Desde de 2013, levando muitas informa\u00e7\u00f5es, lan\u00e7amentos e produtos de qualidade para toda cadeia produtiva da constru\u00e7\u00e3o. O Futuro da constru\u00e7\u00e3o passa por aqui,"},"uagb_featured_image_src":{"full":false,"thumbnail":false,"medium":false,"medium_large":false,"large":false,"1536x1536":false,"2048x2048":false},"uagb_author_info":{"display_name":"Jornal da Constru\u00e7\u00e3o Civil","author_link":"https:\/\/construcaocivil.siriusmarketingedesign.com.br\/?author=1"},"uagb_comment_info":0,"uagb_excerpt":"Cidade Amanh\u00e3 (28\/10) a Ag\u00eancia M\u00f3vel da Light ir\u00e1 prestar servi\u00e7os comerciais aos clientes do Recreio dos Bandeirantes, Zona Oeste do Rio. O atendimento acontece na Rua Esperan\u00e7a, 139, no Pr\u00e9dio da Associa\u00e7\u00e3o, entre 10h e 16h. O posto de atendimento m\u00f3vel oferece servi\u00e7os como pedido de liga\u00e7\u00e3o nova, segunda via de conta, an\u00e1lise de&hellip;","_links":{"self":[{"href":"https:\/\/construcaocivil.siriusmarketingedesign.com.br\/index.php?rest_route=\/wp\/v2\/posts\/3932","targetHints":{"allow":["GET"]}}],"collection":[{"href":"https:\/\/construcaocivil.siriusmarketingedesign.com.br\/index.php?rest_route=\/wp\/v2\/posts"}],"about":[{"href":"https:\/\/construcaocivil.siriusmarketingedesign.com.br\/index.php?rest_route=\/wp\/v2\/types\/post"}],"author":[{"embeddable":true,"href":"https:\/\/construcaocivil.siriusmarketingedesign.com.br\/index.php?rest_route=\/wp\/v2\/users\/1"}],"replies":[{"embeddable":true,"href":"https:\/\/construcaocivil.siriusmarketingedesign.com.br\/index.php?rest_route=%2Fwp%2Fv2%2Fcomments&post=3932"}],"version-history":[{"count":0,"href":"https:\/\/construcaocivil.siriusmarketingedesign.com.br\/index.php?rest_route=\/wp\/v2\/posts\/3932\/revisions"}],"wp:attachment":[{"href":"https:\/\/construcaocivil.siriusmarketingedesign.com.br\/index.php?rest_route=%2Fwp%2Fv2%2Fmedia&parent=3932"}],"wp:term":[{"taxonomy":"category","embeddable":true,"href":"https:\/\/construcaocivil.siriusmarketingedesign.com.br\/index.php?rest_route=%2Fwp%2Fv2%2Fcategories&post=3932"},{"taxonomy":"post_tag","embeddable":true,"href":"https:\/\/construcaocivil.siriusmarketingedesign.com.br\/index.php?rest_route=%2Fwp%2Fv2%2Ftags&post=3932"}],"curies":[{"name":"wp","href":"https:\/\/api.w.org\/{rel}","templated":true}]}}