{"id":3940,"date":"2016-10-27T14:22:59","date_gmt":"2016-10-27T17:22:59","guid":{"rendered":"http:\/\/www.jornaldaconstrucaocivil.com.br\/?p=3940"},"modified":"2016-10-27T14:22:59","modified_gmt":"2016-10-27T17:22:59","slug":"bndes-apresenta-na-noruega-resultados-dos-investimentos-do-fundo-amazonia-para-reducao-do-desmatamento","status":"publish","type":"post","link":"https:\/\/construcaocivil.siriusmarketingedesign.com.br\/?p=3940","title":{"rendered":"BNDES apresenta na Noruega resultados dos investimentos do Fundo Amaz\u00f4nia para redu\u00e7\u00e3o do desmatamento"},"content":{"rendered":"<p style=\"text-align: justify;\"><span style=\"color: #993300;\">Sustentabilidade\u00a0<\/span><\/p>\n<p style=\"text-align: justify;\"><span style=\"color: #000000;\"><span style=\"color: #ff0000;\">Outubro, 2016 &#8211;<\/span> O Fundo Amaz\u00f4nia realizou nesta quinta-feira, 27\/10, semin\u00e1rio de apresenta\u00e7\u00e3o de projetos apoiados durante sua reuni\u00e3o anual de doadores em Oslo, na Noruega, em que ser\u00e3o apresentados e discutidos os resultados dos investimentos realizados para redu\u00e7\u00e3o do desmatamento e para o uso sustent\u00e1vel da floresta amaz\u00f4nica.<\/span><\/p>\n<p style=\"text-align: justify;\"><span style=\"color: #000000;\">O BNDES, sob coordena\u00e7\u00e3o do Minist\u00e9rio do Meio Ambiente, \u00e9 o gestor do Fundo, que disp\u00f5e atualmente de R$ 2,5 bilh\u00f5es, e atualmente apoia 84 projetos, no valor de R$ 1,3 bilh\u00e3o. Desse total, R$ 143 milh\u00f5es se destinam a 21 projetos com atividades que beneficiam os povos ind\u00edgenas da regi\u00e3o.<\/span><\/p>\n<p style=\"text-align: justify;\"><span style=\"color: #000000;\">O Fundo foi criado em 2008 e conta com recursos de doa\u00e7\u00f5es do governo da Noruega (R$ 2,4 bilh\u00f5es), do banco alem\u00e3o de desenvolvimento KfW (R$ 60,6 milh\u00f5es) e da Petrobras (R$ 14,2 milh\u00f5es).<\/span><\/p>\n<p style=\"text-align: justify;\"><span style=\"color: #000000;\">O Fundo Amaz\u00f4nia \u00e9 um fundo ambiental de REDD+ (Redu\u00e7\u00e3o de Emiss\u00f5es por Desmatamento e Degrada\u00e7\u00e3o Florestal), que apoia projetos de preven\u00e7\u00e3o, monitoramento e combate ao desmatamento e tamb\u00e9m de promo\u00e7\u00e3o da conserva\u00e7\u00e3o e do uso sustent\u00e1vel da regi\u00e3o.<\/span><\/p>\n<p style=\"text-align: justify;\"><span style=\"color: #000000;\"><strong>Programa\u00e7\u00e3o<\/strong>\u00a0\u2013 O encontro come\u00e7ou nesta quarta-feira com a reuni\u00e3o anual de doadores. No segundo dia ser\u00e3o apresentados no semin\u00e1rio, aberto ao p\u00fablico, projetos apoiados com recursos do Fundo.<\/span><\/p>\n<p style=\"text-align: justify;\"><span style=\"color: #000000;\">O semin\u00e1rio contar\u00e1 com apresenta\u00e7\u00f5es do diretor do Museu de Hist\u00f3ria Natural da Noruega, Tone Lindheim, e do ministro do Clima e Meio Ambiente da Noruega, Vidar Helgesen, que falar\u00e3o sobre o tema \u201cFinanciando clima e floresta\u201d. Em seguida a diretora de Infraestrutura e de Sustentabilidade do BNDES, Marilene Ramos, falar\u00e1 sobre \u201cDesenvolvimento e Sustentabilidade\u201d e o secret\u00e1rio de Mudan\u00e7as Clim\u00e1ticas e Qualidade Ambiental do Minist\u00e9rio do Meio Ambiente do Brasil, Everton Lucero, falar\u00e1 sobre a <span style=\"color: #993300;\"><em>\u201cPol\u00edtica Brasileira de Mudan\u00e7as Clim\u00e1ticas\u201d<\/em><\/span>.<\/span><\/p>\n<p style=\"text-align: justify;\"><span style=\"color: #000000;\">A chefe do Departamento de Gest\u00e3o do Fundo Amaz\u00f4nia, Juliana Santiago, far\u00e1 em seguida a apresenta\u00e7\u00e3o \u201cO Fundo Amaz\u00f4nia: combinando conserva\u00e7\u00e3o e desenvolvimento na floresta tropical brasileira\u201d, que mostrar\u00e1 um balan\u00e7o da aplica\u00e7\u00e3o dos recursos do Fundo.<\/span><\/p>\n<p style=\"text-align: justify;\"><span style=\"color: #000000;\"><strong>Resultados<\/strong>\u00a0\u2013 Tr\u00eas projetos apoiados ser\u00e3o apresentados no semin\u00e1rio para demonstra\u00e7\u00e3o de resultados; a Promo\u00e7\u00e3o do Cadastro Ambiental Rural (CAR) no estado do Par\u00e1; a cria\u00e7\u00e3o do Museu da Amaz\u00f4nia (MUSA), no Amazonas; e o projeto de Fortalecimento da Gest\u00e3o Territorial e Ambiental de Terras Ind\u00edgenas na Amaz\u00f4nia beneficiando seis Terras Ind\u00edgenas localizadas no Amap\u00e1 e Par\u00e1, implementado pela The Nature Conservancy do Brasil (TNC).<\/span><\/p>\n<p style=\"text-align: justify;\"><span style=\"color: #000000;\">Dois representantes da etnia ind\u00edgena Waj\u00e3pi, Jawaruwa Wai\u00e3pi e Japu Wai\u00e3pi, que moram na Terra Ind\u00edgena Waj\u00e3pi, localizada entre os munic\u00edpios de Pedra Branca do Amapari e Laranjal do Jari, no Amap\u00e1, participar\u00e3o do semin\u00e1rio para falar pessoalmente sobre os resultados do projeto. Os ind\u00edgenas est\u00e3o sendo capacitados pela TNC como Agentes Socioambientais no Programa de Gest\u00e3o Socioambiental da Terra Ind\u00edgena Waj\u00e3pi.<\/span><\/p>\n<p style=\"text-align: justify;\"><span style=\"color: #000000;\">Ap\u00f3s a apresenta\u00e7\u00e3o dos projetos, Beto Ver\u00edssimo, co-fundador do Imazon, instituto de pesquisa especializado em desenvolvimento sustent\u00e1vel, falar\u00e1 sobre os desafios e oportunidades para a floresta tropical brasileira. O semin\u00e1rio ser\u00e1 encerrado com palestras da diretora de Pol\u00edticas para o Combate ao Desmatamento do Minist\u00e9rio do Meio Ambiente do Brasil, Thelma Krug, que falar\u00e1 sobre os caminhos para reduzir ainda mais o desmatamento na Amaz\u00f4nia, e de Per Fredrik Pharo, diretor da Norway\u2019s International Climate and Forest Initiative (NICFI), iniciativa do Governo Noruegu\u00eas que prov\u00ea expressivo apoio a redu\u00e7\u00e3o ao desmatamento no mundo.<\/span><\/p>\n<p style=\"text-align: justify;\"><span style=\"color: #000000;\"><strong>Carteira de projetos<\/strong>\u00a0\u2013 Atualmente o Fundo Amaz\u00f4nia possui uma carteira de 84 projetos, no valor de R$ 1,3 bilh\u00e3o. Podem ser apoiados projetos nas \u00e1reas de gest\u00e3o de florestas p\u00fablicas e \u00e1reas protegidas; controle, monitoramento e fiscaliza\u00e7\u00e3o ambiental; manejo florestal sustent\u00e1vel; atividades econ\u00f4micas desenvolvidas a partir do uso sustent\u00e1vel da vegeta\u00e7\u00e3o; zoneamento ecol\u00f3gico e econ\u00f4mico, ordenamento territorial e regulariza\u00e7\u00e3o fundi\u00e1ria; conserva\u00e7\u00e3o e uso sustent\u00e1vel da biodiversidade; e recupera\u00e7\u00e3o de \u00e1reas desmatadas.<\/span><\/p>\n<p style=\"text-align: justify;\"><span style=\"color: #000000;\"><strong>Apoio \u00e0 fiscaliza\u00e7\u00e3o<\/strong>\u00a0\u2013 Uma das linhas principais de atua\u00e7\u00e3o do Fundo Amaz\u00f4nia \u00e9 apoiar projetos estruturantes, ou seja, que promovam um real aumento nas capacidades de enfrentamento do desmatamento, fortalecendo as institui\u00e7\u00f5es e pol\u00edticas p\u00fablicas no cumprimento de fun\u00e7\u00f5es importantes da governan\u00e7a ambiental na regi\u00e3o. V\u00e1rios desses projetos s\u00e3o executados por institui\u00e7\u00f5es na esfera do governo federal.<\/span><\/p>\n<p style=\"text-align: justify;\"><span style=\"color: #000000;\">O Instituto Brasileiro do Meio Ambiente e dos Recursos Naturais Renov\u00e1veis (IBAMA), teve aprovado recentemente projeto no valor R$ 56 milh\u00f5es, para apoio a atividades de fiscaliza\u00e7\u00e3o ambiental e controle do desmatamento na Amaz\u00f4nia Legal nos pr\u00f3ximos 15 meses. O Ibama \u00e9 agente central e com maior atua\u00e7\u00e3o no combate ao desmatamento no pa\u00eds, especialmente no que se refere a seus mecanismos de coer\u00e7\u00e3o e fiscaliza\u00e7\u00e3o.<\/span><\/p>\n<p style=\"text-align: justify;\"><span style=\"color: #000000;\">Outro exemplo \u00e9 o Instituto Nacional de Pesquisas Espaciais (INPE) que tem projeto aprovado pelo Fundo Amaz\u00f4nia de R$ 67 milh\u00f5es para a amplia\u00e7\u00e3o e o aprimoramento do monitoramento ambiental por sat\u00e9lites e o desenvolvimento de estudos sobre usos e cobertura da terra, na regi\u00e3o Amaz\u00f4nia.<\/span><\/p>\n<p style=\"text-align: justify;\"><span style=\"color: #000000;\">O Centro Gestor e Operacional do Sistema de Prote\u00e7\u00e3o da Amaz\u00f4nia (CENSIPAM), do Minist\u00e9rio da Defesa, no valor de R$ 64 milh\u00f5es. O objetivo principal \u00e9 implantar um sistema de detec\u00e7\u00e3o de desmatamento na Amaz\u00f4nia com uso de imagens de radar orbital, que permite captar imagens de sat\u00e9lite dia e noite, e atrav\u00e9s de obst\u00e1culos como nuvens.<\/span><\/p>\n<p style=\"text-align: justify;\"><span style=\"color: #000000;\">Para a fiscaliza\u00e7\u00e3o, o projeto da For\u00e7a Nacional, do Minist\u00e9rio da Justi\u00e7a, no valor de R$ 30 milh\u00f5es, visa apoiar sua Companhia de Opera\u00e7\u00f5es Ambientais por meio da estrutura\u00e7\u00e3o f\u00edsica e operacional de fiscaliza\u00e7\u00e3o ambiental no bioma Amaz\u00f4nia.<\/span><\/p>\n<p style=\"text-align: justify;\"><span style=\"color: #000000;\"><strong>Novas doa\u00e7\u00f5es<\/strong>\u00a0\u2013 O Fundo Amaz\u00f4nia dever\u00e1 receber novos aportes, j\u00e1 anunciados. A Noruega, maior doador do Fundo, dever\u00e1 ampliar seu aporte em \u00a0US$ 600 milh\u00f5es, enquanto o governo da Alemanha, por meio do KfW, sinalizou com nova doa\u00e7\u00e3o no valor de \u20ac 100 milh\u00f5es. Em decorr\u00eancia desses novos compromissos, tamb\u00e9m est\u00e1 em negocia\u00e7\u00e3o a extens\u00e3o do prazo para utiliza\u00e7\u00e3o dos recursos atuais do Fundo Amaz\u00f4nia para 2020.<\/span><\/p>\n<p style=\"text-align: justify;\"><span style=\"color: #000000;\"><span style=\"font-family: Arial; font-size: medium;\"><b>Mais informa\u00e7\u00f5es<\/b>: <\/span><strong><span style=\"color: #0000ff;\"><a style=\"color: #0000ff;\"><span style=\"font-family: Arial; font-size: medium;\">www.fundoamazonia.gov.br<\/span><\/a><\/span><\/strong><\/span><\/p>\n<p>&nbsp;<\/p>\n","protected":false},"excerpt":{"rendered":"<p>Sustentabilidade\u00a0 Outubro, 2016 &#8211; O Fundo Amaz\u00f4nia realizou nesta quinta-feira, 27\/10, semin\u00e1rio de apresenta\u00e7\u00e3o de projetos apoiados durante sua reuni\u00e3o anual de doadores em Oslo, na Noruega, em que ser\u00e3o apresentados e discutidos os resultados dos investimentos realizados para redu\u00e7\u00e3o do desmatamento e para o uso sustent\u00e1vel da floresta amaz\u00f4nica. O BNDES, sob coordena\u00e7\u00e3o do [&hellip;]<\/p>\n","protected":false},"author":1,"featured_media":0,"comment_status":"open","ping_status":"open","sticky":false,"template":"","format":"standard","meta":{"_uag_custom_page_level_css":"","footnotes":""},"categories":[37],"tags":[1464,4669,5282,5453,5915,6469,6485,8025,9608,9791],"class_list":["post-3940","post","type-post","status-publish","format-standard","hentry","category-sustentabilidade","tag-bndes","tag-etnia-indigena-wajapi","tag-fundo-amazonia","tag-gestao-de-florestas","tag-imazon","tag-japu-waiapi","tag-jawaruwa-waiapi","tag-museu-de-historia-natural-da-noruega","tag-programa-de-gestao-socioambiental-da-terra-indigena-wajapi","tag-promocao-do-cadastro-ambiental-rural-car"],"blocksy_meta":[],"spectra_blocks_featured_image_url":null,"spectra_blocks_author_info":{"display_name":"Jornal da Constru\u00e7\u00e3o Civil","avatar_url":"https:\/\/secure.gravatar.com\/avatar\/973c9774fd44ddaceb026973c4962faa70fc512bc4c9da68e8ebb40fecee6540?s=96&d=mm&r=g","author_link":"https:\/\/construcaocivil.siriusmarketingedesign.com.br\/?author=1","description":"Desde de 2013, levando muitas informa\u00e7\u00f5es, lan\u00e7amentos e produtos de qualidade para toda cadeia produtiva da constru\u00e7\u00e3o. O Futuro da constru\u00e7\u00e3o passa por aqui,"},"uagb_featured_image_src":{"full":false,"thumbnail":false,"medium":false,"medium_large":false,"large":false,"1536x1536":false,"2048x2048":false},"uagb_author_info":{"display_name":"Jornal da Constru\u00e7\u00e3o Civil","author_link":"https:\/\/construcaocivil.siriusmarketingedesign.com.br\/?author=1"},"uagb_comment_info":0,"uagb_excerpt":"Sustentabilidade\u00a0 Outubro, 2016 &#8211; O Fundo Amaz\u00f4nia realizou nesta quinta-feira, 27\/10, semin\u00e1rio de apresenta\u00e7\u00e3o de projetos apoiados durante sua reuni\u00e3o anual de doadores em Oslo, na Noruega, em que ser\u00e3o apresentados e discutidos os resultados dos investimentos realizados para redu\u00e7\u00e3o do desmatamento e para o uso sustent\u00e1vel da floresta amaz\u00f4nica. O BNDES, sob coordena\u00e7\u00e3o do&hellip;","_links":{"self":[{"href":"https:\/\/construcaocivil.siriusmarketingedesign.com.br\/index.php?rest_route=\/wp\/v2\/posts\/3940","targetHints":{"allow":["GET"]}}],"collection":[{"href":"https:\/\/construcaocivil.siriusmarketingedesign.com.br\/index.php?rest_route=\/wp\/v2\/posts"}],"about":[{"href":"https:\/\/construcaocivil.siriusmarketingedesign.com.br\/index.php?rest_route=\/wp\/v2\/types\/post"}],"author":[{"embeddable":true,"href":"https:\/\/construcaocivil.siriusmarketingedesign.com.br\/index.php?rest_route=\/wp\/v2\/users\/1"}],"replies":[{"embeddable":true,"href":"https:\/\/construcaocivil.siriusmarketingedesign.com.br\/index.php?rest_route=%2Fwp%2Fv2%2Fcomments&post=3940"}],"version-history":[{"count":0,"href":"https:\/\/construcaocivil.siriusmarketingedesign.com.br\/index.php?rest_route=\/wp\/v2\/posts\/3940\/revisions"}],"wp:attachment":[{"href":"https:\/\/construcaocivil.siriusmarketingedesign.com.br\/index.php?rest_route=%2Fwp%2Fv2%2Fmedia&parent=3940"}],"wp:term":[{"taxonomy":"category","embeddable":true,"href":"https:\/\/construcaocivil.siriusmarketingedesign.com.br\/index.php?rest_route=%2Fwp%2Fv2%2Fcategories&post=3940"},{"taxonomy":"post_tag","embeddable":true,"href":"https:\/\/construcaocivil.siriusmarketingedesign.com.br\/index.php?rest_route=%2Fwp%2Fv2%2Ftags&post=3940"}],"curies":[{"name":"wp","href":"https:\/\/api.w.org\/{rel}","templated":true}]}}