{"id":3958,"date":"2016-10-28T18:31:42","date_gmt":"2016-10-28T21:31:42","guid":{"rendered":"http:\/\/www.jornaldaconstrucaocivil.com.br\/?p=3958"},"modified":"2016-10-28T18:31:42","modified_gmt":"2016-10-28T21:31:42","slug":"conheca-os-engenheiros-vencedores-do-premio-talento-engenharia-estrutural-2016","status":"publish","type":"post","link":"https:\/\/construcaocivil.siriusmarketingedesign.com.br\/?p=3958","title":{"rendered":"Conhe\u00e7a os engenheiros vencedores do Pr\u00eamio Talento Engenharia Estrutural 2016"},"content":{"rendered":"<p style=\"text-align: justify;\"><span style=\"color: #000080;\"><strong>Ganhadores foram selecionados por comiss\u00e3o julgadora formada por membros da Gerdau e ABECE<\/strong><\/span><\/p>\n<figure id=\"attachment_3959\" aria-describedby=\"caption-attachment-3959\" style=\"width: 407px\" class=\"wp-caption alignleft\"><a href=\"http:\/\/www.jornaldaconstrucaocivil.com.br\/wp-content\/uploads\/2016\/10\/CEG_6300-MULHER.jpg\"><img loading=\"lazy\" decoding=\"async\" class=\"wp-image-3959\" src=\"http:\/\/www.jornaldaconstrucaocivil.com.br\/wp-content\/uploads\/2016\/10\/CEG_6300-MULHER-1024x681.jpg\" alt=\"ceg_6300-mulher\" width=\"407\" height=\"271\" \/><\/a><figcaption id=\"caption-attachment-3959\" class=\"wp-caption-text\"><strong><span style=\"color: #0000ff;\">Na categoria Constru\u00e7\u00e3o Industrializada, o ganhador foi Tamara Carvalho Freire, respons\u00e1vel pelo Edif\u00edcio Garagem T2 da expans\u00e3o do Aeroporto Gale\u00e3o.<\/span><\/strong><span style=\"color: #0000ff;\"> Foto: Divulga\u00e7\u00e3o<\/span><\/figcaption><\/figure>\n<p style=\"text-align: justify;\"><span style=\"color: #000000;\"><span style=\"color: #993300;\">S\u00e3o Paulo, Outubro de 2016<\/span> &#8211; A Gerdau, em parceria com a ABECE &#8211; Associa\u00e7\u00e3o Brasileira de Engenharia e Consultoria Estrutural, anuncia os vencedores da 14\u00aa edi\u00e7\u00e3o do Pr\u00eamio Talento Engenharia Estrutural, considerada a maior premia\u00e7\u00e3o do segmento no Brasil. A iniciativa reconhece o trabalho de projetistas estruturais que contribu\u00edram para o desenvolvimento do setor nas categorias Infraestrutura, Edifica\u00e7\u00f5es, Pequeno Porte, Obras Especiais e Constru\u00e7\u00e3o Industrializada. Neste ano, mais de 100 projetos foram inscritos para o pr\u00eamio.<\/span><\/p>\n<p style=\"text-align: justify;\"><span style=\"color: #000000;\">A escolha dos vencedores foi feita por uma comiss\u00e3o de profissionais formada por membros da Gerdau e da ABECE. Entre os aspectos avaliados est\u00e3o o uso adequado de materiais, a economia de produtos, a concep\u00e7\u00e3o estrutural, a implanta\u00e7\u00e3o harm\u00f4nica em rela\u00e7\u00e3o ao ambiente, os processos construtivos, a originalidade, a beleza e a criatividade. Al\u00e9m dos vencedores de cada categoria, as obras escolhidas como Destaque do J\u00fari e o projeto destaque no quesito Sustentabilidade recebem men\u00e7\u00f5es honrosas, assim como a escolhida pelo p\u00fablico na vota\u00e7\u00e3o online.<\/span><\/p>\n<p style=\"text-align: justify;\"><span style=\"color: #000000;\">Na categoria Infraestrutura, o vencedor foi Luciano Afonso Borges, com os projetos das Pontes Itapai\u00fana e Laguna, em S\u00e3o Paulo. Em Edifica\u00e7\u00f5es, Jos\u00e9 Augusto de Avila conquistou a premia\u00e7\u00e3o com o Hotel Bar\u00e3o de Tef\u00e9, no Rio de Janeiro. Entre os projetos de Pequeno Porte, o primeiro lugar foi para Igor Techeira de Oliveira, com a Resid\u00eancia Daniela Berqu\u00f3, em Goi\u00e2nia (GO). Na categoria Obras Especiais, o pr\u00eamio ficou com Ant\u00f4nio Jos\u00e9 Gon\u00e7alves Monteiro, respons\u00e1vel pelo Centro Ol\u00edmpico de T\u00eanis, no Rio de Janeiro (RJ). Em Constru\u00e7\u00e3o Industrializada, o ganhador foi Tamara Carvalho Freire, respons\u00e1vel pelo Edif\u00edcio Garagem T2 da expans\u00e3o do Aeroporto Gale\u00e3o. J\u00e1 a men\u00e7\u00e3o honrosa em Sustentabilidade foi para Leonardo Patricio Chaves, com reservat\u00f3rios das Pra\u00e7as Niter\u00f3i e Varnhagen, no Rio de Janeiro (RJ), e Carlos Alberto Szucs, respons\u00e1vel pela Resid\u00eancia Jo\u00e1, tamb\u00e9m localizada no Rio de Janeiro (RJ).\u00a0 O Destaque do J\u00fari ficou para Bruna Vidal Brocchi, com o Vel\u00f3dromo Ol\u00edmpico, no Rio de Janeiro (RJ).\u00a0 Por fim, na vota\u00e7\u00e3o aberta ao p\u00fablico no site do pr\u00eamio, o vencedor foi T\u00e1rsis Rafael Silva Travassos Oliveira com a obra do Hotel SPaventura Ecolodge, em Ibi\u00fana (SP).<\/span><\/p>\n<p><span style=\"color: #000000;\">Ao longo de sua hist\u00f3ria, o Pr\u00eamio Talento Engenharia Estrutural acumula mais de 1,3 mil projetos inscritos e cerca de 40 premiados.<\/span><\/p>\n<p><strong><span style=\"color: #800000;\">Conhe\u00e7a a lista completa dos vencedores:<\/span><\/strong><\/p>\n<p><span style=\"color: #0000ff;\"><strong>CATEGORIA INFRAESTRUTURA<\/strong><\/span><\/p>\n<p><span style=\"color: #000000;\">Vencedor: Luciano Afonso Borges &#8211; Pontes Itapai\u00fana e Laguna (S\u00e3o Paulo\/SP)<\/span><\/p>\n<p><span style=\"color: #000000;\">Men\u00e7\u00e3o honrosa: Augusto C\u00e9sar Guimar\u00e3es Freire &#8211; Tecon (Itagua\u00ed\/RJ)<\/span><\/p>\n<p><span style=\"color: #0000ff;\"><strong>CATEGORIA EDIFICA\u00c7\u00d5ES<\/strong><\/span><\/p>\n<p><span style=\"color: #000000;\">Vencedor: Jos\u00e9 Augusto de Avila \u2013 Hotel Bar\u00e3o de Tef\u00e9 (Rio de Janeiro\/RJ)<\/span><\/p>\n<p><span style=\"color: #000000;\">Men\u00e7\u00e3o honrosa: Virg\u00edlio Augusto Ramos &#8211; Edif\u00edcio Vista Faria Lima (S\u00e3o Paulo\/SP)<\/span><\/p>\n<p><span style=\"color: #0000ff;\"><strong>CATEGORIA PEQUENO PORTE<\/strong><\/span><\/p>\n<p><span style=\"color: #000000;\">Vencedor: Igor Techeira de Oliveira &#8211; Resid\u00eancia Daniela Berqu\u00f3 (Goi\u00e2nia\/GO)<\/span><\/p>\n<p><span style=\"color: #000000;\">Men\u00e7\u00e3o honrosa: Gilberto Mascarenhas Barbosa do Vale &#8211; Casa das Crian\u00e7as na Quinta do Lago (Petr\u00f3polis\/RJ)<\/span><\/p>\n<p><span style=\"color: #0000ff;\"><strong>\u00a0CATEGORIA OBRAS ESPECIAIS<\/strong><\/span><\/p>\n<p><span style=\"color: #000000;\">Vencedor: Ant\u00f4nio Jos\u00e9 Gon\u00e7alves Monteiro &#8211; Centro Ol\u00edmpico de T\u00eanis (Rio de Janeiro\/RJ)<\/span><\/p>\n<p><span style=\"color: #000000;\">Men\u00e7\u00e3o honrosa: Marcelo Correia Alcantara Silveira &#8211; Torre E\u00f3lica de Concreto (S\u00e3o Gon\u00e7alo Amarante\/CE) \u00a0<\/span><\/p>\n<p><span style=\"color: #0000ff;\"><strong>CATEGORIA CONSTRU\u00c7\u00c3O INDUSTRIALIZADA<\/strong><\/span><\/p>\n<p><span style=\"color: #000000;\">Vencedor: Tamara Carvalho Freire &#8211; Rio de Janeiro &#8211; Edif\u00edcio Garagem T2 &#8211; Aeroporto Gal\u00e3o Expans\u00e3o<\/span><\/p>\n<p><span style=\"color: #000000;\">Men\u00e7\u00e3o Honrosa: Alisson Ramos Madeira &#8211; Uberaba &#8211; MG\u00a0 &#8211; Terminal Integrador<\/span><\/p>\n<p><strong><span style=\"color: #0000ff;\">MEN\u00c7\u00c3O HONROSA \u2013 SUSTENTABILIDADE<\/span><\/strong><\/p>\n<p><span style=\"color: #000000;\">Leonardo Patricio Chaves &#8211; Reservat\u00f3rios &#8211; Pra\u00e7as Niter\u00f3i e Varnhagen (Rio de Janeiro\/RJ)<\/span><\/p>\n<p><span style=\"color: #000000;\">Carlos Alberto Szucs &#8211; Resid\u00eancia Jo\u00e1 (Rio de Janeiro\/RJ) \u00a0 <\/span><\/p>\n<p><strong><span style=\"color: #0000ff;\">DESTAQUE DO J\u00daRI<\/span><\/strong><\/p>\n<p><span style=\"color: #000000;\">Bruna Vidal Brocchi &#8211; Vel\u00f3dromo Ol\u00edmpico (Rio de Janeiro\/RJ)<\/span><\/p>\n<p><span style=\"color: #000000;\">\u00a0<span style=\"color: #0000ff;\"><strong>VOTA\u00c7\u00c3O ONLINE<\/strong><\/span><\/span><\/p>\n<p><span style=\"color: #000000;\">T\u00e1rsis Rafael Silva Travassos Oliveira \u2013 Hotel SPaventura Ecolodge (Ibi\u00fana\/SP)<\/span><\/p>\n<p>&nbsp;<\/p>\n<p><span style=\"color: #000000;\"><b>Sobre a ABECE\u00a0<\/b><\/span><\/p>\n<p style=\"text-align: justify;\"><span style=\"color: #000000;\">A ABECE (Associa\u00e7\u00e3o Brasileira de Engenharia e Consultoria Estrutural) \u00e9 a entidade de classe que re\u00fane e representa o setor no Pa\u00eds, defendendo seus interesses perante a categoria, os poderes constitu\u00eddos e a sociedade. Fundada em 17 de outubro de 1994, conta atualmente com filiados em diversos Estados, congregando profissionais que movimentam mais de 80% das transa\u00e7\u00f5es comerciais, em valor financeiro, relacionados ao ramo de Engenharia e Consultoria Estrutural.<\/span><\/p>\n<p><span style=\"color: #000000;\">Mais informa\u00e7\u00f5es podem ser obtidas no site<\/span><strong><span style=\"color: #0000ff;\"> www.abece.com.br<\/span><\/strong><\/p>\n<p>&nbsp;<\/p>\n<p>&nbsp;<\/p>\n<p>&nbsp;<\/p>\n","protected":false},"excerpt":{"rendered":"<p>Ganhadores foram selecionados por comiss\u00e3o julgadora formada por membros da Gerdau e ABECE S\u00e3o Paulo, Outubro de 2016 &#8211; A Gerdau, em parceria com a ABECE &#8211; Associa\u00e7\u00e3o Brasileira de Engenharia e Consultoria Estrutural, anuncia os vencedores da 14\u00aa edi\u00e7\u00e3o do Pr\u00eamio Talento Engenharia Estrutural, considerada a maior premia\u00e7\u00e3o do segmento no Brasil. A iniciativa [&hellip;]<\/p>\n","protected":false},"author":1,"featured_media":3959,"comment_status":"open","ping_status":"open","sticky":false,"template":"","format":"standard","meta":{"_uag_custom_page_level_css":"","footnotes":""},"categories":[27],"tags":[1000,2892,3919,5418,6096,8380,8798,9347,11470,12245],"class_list":["post-3958","post","type-post","status-publish","format-standard","has-post-thumbnail","hentry","category-acontece","tag-associacao-brasileira-de-engenharia-e-consultoria-estruturalabece","tag-construcao-industrializada","tag-edificacoes","tag-gerdau","tag-infraestrutura","tag-obras-especiais","tag-pequeno-porte","tag-premio-talento-engenharia-estrutural-2016","tag-sustentabilidade","tag-velodromo-olimpico-rio-de-janeirorj"],"blocksy_meta":[],"spectra_blocks_featured_image_url":[],"spectra_blocks_author_info":{"display_name":"Jornal da Constru\u00e7\u00e3o Civil","avatar_url":"https:\/\/secure.gravatar.com\/avatar\/973c9774fd44ddaceb026973c4962faa70fc512bc4c9da68e8ebb40fecee6540?s=96&d=mm&r=g","author_link":"https:\/\/construcaocivil.siriusmarketingedesign.com.br\/?author=1","description":"Desde de 2013, levando muitas informa\u00e7\u00f5es, lan\u00e7amentos e produtos de qualidade para toda cadeia produtiva da constru\u00e7\u00e3o. O Futuro da constru\u00e7\u00e3o passa por aqui,"},"uagb_featured_image_src":{"full":false,"thumbnail":false,"medium":false,"medium_large":false,"large":false,"1536x1536":false,"2048x2048":false},"uagb_author_info":{"display_name":"Jornal da Constru\u00e7\u00e3o Civil","author_link":"https:\/\/construcaocivil.siriusmarketingedesign.com.br\/?author=1"},"uagb_comment_info":0,"uagb_excerpt":"Ganhadores foram selecionados por comiss\u00e3o julgadora formada por membros da Gerdau e ABECE S\u00e3o Paulo, Outubro de 2016 &#8211; A Gerdau, em parceria com a ABECE &#8211; Associa\u00e7\u00e3o Brasileira de Engenharia e Consultoria Estrutural, anuncia os vencedores da 14\u00aa edi\u00e7\u00e3o do Pr\u00eamio Talento Engenharia Estrutural, considerada a maior premia\u00e7\u00e3o do segmento no Brasil. A iniciativa&hellip;","_links":{"self":[{"href":"https:\/\/construcaocivil.siriusmarketingedesign.com.br\/index.php?rest_route=\/wp\/v2\/posts\/3958","targetHints":{"allow":["GET"]}}],"collection":[{"href":"https:\/\/construcaocivil.siriusmarketingedesign.com.br\/index.php?rest_route=\/wp\/v2\/posts"}],"about":[{"href":"https:\/\/construcaocivil.siriusmarketingedesign.com.br\/index.php?rest_route=\/wp\/v2\/types\/post"}],"author":[{"embeddable":true,"href":"https:\/\/construcaocivil.siriusmarketingedesign.com.br\/index.php?rest_route=\/wp\/v2\/users\/1"}],"replies":[{"embeddable":true,"href":"https:\/\/construcaocivil.siriusmarketingedesign.com.br\/index.php?rest_route=%2Fwp%2Fv2%2Fcomments&post=3958"}],"version-history":[{"count":0,"href":"https:\/\/construcaocivil.siriusmarketingedesign.com.br\/index.php?rest_route=\/wp\/v2\/posts\/3958\/revisions"}],"wp:attachment":[{"href":"https:\/\/construcaocivil.siriusmarketingedesign.com.br\/index.php?rest_route=%2Fwp%2Fv2%2Fmedia&parent=3958"}],"wp:term":[{"taxonomy":"category","embeddable":true,"href":"https:\/\/construcaocivil.siriusmarketingedesign.com.br\/index.php?rest_route=%2Fwp%2Fv2%2Fcategories&post=3958"},{"taxonomy":"post_tag","embeddable":true,"href":"https:\/\/construcaocivil.siriusmarketingedesign.com.br\/index.php?rest_route=%2Fwp%2Fv2%2Ftags&post=3958"}],"curies":[{"name":"wp","href":"https:\/\/api.w.org\/{rel}","templated":true}]}}