{"id":3979,"date":"2016-10-31T14:16:24","date_gmt":"2016-10-31T17:16:24","guid":{"rendered":"http:\/\/www.jornaldaconstrucaocivil.com.br\/?p=3979"},"modified":"2016-10-31T14:16:24","modified_gmt":"2016-10-31T17:16:24","slug":"evento-em-florianopolis-reunira-maiores-especialistas-na-area-socioambiental","status":"publish","type":"post","link":"https:\/\/construcaocivil.siriusmarketingedesign.com.br\/?p=3979","title":{"rendered":"Evento em Florian\u00f3polis reunir\u00e1 maiores especialistas na \u00e1rea socioambiental"},"content":{"rendered":"<p><strong><span style=\"color: #000080;\">Planeta.Doc Confer\u00eancias acontecer\u00e1 nos dias 3 e 4 de novembro na UFSC<\/span><\/strong><\/p>\n<p><a href=\"http:\/\/www.jornaldaconstrucaocivil.com.br\/wp-content\/uploads\/2016\/10\/Convite-0311-OK-1.jpg\"><img loading=\"lazy\" decoding=\"async\" class=\"wp-image-3981 alignleft\" src=\"http:\/\/www.jornaldaconstrucaocivil.com.br\/wp-content\/uploads\/2016\/10\/Convite-0311-OK-1.jpg\" alt=\"convite-0311-ok\" width=\"335\" height=\"352\" \/><\/a><\/p>\n<p style=\"text-align: justify;\"><span style=\"color: #993300;\">Outubro, 30\/2016 &#8211;<\/span><span style=\"color: #000000;\"> Renomados cientistas, cineastas e especialistas na \u00e1rea socioambiental estar\u00e3o em Florian\u00f3polis nos dias 3 e 4 de novembro para o Planeta.Doc Confer\u00eancias. O evento reunir\u00e1 na capital catarinense algumas das principais autoridades nacionais e internacionais no segmento. Os encontros acontecer\u00e3o no Audit\u00f3rio Garapuvu da Universidade Federal de Santa Catarina, entre 19h e 22h. <\/span><\/p>\n<p style=\"text-align: justify;\"><span style=\"color: #000000;\">A entrada \u00e9 gratuita e as inscri\u00e7\u00f5es podem ser feitas pelo link:<\/span><strong>\u00a0<span style=\"color: #0000ff;\">http:\/\/www.planetadoc.com\/conferencias.php.<\/span><\/strong><\/p>\n<p style=\"text-align: justify;\"><span style=\"color: #000000;\">Durante dois dias os convidados debater\u00e3o alguns dos principais dilemas da sustentabilidade na atualidade.<\/span><span style=\"color: #000080;\"><em> \u201cO evento servir\u00e1 de palco para a apresenta\u00e7\u00e3o das ideias desses importantes pensadores da Terra, tanto da \u00e1rea acad\u00eamica quanto art\u00edstica. Por meio dos debates presenciais com autoridades na tem\u00e1tica socioambiental, pretendemos contribuir para esse movimento vital de transforma\u00e7\u00e3o dos indiv\u00edduos e da sociedade\u201d<\/em><\/span>,<span style=\"color: #000000;\"> explica M\u00f4nica Linhares, diretora do Festival. O Planeta.Doc Confer\u00eancias integra a programa\u00e7\u00e3o do Festival Internacional de Cinema Socioambiental, principal evento do g\u00eanero no sul do pa\u00eds, que come\u00e7ou no \u00faltimo dia 24 e se estender\u00e1 at\u00e9 13 de novembro em Santa Catarina.<\/span><\/p>\n<p style=\"text-align: justify;\"><span style=\"color: #000000;\">As confer\u00eancias abrem no dia 3 de novembro com as palestras de <strong>Carlos Porto-Gon\u00e7alves<\/strong>, doutor em geografia e vencedor do pr\u00eamio Chico Mendes em Ci\u00eancia e Tecnologia; <strong>Dener Giovanini<\/strong>, escritor, jornalista, fundador da Rede Nacional de Combate aos Animais Silvestres &#8211; recebeu das Na\u00e7\u00f5es Unidas a mais importante condecora\u00e7\u00e3o ambiental do mundo: o UNEP-SASSAKWA;<strong> Camila Moreno<\/strong>, pesquisadora na \u00e1rea de m\u00e9tricas de carbono e clima, que nos \u00faltimos 15 anos trabalhou com diversas ONGs e redes no Brasil e na Am\u00e9rica Latina sobre temas de meio ambiente e desenvolvimento,\u00a0 e <strong>Ricardo Cardim<\/strong>, mestre em Bot\u00e2nica pela USP e criador da t\u00e9cnica para resgate dos biomas nativos em \u00e1reas urbanas com a participa\u00e7\u00e3o da comunidade.<\/span><\/p>\n<p style=\"text-align: justify;\"><span style=\"color: #000000;\">No dia 4 a programa\u00e7\u00e3o prossegue com as palestras de <strong>Enrique Leff<\/strong>, soci\u00f3logo ambientalista mexicano considerado um dos maiores intelectuais latino-americanos no \u00e2mbito da problem\u00e1tica ambiental, com mais de 20 livros publicados; Nina Orlow, arquiteta, ambientalista e membro da Rede Nossa S\u00e3o Paulo e da Alian\u00e7a Res\u00edduo Zero Brasil; <strong>Maluh Barciotte<\/strong>, doutora em Sa\u00fade P\u00fablica e Ambiental pela USP, que atua de forma sist\u00eamica nos temas sustentabilidade e fundadora da Associa\u00e7\u00e3o de Agricultura Org\u00e2nica; e <strong>Marcello Lopes de Sousa<\/strong>, doutor em geografia e vencedor do pr\u00eamio Jabuti por seu livro<em> &#8220;O desafio metropolitano&#8221;<\/em>. O cineasta <strong>Beto Brant<\/strong>, diretor de premiadas obras como<\/span><em><span style=\"color: #000080;\"> \u201cO Invasor\u201d<\/span><\/em>,<span style=\"color: #000080;\"><em> \u201cOs Matadores\u201d<\/em><\/span> e <span style=\"color: #000080;\"><em>\u201cEu Receberia as Piores Not\u00edcias dos seus Lindos L\u00e1bios\u201d<\/em><\/span>, <span style=\"color: #000000;\">tamb\u00e9m est\u00e1 confirmado.<\/span><\/p>\n<p><strong>SERVI\u00c7O<\/strong><\/p>\n<p><strong><span style=\"color: #993300;\">Planeta.Doc Confer\u00eancias<\/span><\/strong><\/p>\n<p><span style=\"color: #000000;\">Data: 3 e 4 de novembro<\/span><\/p>\n<p><span style=\"color: #000000;\">Local: Audit\u00f3rio Garapuvu da Universidade Federal de Santa Catarina<\/span><\/p>\n<p><span style=\"color: #000000;\">Hor\u00e1rio: 19h \u00e0s 22h<\/span><\/p>\n<p><span style=\"color: #000000;\">Entrada: gratuita<\/span><\/p>\n<p><span style=\"color: #000000;\">Inscri\u00e7\u00e3o:<\/span>\u00a0<strong><span style=\"color: #0000ff;\">http:\/\/migre.me\/uZSJP<\/span><\/strong><\/p>\n<p><strong><span style=\"color: #993300;\">Convidados 03\/11: Carlos Porto Gon\u00e7alves, Dener Giovanini, Camila Moreno e Ricardo Cardim.<\/span><\/strong><\/p>\n<p><strong><span style=\"color: #993300;\">Convidados 04\/11: Enrique Leff, Nina Orlow, Maluh Barciotte e Marcello Lopes de Sousa.<\/span><\/strong><\/p>\n<p><span style=\"color: #000000;\">Saiba mais:<\/span><strong><span style=\"color: #0000ff;\">\u00a0http:\/\/www.planetadoc.com\/conferencias.php.<\/span><\/strong><\/p>\n","protected":false},"excerpt":{"rendered":"<p>Planeta.Doc Confer\u00eancias acontecer\u00e1 nos dias 3 e 4 de novembro na UFSC Outubro, 30\/2016 &#8211; Renomados cientistas, cineastas e especialistas na \u00e1rea socioambiental estar\u00e3o em Florian\u00f3polis nos dias 3 e 4 de novembro para o Planeta.Doc Confer\u00eancias. O evento reunir\u00e1 na capital catarinense algumas das principais autoridades nacionais e internacionais no segmento. Os encontros acontecer\u00e3o [&hellip;]<\/p>\n","protected":false},"author":1,"featured_media":3980,"comment_status":"open","ping_status":"open","sticky":false,"template":"","format":"standard","meta":{"_uag_custom_page_level_css":"","footnotes":""},"categories":[37],"tags":[736,4101,5015,5134,7438,8983,8985,11270,12039],"class_list":["post-3979","post","type-post","status-publish","format-standard","has-post-thumbnail","hentry","category-sustentabilidade","tag-animais-silvestres","tag-emissao-de-carbono","tag-festival-internacional-de-cinema-socioambiental","tag-florianopolissc","tag-meio-ambiente","tag-planeta","tag-planeta-doc-conferencias","tag-socioambiental","tag-ufsc"],"blocksy_meta":[],"spectra_blocks_featured_image_url":[],"spectra_blocks_author_info":{"display_name":"Jornal da Constru\u00e7\u00e3o Civil","avatar_url":"https:\/\/secure.gravatar.com\/avatar\/973c9774fd44ddaceb026973c4962faa70fc512bc4c9da68e8ebb40fecee6540?s=96&d=mm&r=g","author_link":"https:\/\/construcaocivil.siriusmarketingedesign.com.br\/?author=1","description":"Desde de 2013, levando muitas informa\u00e7\u00f5es, lan\u00e7amentos e produtos de qualidade para toda cadeia produtiva da constru\u00e7\u00e3o. O Futuro da constru\u00e7\u00e3o passa por aqui,"},"uagb_featured_image_src":{"full":false,"thumbnail":false,"medium":false,"medium_large":false,"large":false,"1536x1536":false,"2048x2048":false},"uagb_author_info":{"display_name":"Jornal da Constru\u00e7\u00e3o Civil","author_link":"https:\/\/construcaocivil.siriusmarketingedesign.com.br\/?author=1"},"uagb_comment_info":0,"uagb_excerpt":"Planeta.Doc Confer\u00eancias acontecer\u00e1 nos dias 3 e 4 de novembro na UFSC Outubro, 30\/2016 &#8211; Renomados cientistas, cineastas e especialistas na \u00e1rea socioambiental estar\u00e3o em Florian\u00f3polis nos dias 3 e 4 de novembro para o Planeta.Doc Confer\u00eancias. O evento reunir\u00e1 na capital catarinense algumas das principais autoridades nacionais e internacionais no segmento. Os encontros acontecer\u00e3o&hellip;","_links":{"self":[{"href":"https:\/\/construcaocivil.siriusmarketingedesign.com.br\/index.php?rest_route=\/wp\/v2\/posts\/3979","targetHints":{"allow":["GET"]}}],"collection":[{"href":"https:\/\/construcaocivil.siriusmarketingedesign.com.br\/index.php?rest_route=\/wp\/v2\/posts"}],"about":[{"href":"https:\/\/construcaocivil.siriusmarketingedesign.com.br\/index.php?rest_route=\/wp\/v2\/types\/post"}],"author":[{"embeddable":true,"href":"https:\/\/construcaocivil.siriusmarketingedesign.com.br\/index.php?rest_route=\/wp\/v2\/users\/1"}],"replies":[{"embeddable":true,"href":"https:\/\/construcaocivil.siriusmarketingedesign.com.br\/index.php?rest_route=%2Fwp%2Fv2%2Fcomments&post=3979"}],"version-history":[{"count":0,"href":"https:\/\/construcaocivil.siriusmarketingedesign.com.br\/index.php?rest_route=\/wp\/v2\/posts\/3979\/revisions"}],"wp:attachment":[{"href":"https:\/\/construcaocivil.siriusmarketingedesign.com.br\/index.php?rest_route=%2Fwp%2Fv2%2Fmedia&parent=3979"}],"wp:term":[{"taxonomy":"category","embeddable":true,"href":"https:\/\/construcaocivil.siriusmarketingedesign.com.br\/index.php?rest_route=%2Fwp%2Fv2%2Fcategories&post=3979"},{"taxonomy":"post_tag","embeddable":true,"href":"https:\/\/construcaocivil.siriusmarketingedesign.com.br\/index.php?rest_route=%2Fwp%2Fv2%2Ftags&post=3979"}],"curies":[{"name":"wp","href":"https:\/\/api.w.org\/{rel}","templated":true}]}}