{"id":401,"date":"2015-11-18T02:01:32","date_gmt":"2015-11-18T02:01:32","guid":{"rendered":"http:\/\/www.jornaldaconstrucaocivil.com.br\/?p=401"},"modified":"2015-11-18T02:01:32","modified_gmt":"2015-11-18T02:01:32","slug":"nao-faltara-agua-em-baixo-guandu-e-em-colatina-es-garante-ministro","status":"publish","type":"post","link":"https:\/\/construcaocivil.siriusmarketingedesign.com.br\/?p=401","title":{"rendered":"N\u00e3o faltar\u00e1 \u00e1gua em Baixo Guandu e em Colatina (ES), garante ministro"},"content":{"rendered":"<p><span style=\"color: #000000;\"><i><strong>Gilberto Occhi destaca que as a\u00e7\u00f5es do governo federal nos dois munic\u00edpios do estado s\u00e3o preventivas<\/strong>.<\/i><\/span><\/p>\n<p class=\"04TextoCorrido\"><span style=\"color: #000000;\">O ministro da Integra\u00e7\u00e3o Nacional, Gilberto Occhi, garantiu na segunda-feira (16\/11) que o abastecimento de \u00e1gua nos munic\u00edpios de Baixo Guandu (ES) e de Colatina (ES) n\u00e3o ser\u00e1 interrompido. <em>\u201cN\u00e3o faltar\u00e1 \u00e1gua nessas duas cidades. O que pode haver \u00e9 uma diminui\u00e7\u00e3o da oferta e uma adequa\u00e7\u00e3o do abastecimento por conta da capta\u00e7\u00e3o no Rio Doce\u201d<\/em>, explicou o ministro, durante entrevista coletiva em Colatina.<\/span><\/p>\n<p class=\"04TextoCorrido\"><span style=\"color: #000000;\">Gilberto Occhi participou de uma reuni\u00e3o de trabalho com o governador do Esp\u00edrito Santo, Paulo Hartung, e membros do governo estadual. A pauta principal foi relacionada \u00e0s medidas em andamento para viabilizar um sistema alternativo para fornecimento de \u00e1gua aos moradores dos munic\u00edpios. O ministro ainda sobrevoou a regi\u00e3o para acompanhar os trabalhos e avaliar a situa\u00e7\u00e3o do Rio Doce no estado.<\/span><\/p>\n<p class=\"04TextoCorrido\"><span style=\"color: #000000;\">O ministro destacou que as a\u00e7\u00f5es do Governo Federal em Baixo Guandu e em Colatina s\u00e3o preventivas. Ele refor\u00e7ou que a primeira cidade n\u00e3o \u00e9 mais dependente do Rio Doce. <em>\u201cJ\u00e1 est\u00e1 pronta uma adequa\u00e7\u00e3o para capta\u00e7\u00e3o do Rio Guandu\u201d<\/em>, afirmou. Al\u00e9m disso, cisternas e reservat\u00f3rios est\u00e3o sendo implantados no munic\u00edpio, onde h\u00e1 carros-pipa dispon\u00edveis e mais de 100 homens do Ex\u00e9rcito Brasileiro.<\/span><\/p>\n<p class=\"04TextoCorrido\"><span style=\"color: #000000;\">Em Colatina, est\u00e3o sendo perfurados seis po\u00e7os, h\u00e1 carros-pipa e foram instalados reservat\u00f3rios de 20 mil litros nos pontos mais altos da cidade. Tamb\u00e9m est\u00e1 em avalia\u00e7\u00e3o a instala\u00e7\u00e3o de adutoras de engate r\u00e1pido para coleta de \u00e1gua bruta nas lagoas do Lim\u00e3o e Batista.<\/span><\/p>\n<p class=\"04TextoCorrido\"><span style=\"color: #000000;\"><b>Abastecimento em Governador Valadares<\/b><\/span><\/p>\n<p class=\"04TextoCorrido\"><span style=\"color: #000000;\">A Secretaria Nacional de Prote\u00e7\u00e3o e Defesa Civil (Sedec) do Minist\u00e9rio da Integra\u00e7\u00e3o Nacional (MI) anunciou o restabelecimento do abastecimento de \u00e1gua, por distribui\u00e7\u00e3o convencional, no munic\u00edpio de Governador Valadares (MG). Desde domingo (15\/11) \u00e0 tarde, o tratamento e a distribui\u00e7\u00e3o de \u00e1gua para a popula\u00e7\u00e3o come\u00e7ou a ser normalizado. O\u00a0munic\u00edpio\u00a0foi um dos afetados pelo rompimento\u00a0da barragem de min\u00e9rio em Mariana (MG).<\/span><\/p>\n<p class=\"04TextoCorrido\"><span style=\"color: #000000;\">A medida foi adotada com base na redu\u00e7\u00e3o do grau de turbidez e na an\u00e1lise realizada no laborat\u00f3rio da Companhia de Saneamento de Minas Gerais (Copasa MG). O laudo da empresa registra que n\u00e3o h\u00e1 contamina\u00e7\u00e3o qu\u00edmica, por materiais pesados ou qualquer subst\u00e2ncia que impe\u00e7a a utiliza\u00e7\u00e3o da \u00e1gua do Rio Doce para o consumo humano. Segundo o secret\u00e1rio nacional de Prote\u00e7\u00e3o e Defesa Civil, Adriano Pereira, a medida se estende \u00e0s demais cidades que fazem capta\u00e7\u00e3o de \u00e1gua no mesmo rio.<\/span><\/p>\n<p class=\"04TextoCorrido\"><span style=\"color: #993366;\">Fonte: Assessoria de Imprensa\u00a0Minist\u00e9rio\u00a0da\u00a0Integra\u00e7\u00e3o Nacional<\/span><\/p>\n","protected":false},"excerpt":{"rendered":"<p>Gilberto Occhi destaca que as a\u00e7\u00f5es do governo federal nos dois munic\u00edpios do estado s\u00e3o preventivas. O ministro da Integra\u00e7\u00e3o Nacional, Gilberto Occhi, garantiu na segunda-feira (16\/11) que o abastecimento de \u00e1gua nos munic\u00edpios de Baixo Guandu (ES) e de Colatina (ES) n\u00e3o ser\u00e1 interrompido. \u201cN\u00e3o faltar\u00e1 \u00e1gua nessas duas cidades. O que pode haver [&hellip;]<\/p>\n","protected":false},"author":1,"featured_media":0,"comment_status":"open","ping_status":"open","sticky":false,"template":"","format":"quote","meta":{"_uag_custom_page_level_css":"","footnotes":""},"categories":[27],"tags":[1225,2406,3075,4844,5490,10587],"class_list":["post-401","post","type-post","status-publish","format-quote","hentry","category-acontece","tag-baixo-guandu","tag-colatina","tag-copasa","tag-falta-de-agua","tag-gilberto-occhi","tag-samarco","post_format-post-format-quote"],"blocksy_meta":[],"spectra_blocks_featured_image_url":null,"spectra_blocks_author_info":{"display_name":"Jornal da Constru\u00e7\u00e3o Civil","avatar_url":"https:\/\/secure.gravatar.com\/avatar\/973c9774fd44ddaceb026973c4962faa70fc512bc4c9da68e8ebb40fecee6540?s=96&d=mm&r=g","author_link":"https:\/\/construcaocivil.siriusmarketingedesign.com.br\/?author=1","description":"Desde de 2013, levando muitas informa\u00e7\u00f5es, lan\u00e7amentos e produtos de qualidade para toda cadeia produtiva da constru\u00e7\u00e3o. O Futuro da constru\u00e7\u00e3o passa por aqui,"},"uagb_featured_image_src":{"full":false,"thumbnail":false,"medium":false,"medium_large":false,"large":false,"1536x1536":false,"2048x2048":false},"uagb_author_info":{"display_name":"Jornal da Constru\u00e7\u00e3o Civil","author_link":"https:\/\/construcaocivil.siriusmarketingedesign.com.br\/?author=1"},"uagb_comment_info":0,"uagb_excerpt":"Gilberto Occhi destaca que as a\u00e7\u00f5es do governo federal nos dois munic\u00edpios do estado s\u00e3o preventivas. O ministro da Integra\u00e7\u00e3o Nacional, Gilberto Occhi, garantiu na segunda-feira (16\/11) que o abastecimento de \u00e1gua nos munic\u00edpios de Baixo Guandu (ES) e de Colatina (ES) n\u00e3o ser\u00e1 interrompido. \u201cN\u00e3o faltar\u00e1 \u00e1gua nessas duas cidades. O que pode haver&hellip;","_links":{"self":[{"href":"https:\/\/construcaocivil.siriusmarketingedesign.com.br\/index.php?rest_route=\/wp\/v2\/posts\/401","targetHints":{"allow":["GET"]}}],"collection":[{"href":"https:\/\/construcaocivil.siriusmarketingedesign.com.br\/index.php?rest_route=\/wp\/v2\/posts"}],"about":[{"href":"https:\/\/construcaocivil.siriusmarketingedesign.com.br\/index.php?rest_route=\/wp\/v2\/types\/post"}],"author":[{"embeddable":true,"href":"https:\/\/construcaocivil.siriusmarketingedesign.com.br\/index.php?rest_route=\/wp\/v2\/users\/1"}],"replies":[{"embeddable":true,"href":"https:\/\/construcaocivil.siriusmarketingedesign.com.br\/index.php?rest_route=%2Fwp%2Fv2%2Fcomments&post=401"}],"version-history":[{"count":0,"href":"https:\/\/construcaocivil.siriusmarketingedesign.com.br\/index.php?rest_route=\/wp\/v2\/posts\/401\/revisions"}],"wp:attachment":[{"href":"https:\/\/construcaocivil.siriusmarketingedesign.com.br\/index.php?rest_route=%2Fwp%2Fv2%2Fmedia&parent=401"}],"wp:term":[{"taxonomy":"category","embeddable":true,"href":"https:\/\/construcaocivil.siriusmarketingedesign.com.br\/index.php?rest_route=%2Fwp%2Fv2%2Fcategories&post=401"},{"taxonomy":"post_tag","embeddable":true,"href":"https:\/\/construcaocivil.siriusmarketingedesign.com.br\/index.php?rest_route=%2Fwp%2Fv2%2Ftags&post=401"}],"curies":[{"name":"wp","href":"https:\/\/api.w.org\/{rel}","templated":true}]}}