{"id":4010,"date":"2016-11-01T12:50:05","date_gmt":"2016-11-01T15:50:05","guid":{"rendered":"http:\/\/www.jornaldaconstrucaocivil.com.br\/?p=4010"},"modified":"2016-11-01T12:50:05","modified_gmt":"2016-11-01T15:50:05","slug":"fundo-amazonia-deve-ter-prazo-de-aplicacao-de-recursos-estendido-por-mais-dez-anos","status":"publish","type":"post","link":"https:\/\/construcaocivil.siriusmarketingedesign.com.br\/?p=4010","title":{"rendered":"Fundo Amaz\u00f4nia deve ter prazo de aplica\u00e7\u00e3o de recursos estendido por mais dez anos"},"content":{"rendered":"<p style=\"text-align: justify;\"><span style=\"color: #993300;\">Sustentabilidade\u00a0<\/span><\/p>\n<p style=\"text-align: justify;\"><span style=\"color: #0000ff;\">Novembro, 2016 &#8211;<\/span> <span style=\"color: #000000;\">O Fundo Amaz\u00f4nia, que est\u00e1 investindo R$ 2,5 bilh\u00f5es em projetos para redu\u00e7\u00e3o do desmatamento da Amaz\u00f4nia Legal, dever\u00e1 ter a aprova\u00e7\u00e3o de seus principais doadores \u2014 Noruega e Alemanha \u2014 para prorrogar o prazo de aplica\u00e7\u00e3o dos recursos de 2020 para 2030.<\/span><\/p>\n<ul style=\"text-align: justify;\">\n<li><span style=\"color: #993300;\"><strong>Em reuni\u00e3o anual do Fundo, realizada em Oslo, BNDES recebeu sinaliza\u00e7\u00e3o positiva dos principais doadores (Noruega e Alemanha) para estender o prazo<\/strong><\/span><\/li>\n<li><span style=\"color: #993300;\"><strong>Na mesma ocasi\u00e3o, doadores confirmaram novos aportes de US$ 600 milh\u00f5es (Noruega) e \u20ac 100 milh\u00f5es (Alemanha). Valor equivale a R$ 2,25 bi<\/strong><\/span><\/li>\n<\/ul>\n<p style=\"text-align: justify;\"><span style=\"color: #000000;\">Na reuni\u00e3o anual do Fundo, realizada nos \u00faltimos dias 26 e 27, em Oslo, o BNDES recebeu sinaliza\u00e7\u00e3o positiva para iniciar os procedimentos de formaliza\u00e7\u00e3o para estender o prazo. Com a garantia da renova\u00e7\u00e3o, o Banco, gestor do Fundo Amaz\u00f4nia, sob coordena\u00e7\u00e3o do Minist\u00e9rio do Meio Ambiente, poder\u00e1 apoiar projetos com prazos de matura\u00e7\u00e3o maiores.<\/span><\/p>\n<p style=\"text-align: justify;\"><span style=\"color: #000000;\">Na mesma reuni\u00e3o, os doadores confirmaram novas doa\u00e7\u00f5es ao Fundo, de US$ 600 milh\u00f5es (R$ 1,9 bilh\u00e3o) por parte da Noruega e \u20ac 100 milh\u00f5es (R$ 348 milh\u00f5es) da Alemanha, por meio do seu banco de desenvolvimento, o KfW.<\/span><\/p>\n<p style=\"text-align: justify;\"><span style=\"color: #000000;\">&#8220;Os resultados da reuni\u00e3o demonstram o reconhecimento, pelos doadores, do compromisso da nova dire\u00e7\u00e3o do BNDES com a sustentabilidade, manifestado n\u00e3o s\u00f3 no trabalho de gest\u00e3o do Fundo Amaz\u00f4nia, mas tamb\u00e9m nas novas pol\u00edticas de financiamento para projetos de energia el\u00e9trica de baixo carbono, universaliza\u00e7\u00e3o do saneamento e mobilidade urbana&#8221;, disse a diretora de Infraestrutura e Sustentabilidade do BNDES, Marilene Ramos.<\/span><\/p>\n<p style=\"text-align: justify;\"><span style=\"color: #000000;\"><span style=\"color: #993300;\"><strong>Novos doadores<\/strong><\/span> \u2013 O Fundo Amaz\u00f4nia dever\u00e1 realizar em Berlim, em 2017, uma nova edi\u00e7\u00e3o do<span style=\"color: #0000ff;\"> \u201cAmazon Day\u201d<\/span>, encontro com investidores que busca atrair novos doadores, a exemplo do realizado em Londres em 2015. Tamb\u00e9m est\u00e1 sendo articulado o credenciamento do Fundo ao Green Climate Fund (GCF), fundo das Na\u00e7\u00f5es Unidas que tem meta de investir US$ 100 bilh\u00f5es em iniciativas de economia verde para redu\u00e7\u00e3o dos Gases de Efeito Estufa (GEE).<\/span><\/p>\n<p style=\"text-align: justify;\"><span style=\"color: #000000;\"><strong><span style=\"color: #993300;\">Fiscaliza\u00e7\u00e3o<\/span><\/strong> \u2013 Outro resultado relevante da reuni\u00e3o foi a ratifica\u00e7\u00e3o, pelos doadores, do uso de recursos do Fundo para financiar infraestrutura log\u00edstica para fiscaliza\u00e7\u00e3o contra o desmatamento na Amaz\u00f4nia. A inciativa prev\u00ea uma a\u00e7\u00e3o coordenada entre Governo Federal e Estados no refor\u00e7o das atividades de combate ao desmatamento. O Brasil estabeleceu a meta de reduzir o desmatamento anual para 3.900 Km2 at\u00e9 2020. Em 2015 a taxa foi de 6.200 Km2.<\/span><\/p>\n<p style=\"text-align: justify;\"><span style=\"color: #000000;\">A iniciativa faz parte das a\u00e7\u00f5es do Fundo Amaz\u00f4nia em tr\u00eas eixos principais \u2014 Ordenamento Fundi\u00e1rio e Territorial, Monitoramento e Controle Ambiental e Fomento \u00e0s Atividades Produtivas Sustent\u00e1veis \u2014, que s\u00e3o os mesmos do Plano de A\u00e7\u00e3o para Preven\u00e7\u00e3o e Controle do Desmatamento na Amaz\u00f4nia Legal (PPCDAm), coordenado pelo Minist\u00e9rio do Meio Ambiente.<\/span><\/p>\n<p style=\"text-align: justify;\"><span style=\"color: #000000;\">No refor\u00e7o \u00e0s atividades de fiscaliza\u00e7\u00e3o contra o desmatamento, o Fundo Amaz\u00f4nia j\u00e1 aportou recursos para infraestrutura log\u00edstica da For\u00e7a Nacional do Governo Federal e tamb\u00e9m na capacita\u00e7\u00e3o da equipe do Sistema Nacional de Preven\u00e7\u00e3o e Combate aos Inc\u00eandios Florestais (Prevfogo) do Ibama.<\/span><\/p>\n<p style=\"text-align: justify;\"><span style=\"color: #000000;\">Criado em 2008, o Fundo Amaz\u00f4nia apoia atualmente 84 projetos, no valor de R$ 1,3 bilh\u00e3o. Desse total, R$ 143 milh\u00f5es se destinam a 21 projetos com atividades que beneficiam os povos ind\u00edgenas da regi\u00e3o amaz\u00f4nica.<\/span><\/p>\n<p style=\"text-align: justify;\"><strong>Fonte: BNDES<\/strong><\/p>\n","protected":false},"excerpt":{"rendered":"<p>Sustentabilidade\u00a0 Novembro, 2016 &#8211; O Fundo Amaz\u00f4nia, que est\u00e1 investindo R$ 2,5 bilh\u00f5es em projetos para redu\u00e7\u00e3o do desmatamento da Amaz\u00f4nia Legal, dever\u00e1 ter a aprova\u00e7\u00e3o de seus principais doadores \u2014 Noruega e Alemanha \u2014 para prorrogar o prazo de aplica\u00e7\u00e3o dos recursos de 2020 para 2030. Em reuni\u00e3o anual do Fundo, realizada em Oslo, [&hellip;]<\/p>\n","protected":false},"author":1,"featured_media":0,"comment_status":"open","ping_status":"open","sticky":false,"template":"","format":"standard","meta":{"_uag_custom_page_level_css":"","footnotes":""},"categories":[27],"tags":[1357,1464,5282,5616,7718,8183,11203],"class_list":["post-4010","post","type-post","status-publish","format-standard","hentry","category-acontece","tag-berlim-amazon-day","tag-bndes","tag-fundo-amazonia","tag-green-climate-fund-gcf","tag-ministerio-do-meio-ambiente","tag-noruega","tag-sistema-nacional-de-prevencao-e-combate-aos-incendios-florestais-prevfogo"],"blocksy_meta":[],"spectra_blocks_featured_image_url":null,"spectra_blocks_author_info":{"display_name":"Jornal da Constru\u00e7\u00e3o Civil","avatar_url":"https:\/\/secure.gravatar.com\/avatar\/973c9774fd44ddaceb026973c4962faa70fc512bc4c9da68e8ebb40fecee6540?s=96&d=mm&r=g","author_link":"https:\/\/construcaocivil.siriusmarketingedesign.com.br\/?author=1","description":"Desde de 2013, levando muitas informa\u00e7\u00f5es, lan\u00e7amentos e produtos de qualidade para toda cadeia produtiva da constru\u00e7\u00e3o. O Futuro da constru\u00e7\u00e3o passa por aqui,"},"uagb_featured_image_src":{"full":false,"thumbnail":false,"medium":false,"medium_large":false,"large":false,"1536x1536":false,"2048x2048":false},"uagb_author_info":{"display_name":"Jornal da Constru\u00e7\u00e3o Civil","author_link":"https:\/\/construcaocivil.siriusmarketingedesign.com.br\/?author=1"},"uagb_comment_info":0,"uagb_excerpt":"Sustentabilidade\u00a0 Novembro, 2016 &#8211; O Fundo Amaz\u00f4nia, que est\u00e1 investindo R$ 2,5 bilh\u00f5es em projetos para redu\u00e7\u00e3o do desmatamento da Amaz\u00f4nia Legal, dever\u00e1 ter a aprova\u00e7\u00e3o de seus principais doadores \u2014 Noruega e Alemanha \u2014 para prorrogar o prazo de aplica\u00e7\u00e3o dos recursos de 2020 para 2030. Em reuni\u00e3o anual do Fundo, realizada em Oslo,&hellip;","_links":{"self":[{"href":"https:\/\/construcaocivil.siriusmarketingedesign.com.br\/index.php?rest_route=\/wp\/v2\/posts\/4010","targetHints":{"allow":["GET"]}}],"collection":[{"href":"https:\/\/construcaocivil.siriusmarketingedesign.com.br\/index.php?rest_route=\/wp\/v2\/posts"}],"about":[{"href":"https:\/\/construcaocivil.siriusmarketingedesign.com.br\/index.php?rest_route=\/wp\/v2\/types\/post"}],"author":[{"embeddable":true,"href":"https:\/\/construcaocivil.siriusmarketingedesign.com.br\/index.php?rest_route=\/wp\/v2\/users\/1"}],"replies":[{"embeddable":true,"href":"https:\/\/construcaocivil.siriusmarketingedesign.com.br\/index.php?rest_route=%2Fwp%2Fv2%2Fcomments&post=4010"}],"version-history":[{"count":0,"href":"https:\/\/construcaocivil.siriusmarketingedesign.com.br\/index.php?rest_route=\/wp\/v2\/posts\/4010\/revisions"}],"wp:attachment":[{"href":"https:\/\/construcaocivil.siriusmarketingedesign.com.br\/index.php?rest_route=%2Fwp%2Fv2%2Fmedia&parent=4010"}],"wp:term":[{"taxonomy":"category","embeddable":true,"href":"https:\/\/construcaocivil.siriusmarketingedesign.com.br\/index.php?rest_route=%2Fwp%2Fv2%2Fcategories&post=4010"},{"taxonomy":"post_tag","embeddable":true,"href":"https:\/\/construcaocivil.siriusmarketingedesign.com.br\/index.php?rest_route=%2Fwp%2Fv2%2Ftags&post=4010"}],"curies":[{"name":"wp","href":"https:\/\/api.w.org\/{rel}","templated":true}]}}