{"id":4012,"date":"2016-11-03T12:21:14","date_gmt":"2016-11-03T15:21:14","guid":{"rendered":"http:\/\/www.jornaldaconstrucaocivil.com.br\/?p=4012"},"modified":"2016-11-03T12:21:14","modified_gmt":"2016-11-03T15:21:14","slug":"iab-rj-debate-gestao-integrada-sustentabilidade-e-inovacao","status":"publish","type":"post","link":"https:\/\/construcaocivil.siriusmarketingedesign.com.br\/?p=4012","title":{"rendered":"IAB-RJ debate gest\u00e3o integrada, sustentabilidade e inova\u00e7\u00e3o"},"content":{"rendered":"<p style=\"text-align: justify;\"><span style=\"color: #000080;\"><strong>Evento, gratuito e aberto ao p\u00fablico, ser\u00e1 realizado na sexta-feira, 11 de novembro, \u00e0s 18h30<\/strong><\/span><\/p>\n<p style=\"text-align: justify;\"><span style=\"color: #000000;\">O Programa de Educa\u00e7\u00e3o Continuada<\/span> <strong><span style=\"color: #ff0000;\">IAB-RJ Compartilha<\/span><\/strong> <span style=\"color: #000000;\">convida a todos para o debate<em> \u201cGest\u00e3o integrada, sustentabilidade e inova\u00e7\u00e3o \u2013 Como atuar no mercado da Arquitetura e Urbanismo\u201d<\/em>. Participam da discuss\u00e3o os professores do programa: Eliane Sarmento, Eduardo Ribeiro e Emiliano Reis. Nessa ocasi\u00e3o, a consultora de sustentabilidade e certifica\u00e7\u00e3o LEED pelo Centro de Tecnologia de Edifica\u00e7\u00f5es (CTE) Francine Naegele Vaz apresentar\u00e1 palestra sobre o tema da discuss\u00e3o. O evento, gratuito e aberto ao p\u00fablico, acontecer\u00e1 na<\/span><span style=\"color: #0000ff;\"> sexta-feira, 11 de novembro, a partir das 18h30, na Casa do Arquiteto Oscar Niemeyer, sede do IAB-RJ, no Flamengo<\/span>.<\/p>\n<p style=\"text-align: justify;\"><a href=\"http:\/\/www.jornaldaconstrucaocivil.com.br\/wp-content\/uploads\/2016\/11\/IAB-RJ.jpg\"><img loading=\"lazy\" decoding=\"async\" class=\"wp-image-4013 alignleft\" src=\"http:\/\/www.jornaldaconstrucaocivil.com.br\/wp-content\/uploads\/2016\/11\/IAB-RJ-1024x599.jpg\" alt=\"iab-rj\" width=\"364\" height=\"213\" \/><\/a><\/p>\n<p style=\"text-align: justify;\"><span style=\"color: #000000;\">Com a desacelera\u00e7\u00e3o da economia, v\u00e1rios postos de trabalhos foram fechados. S\u00f3 na cidade do Rio de Janeiro,<\/span> <span style=\"color: #993300;\">mais de 97 mil profissionais perderam o emprego entre janeiro e setembro deste ano, segundo o Cadastro Geral de Empregados e Desempregados (Caged)<\/span>. <span style=\"color: #000000;\">O mercado da Arquitetura e Urbanismo n\u00e3o passou imune a essa fase, e v\u00e1rios escrit\u00f3rios reestruturaram suas equipes.<\/span><\/p>\n<p style=\"text-align: justify;\"><span style=\"color: #000000;\">Para os coordenadores do<\/span> <strong><span style=\"color: #ff0000;\">IAB-RJ Compartilha<\/span><\/strong>,<span style=\"color: #000000;\"> Cl\u00e1udio Crispim e Eliane Sarmento, o arquiteto e urbanista, assim como os estudantes de arquitetura, precisa estar preparado para a nova realidade e entender o que mercado espera do profissional para se destacar<\/span>.<span style=\"color: #0000ff;\"> <em>\u201cO arquiteto precisa buscar novos conhecimentos e estar pronto para quando a oportunidade surgir. O Programa de Educa\u00e7\u00e3o Continuada IAB-RJ Compartilha surge como op\u00e7\u00e3o para aqueles que est\u00e3o em busca de uma forma\u00e7\u00e3o complementar \u00e0 forma\u00e7\u00e3o acad\u00eamica\u201d<\/em><\/span>, explicam.<\/p>\n<p style=\"text-align: justify;\"><span style=\"color: #000000;\">O<\/span> <strong><span style=\"color: #ff0000;\">IAB-RJ Compartilha<\/span> <\/strong><span style=\"color: #000000;\">aproveitar\u00e1 o debate para lan\u00e7ar sua primeira campanha promocional. Os participantes do evento ter\u00e3o 10% de desconto na inscri\u00e7\u00e3o dos cursos oferecidos pelo programa. Hoje, dois cursos est\u00e3o com inscri\u00e7\u00f5es abertas: Sustentabilidade para edifica\u00e7\u00f5es e seu contexto \u2013 projeto e performance, com Eliane Sarmento e equipe, previsto para acontecer nos dias 18 e 19 de novembro; e Curso Gest\u00e3o de Res\u00edduos S\u00f3lidos, com Emiliano Reis, previsto para os dias 26 de novembro e 3 de dezembro.<\/span><\/p>\n<p><span style=\"color: #000000;\"><strong>Sobre os professores participantes do debate<\/strong><\/span><\/p>\n<p style=\"text-align: justify;\"><span style=\"color: #993300;\">Eliane Sarmento<\/span><\/p>\n<p style=\"text-align: justify;\"><span style=\"color: #000000;\">Arquiteta e urbanista graduada pela Faculdade de Arquitetura e Urbanismo da Universidade Federal do Rio de Janeiro. Com forma\u00e7\u00f5es em: Fundamentos e Melhores Pr\u00e1ticas em Gest\u00e3o de Projetos pelo sistema (PMBOK do PMI) ; Materiais ecol\u00f3gicos e tecnologias sustent\u00e1veis para arquitetura e constru\u00e7\u00e3o pelo Instituto Desenvolvimento da Habita\u00e7\u00e3o Ecol\u00f3gica ; Design em sustentabilidade pelo Gaia Education Institute ; Design e Gest\u00e3o colaborativa de projetos para Comunidades sustent\u00e1veis pelo sistema Dragon Dreaming ; Lideran\u00e7a Estrat\u00e9gica pelo The Natural Step ; Organiza\u00e7\u00e3o e marketing dos servi\u00e7os de arquitetura e gerenciamento de obras, pelo CREA e Sindicato dos Arquitetos ; e. Biopsicologia pelo Instituto Vis\u00e3o Futuro. Coordena Equipe Multidisciplinar para desenvolvimento de projetos em arquitetura, ambiente e educa\u00e7\u00e3o.<\/span><\/p>\n<p style=\"text-align: justify;\"><span style=\"color: #993300;\">Eduardo Ribeiro<\/span><\/p>\n<p style=\"text-align: justify;\"><span style=\"color: #000000;\">Respons\u00e1vel pela implementa\u00e7\u00e3o do BIM no escrit\u00f3rio Sergio Conde Caldas Arquitetura e pela capacita\u00e7\u00e3o de BIM dos professores do curso de arquitetura da Universidade Est\u00e1cio de S\u00e1, Eduardo Ribeiro \u00e9 arquiteto e urbanista, com especializa\u00e7\u00e3o em Computa\u00e7\u00e3o para Arquitetos pela USP. Foi coordenador e professor do Centro Estadual de Educa\u00e7\u00e3o Tecnol\u00f3gica Paula Souza\/SP de 2005 a 2011. Est\u00e1 no Rio de Janeiro desde 2011 com a D5 Cursos, Arquitetura e Design, empresa especializada em treinamento e implementa\u00e7\u00e3o de BIM nos escrit\u00f3rios de arquitetura. Atualmente faz mestrado na FAU-UFRJ onde estuda a utiliza\u00e7\u00e3o do BIM na aprova\u00e7\u00e3o dos projetos.<\/span><\/p>\n<p style=\"text-align: justify;\"><span style=\"color: #993300;\">Emiliano Reis<\/span><\/p>\n<p style=\"text-align: justify;\"><span style=\"color: #000000;\">Bi\u00f3logo e Mestre em Ci\u00eancias Biol\u00f3gica do Instituto Nacional de Pesquisas da Amaz\u00f4nia (INPA-AM), Cursou o curso de Capacita\u00e7\u00e3o em Gerenciamento de Res\u00edduos de Sa\u00fade pela UNB- DF. Possui experi\u00eancia na \u00e1rea de Zoologia e Gest\u00e3o Ambiental na qual elaborou invent\u00e1rio florestal com elabora\u00e7\u00e3o de EIA\/RIMA para aeroporto internacional do Gale\u00e3o \u2013 RJ e Laudo de Cobertura vegetal do Aeroporto Santos Dumont, RJ, participou da Elabora\u00e7\u00e3o de Planos de Gerenciamento de Res\u00edduos e Licenciamento ambiental. Coordenador na Coordenadoria de Pol\u00edticas Regionais, Urbanas e Ambientais na Funda\u00e7\u00e3o CEPERJ, atuando em projetos na \u00e1rea de pol\u00edticas p\u00fablicas de meio ambiente como a o projeto Observat\u00f3rio da Coleta Seletiva Solid\u00e1ria do Estado do Rio de Janeiro em colabora\u00e7\u00e3o com o Programa de Coleta Seletiva Solid\u00e1ria desenvolvido pelo INEA, pesquisador respons\u00e1vel pela an\u00e1lise, avalia\u00e7\u00e3o e consolida\u00e7\u00e3o dos dados do ICMS ECOL\u00d3GICO do estado do Rio de Janeiro, encontra-se nomeado pela funda\u00e7\u00e3o CEPERJ como Suplente para a Comiss\u00e3o do Zoneamento Ecol\u00f3gico- Econ\u00f4mico do Estado do Rio de Janeiro.<\/span><\/p>\n<p style=\"text-align: justify;\"><span style=\"color: #000000;\"><strong>Sobre a palestrante convidada<\/strong><\/span><\/p>\n<p style=\"text-align: justify;\"><span style=\"color: #993300;\">Francine Naegele Vaz<\/span>,<span style=\"color: #000000;\"> Arquiteta e Urbanista pela Universidade Federal do Rio de Janeiro. Especialista em Gest\u00e3o de Neg\u00f3cios Sustent\u00e1veis pela Universidade Federal Fluminense. Master of Science em Arquitetura, Sustentabilidade e Energia pela London Metropolitan University. Especialista em Gest\u00e3o de Projetos pela Funda\u00e7\u00e3o Instituto de Administra\u00e7\u00e3o-SP. LEED Accredited Professional BD+C e ID+C. Respons\u00e1vel pela coordena\u00e7\u00e3o de mais de 80 projetos em consultoria de sustentabilidade e certifica\u00e7\u00e3o LEED pelo CTE.<\/span><\/p>\n<p><strong><span style=\"color: #993300;\">Servi\u00e7o<\/span><\/strong><\/p>\n<p><span style=\"color: #993300;\">Debate | Gest\u00e3o integrada, sustentabilidade e inova\u00e7\u00e3o Como atuar no mercado da arquitetura e urbanismo<\/span><\/p>\n<p><span style=\"color: #993300;\">com palestra especial de Francine Naegele Vaz<\/span><\/p>\n<p><span style=\"color: #993300;\">Quando: 11 de novembro, sexta-feira<\/span><\/p>\n<p><span style=\"color: #993300;\">Hor\u00e1rio: 18h30<\/span><\/p>\n<p><span style=\"color: #993300;\">Local: Casa do Arquiteto Oscar Niemeyer, sede do IAB-RJ<\/span><\/p>\n<p><span style=\"color: #993300;\">Endere\u00e7o: Beco do Pinheiro, 10, Flamengo<\/span><\/p>\n","protected":false},"excerpt":{"rendered":"<p>Evento, gratuito e aberto ao p\u00fablico, ser\u00e1 realizado na sexta-feira, 11 de novembro, \u00e0s 18h30 O Programa de Educa\u00e7\u00e3o Continuada IAB-RJ Compartilha convida a todos para o debate \u201cGest\u00e3o integrada, sustentabilidade e inova\u00e7\u00e3o \u2013 Como atuar no mercado da Arquitetura e Urbanismo\u201d. Participam da discuss\u00e3o os professores do programa: Eliane Sarmento, Eduardo Ribeiro e Emiliano [&hellip;]<\/p>\n","protected":false},"author":1,"featured_media":4013,"comment_status":"open","ping_status":"open","sticky":false,"template":"","format":"standard","meta":{"_uag_custom_page_level_css":"","footnotes":""},"categories":[27],"tags":[1922,3290,5471,5835,7480,9437,9604,11474],"class_list":["post-4012","post","type-post","status-publish","format-standard","has-post-thumbnail","hentry","category-acontece","tag-casa-do-arquiteto-oscar-niemeyer","tag-curso-gestao-de-residuos-solidos","tag-gestao-integrada","tag-iab-rj","tag-mercado-da-arquitetura-e-urbanismo","tag-processo-bim","tag-programa-de-educacao-continuada-iab-rj-compartilha","tag-sustentabilidade-e-inovacao"],"blocksy_meta":[],"spectra_blocks_featured_image_url":[],"spectra_blocks_author_info":{"display_name":"Jornal da Constru\u00e7\u00e3o Civil","avatar_url":"https:\/\/secure.gravatar.com\/avatar\/973c9774fd44ddaceb026973c4962faa70fc512bc4c9da68e8ebb40fecee6540?s=96&d=mm&r=g","author_link":"https:\/\/construcaocivil.siriusmarketingedesign.com.br\/?author=1","description":"Desde de 2013, levando muitas informa\u00e7\u00f5es, lan\u00e7amentos e produtos de qualidade para toda cadeia produtiva da constru\u00e7\u00e3o. O Futuro da constru\u00e7\u00e3o passa por aqui,"},"uagb_featured_image_src":{"full":false,"thumbnail":false,"medium":false,"medium_large":false,"large":false,"1536x1536":false,"2048x2048":false},"uagb_author_info":{"display_name":"Jornal da Constru\u00e7\u00e3o Civil","author_link":"https:\/\/construcaocivil.siriusmarketingedesign.com.br\/?author=1"},"uagb_comment_info":0,"uagb_excerpt":"Evento, gratuito e aberto ao p\u00fablico, ser\u00e1 realizado na sexta-feira, 11 de novembro, \u00e0s 18h30 O Programa de Educa\u00e7\u00e3o Continuada IAB-RJ Compartilha convida a todos para o debate \u201cGest\u00e3o integrada, sustentabilidade e inova\u00e7\u00e3o \u2013 Como atuar no mercado da Arquitetura e Urbanismo\u201d. Participam da discuss\u00e3o os professores do programa: Eliane Sarmento, Eduardo Ribeiro e Emiliano&hellip;","_links":{"self":[{"href":"https:\/\/construcaocivil.siriusmarketingedesign.com.br\/index.php?rest_route=\/wp\/v2\/posts\/4012","targetHints":{"allow":["GET"]}}],"collection":[{"href":"https:\/\/construcaocivil.siriusmarketingedesign.com.br\/index.php?rest_route=\/wp\/v2\/posts"}],"about":[{"href":"https:\/\/construcaocivil.siriusmarketingedesign.com.br\/index.php?rest_route=\/wp\/v2\/types\/post"}],"author":[{"embeddable":true,"href":"https:\/\/construcaocivil.siriusmarketingedesign.com.br\/index.php?rest_route=\/wp\/v2\/users\/1"}],"replies":[{"embeddable":true,"href":"https:\/\/construcaocivil.siriusmarketingedesign.com.br\/index.php?rest_route=%2Fwp%2Fv2%2Fcomments&post=4012"}],"version-history":[{"count":0,"href":"https:\/\/construcaocivil.siriusmarketingedesign.com.br\/index.php?rest_route=\/wp\/v2\/posts\/4012\/revisions"}],"wp:attachment":[{"href":"https:\/\/construcaocivil.siriusmarketingedesign.com.br\/index.php?rest_route=%2Fwp%2Fv2%2Fmedia&parent=4012"}],"wp:term":[{"taxonomy":"category","embeddable":true,"href":"https:\/\/construcaocivil.siriusmarketingedesign.com.br\/index.php?rest_route=%2Fwp%2Fv2%2Fcategories&post=4012"},{"taxonomy":"post_tag","embeddable":true,"href":"https:\/\/construcaocivil.siriusmarketingedesign.com.br\/index.php?rest_route=%2Fwp%2Fv2%2Ftags&post=4012"}],"curies":[{"name":"wp","href":"https:\/\/api.w.org\/{rel}","templated":true}]}}