{"id":4024,"date":"2016-11-03T13:16:46","date_gmt":"2016-11-03T16:16:46","guid":{"rendered":"http:\/\/www.jornaldaconstrucaocivil.com.br\/?p=4024"},"modified":"2016-11-03T13:16:46","modified_gmt":"2016-11-03T16:16:46","slug":"vendas-no-varejo-de-material-de-construcao-crescem-3-em-outubro","status":"publish","type":"post","link":"https:\/\/construcaocivil.siriusmarketingedesign.com.br\/?p=4024","title":{"rendered":"Vendas no varejo de material de constru\u00e7\u00e3o crescem 3% em outubro"},"content":{"rendered":"<p style=\"text-align: justify;\">Varejo<\/p>\n<p style=\"text-align: justify;\"><span style=\"color: #000080;\"><strong>Compara\u00e7\u00e3o dos \u00faltimos seis meses do ano com o mesmo per\u00edodo do ano passado indica que vendas pararam de cair. Setor, no entanto, deve fechar 2016 com queda de 8% sobre 2015<\/strong><\/span><\/p>\n<p style=\"text-align: justify;\"><span style=\"color: #000000;\"><span style=\"color: #993300;\">Novembro, 2016 &#8211;<\/span> As vendas no varejo de material de constru\u00e7\u00e3o cresceram 3% no m\u00eas de outubro, na compara\u00e7\u00e3o com setembro. O desempenho \u00e9 similar ao registrado no mesmo per\u00edodo do ano passado. Os dados s\u00e3o da pesquisa mensal da Anamaco (Associa\u00e7\u00e3o Nacional dos Comerciantes de Material de Constru\u00e7\u00e3o), realizada pelo instituto de pesquisas da entidade com o apoio da Abrafati, Instituto Crisotila Brasil, Anfacer e Siamfesp. O estudo ouviu 530 lojistas de todas as regi\u00f5es do pa\u00eds entre os dias 26 e 28 de outubro. A margem de erro \u00e9 de 4,3%.<\/span><\/p>\n<p style=\"text-align: justify;\"><span style=\"color: #000000;\">\u201cCom os resultados apresentados no m\u00eas, o setor continua com queda de 7% no acumulado do ano e de 8% no acumulado dos \u00faltimos 12 meses. O lado positivo \u00e9 que, comparando os \u00faltimos seis meses com o mesmo per\u00edodo do ano passado, o setor apresenta um desempenho ligeiramente melhor, com crescimento de 2%, o que nos indica que as vendas definitivamente pararam de cair\u201d, explica Cl\u00e1udio Conz, presidente da Anamaco.<\/span><\/p>\n<p style=\"text-align: justify;\"><span style=\"color: #000000;\">Segundo ele, se essa tend\u00eancia se confirmar, o setor deve fechar o ano de 2016 com queda de 8% sobre 2015, quando teve um faturamento de R$ 115 bilh\u00f5es. \u201cSe analisarmos o comportamento do varejo de material de constru\u00e7\u00e3o nos \u00faltimos seis meses, podemos prever uma recupera\u00e7\u00e3o das vendas em 2017 da ordem de 3%\u201d, explica o presidente da Anamaco. &#8220;Muito fatores devem influenciar diretamente o nosso segmento agora no final do ano, que \u00e9 uma \u00e9poca em que as pessoas costumam arrumar a casa para receber a fam\u00edlia e celebrar o Natal e Ano Novo. Al\u00e9m disso, teremos no dia 09 de novembro o lan\u00e7amento do Cart\u00e3o Reforma, pelo governo federal, e do novo programa da Caixa com o Construcard, que j\u00e1 colocou R$ 7 bilh\u00f5es no or\u00e7amento de 2017 para financiamento de material de constru\u00e7\u00e3o\u201d, completa.<\/span><\/p>\n<p style=\"text-align: justify;\"><span style=\"color: #000000;\">A pesquisa mensal da Anamaco mostrou que o aumento de vendas ocorreu principalmente nas regi\u00f5es Nordeste (12%), Norte (5%) e Sudeste (3%). J\u00e1 o Sul apresentou desempenho negativo de 6% e o Centro-Oeste teve resultado similar ao m\u00eas anterior.<\/span><\/p>\n<p style=\"text-align: justify;\"><span style=\"color: #000000;\">Dentre as categorias pesquisadas, tintas, que possui um comportamento sazonal, foi a que obteve melhor resultado, com crescimento de 9%. J\u00e1 revestimentos cer\u00e2micos e lou\u00e7as sanit\u00e1rias cresceram 2% cada, enquanto telhas de fibrocimento tiveram retra\u00e7\u00e3o de 3%.<\/span><\/p>\n<p style=\"text-align: justify;\"><span style=\"color: #000000;\">Os lojistas entrevistados pelo estudo esperam que novembro seja um m\u00eas de desempenho est\u00e1vel e de crescimento em algumas categorias sazonais. Cerca de 38% deles t\u00eam pretens\u00e3o de fazer novos investimento nos pr\u00f3ximos 12 meses e 13% pretendem contratar funcion\u00e1rios em dezembro. J\u00e1 o otimismo com rela\u00e7\u00e3o \u00e0s a\u00e7\u00f5es do Governo nos pr\u00f3ximos meses retraiu de 59% para 55%.<\/span><\/p>\n<p style=\"text-align: justify;\"><span style=\"color: #000080;\"><strong>A Anamaco &#8211; Associa\u00e7\u00e3o Nacional dos Comerciantes de Material de Constru\u00e7\u00e3o<\/strong> &#8211; \u00e9 uma entidade de classe, sem fins lucrativos, que funciona como interface entre os \u00f3rg\u00e3os governamentais e as Acomacs e Fecomacs, demais entidades, fabricantes e comerciantes de material de constru\u00e7\u00e3o. Em 2016, a entidade comemora 52 anos de funda\u00e7\u00e3o de seu sistema associativista.<\/span><\/p>\n<p style=\"text-align: justify;\"><span style=\"color: #000080;\">A cadeia da constru\u00e7\u00e3o \u00e9 o 4\u00ba maior gerador de empregos do pa\u00eds e remunera seus trabalhadores 11,7% mais do que os outros setores da economia. Em termos reais, o valor adicionado pelo com\u00e9rcio de material de constru\u00e7\u00e3o cresceu a uma taxa de 8,5% ao ano entre 2007 e 2014, e o emprego expandiu-se a um ritmo de 6,5% ao ano.<\/span><\/p>\n<p style=\"text-align: justify;\"><span style=\"color: #800080;\">Fonte: Assessoria de Imprensa Anamaco\u00a0<\/span><\/p>\n<p>&nbsp;<\/p>\n","protected":false},"excerpt":{"rendered":"<p>Varejo Compara\u00e7\u00e3o dos \u00faltimos seis meses do ano com o mesmo per\u00edodo do ano passado indica que vendas pararam de cair. Setor, no entanto, deve fechar 2016 com queda de 8% sobre 2015 Novembro, 2016 &#8211; As vendas no varejo de material de constru\u00e7\u00e3o cresceram 3% no m\u00eas de outubro, na compara\u00e7\u00e3o com setembro. O [&hellip;]<\/p>\n","protected":false},"author":1,"featured_media":0,"comment_status":"open","ping_status":"open","sticky":false,"template":"","format":"standard","meta":{"_uag_custom_page_level_css":"","footnotes":""},"categories":[33],"tags":[1047,1661,7005,7362,7470,9498,9863,12211],"class_list":["post-4024","post","type-post","status-publish","format-standard","hentry","category-mercado","tag-associacao-nacional-dos-comerciantes-de-material-de-construcaoanamaco","tag-cadeia-da-construcao-civil","tag-lojas-de-material-de-construcao","tag-material-de-construcao","tag-mercado","tag-produtos-e-vendas","tag-queda-nas-vendas-de-material-de-construcao","tag-varejo"],"blocksy_meta":[],"spectra_blocks_featured_image_url":null,"spectra_blocks_author_info":{"display_name":"Jornal da Constru\u00e7\u00e3o Civil","avatar_url":"https:\/\/secure.gravatar.com\/avatar\/973c9774fd44ddaceb026973c4962faa70fc512bc4c9da68e8ebb40fecee6540?s=96&d=mm&r=g","author_link":"https:\/\/construcaocivil.siriusmarketingedesign.com.br\/?author=1","description":"Desde de 2013, levando muitas informa\u00e7\u00f5es, lan\u00e7amentos e produtos de qualidade para toda cadeia produtiva da constru\u00e7\u00e3o. O Futuro da constru\u00e7\u00e3o passa por aqui,"},"uagb_featured_image_src":{"full":false,"thumbnail":false,"medium":false,"medium_large":false,"large":false,"1536x1536":false,"2048x2048":false},"uagb_author_info":{"display_name":"Jornal da Constru\u00e7\u00e3o Civil","author_link":"https:\/\/construcaocivil.siriusmarketingedesign.com.br\/?author=1"},"uagb_comment_info":0,"uagb_excerpt":"Varejo Compara\u00e7\u00e3o dos \u00faltimos seis meses do ano com o mesmo per\u00edodo do ano passado indica que vendas pararam de cair. Setor, no entanto, deve fechar 2016 com queda de 8% sobre 2015 Novembro, 2016 &#8211; As vendas no varejo de material de constru\u00e7\u00e3o cresceram 3% no m\u00eas de outubro, na compara\u00e7\u00e3o com setembro. O&hellip;","_links":{"self":[{"href":"https:\/\/construcaocivil.siriusmarketingedesign.com.br\/index.php?rest_route=\/wp\/v2\/posts\/4024","targetHints":{"allow":["GET"]}}],"collection":[{"href":"https:\/\/construcaocivil.siriusmarketingedesign.com.br\/index.php?rest_route=\/wp\/v2\/posts"}],"about":[{"href":"https:\/\/construcaocivil.siriusmarketingedesign.com.br\/index.php?rest_route=\/wp\/v2\/types\/post"}],"author":[{"embeddable":true,"href":"https:\/\/construcaocivil.siriusmarketingedesign.com.br\/index.php?rest_route=\/wp\/v2\/users\/1"}],"replies":[{"embeddable":true,"href":"https:\/\/construcaocivil.siriusmarketingedesign.com.br\/index.php?rest_route=%2Fwp%2Fv2%2Fcomments&post=4024"}],"version-history":[{"count":0,"href":"https:\/\/construcaocivil.siriusmarketingedesign.com.br\/index.php?rest_route=\/wp\/v2\/posts\/4024\/revisions"}],"wp:attachment":[{"href":"https:\/\/construcaocivil.siriusmarketingedesign.com.br\/index.php?rest_route=%2Fwp%2Fv2%2Fmedia&parent=4024"}],"wp:term":[{"taxonomy":"category","embeddable":true,"href":"https:\/\/construcaocivil.siriusmarketingedesign.com.br\/index.php?rest_route=%2Fwp%2Fv2%2Fcategories&post=4024"},{"taxonomy":"post_tag","embeddable":true,"href":"https:\/\/construcaocivil.siriusmarketingedesign.com.br\/index.php?rest_route=%2Fwp%2Fv2%2Ftags&post=4024"}],"curies":[{"name":"wp","href":"https:\/\/api.w.org\/{rel}","templated":true}]}}