{"id":4051,"date":"2016-11-04T18:53:05","date_gmt":"2016-11-04T21:53:05","guid":{"rendered":"http:\/\/www.jornaldaconstrucaocivil.com.br\/?p=4051"},"modified":"2016-11-04T18:53:05","modified_gmt":"2016-11-04T21:53:05","slug":"firjan-realiza-palestra-gratuita-para-profissionais-da-construcao-civil","status":"publish","type":"post","link":"https:\/\/construcaocivil.siriusmarketingedesign.com.br\/?p=4051","title":{"rendered":"FIRJAN realiza palestra gratuita para profissionais da Constru\u00e7\u00e3o Civil"},"content":{"rendered":"<p><span style=\"color: #000080;\"><strong>Encontro acontece em Niter\u00f3i e traz as tend\u00eancias e inova\u00e7\u00f5es do BIM \u2013 Modelagem da Informa\u00e7\u00e3o da Constru\u00e7\u00e3o<\/strong><\/span><\/p>\n<p style=\"text-align: justify;\"><span style=\"color: #000000;\"><span style=\"color: #993300;\">Novembro, 2016 &#8211;<\/span> O Sistema FIRJAN promove no dia 9, \u00e0s 9h, o Giro Constru\u00e7\u00e3o Civil com a tem\u00e1tica BIM \u2013 Modelagem da Informa\u00e7\u00e3o da Constru\u00e7\u00e3o. A palestra, em parceria com a empresa Autodesk, abordar\u00e1 o futuro da tecnologia de projetos e constru\u00e7\u00e3o e conectando as cidades com o futuro. O encontro ser\u00e1 na Representa\u00e7\u00e3o Regional FIRJAN Leste Fluminense, em Niter\u00f3i.<\/span><\/p>\n<p><a href=\"http:\/\/www.jornaldaconstrucaocivil.com.br\/wp-content\/uploads\/2016\/11\/Giro-1.jpg\"><img loading=\"lazy\" decoding=\"async\" class=\"wp-image-4052 alignleft\" src=\"http:\/\/www.jornaldaconstrucaocivil.com.br\/wp-content\/uploads\/2016\/11\/Giro-1-1024x683.jpg\" alt=\"giro-1\" width=\"425\" height=\"283\" \/><\/a><\/p>\n<p style=\"text-align: justify;\"><span style=\"color: #000000;\">De acordo com o especialista setorial da Constru\u00e7\u00e3o da Federa\u00e7\u00e3o, Roberto da Cunha, <em><span style=\"color: #993300;\">\u201ctrata-se de um encontro de cunho profissional ligado \u00e0 inova\u00e7\u00e3o na ind\u00fastria da constru\u00e7\u00e3o, reunindo profissionais de planejamento urbano, constru\u00e7\u00e3o civil, engenharia e arquitetura\u201d<\/span><\/em>.<\/span><\/p>\n<p style=\"text-align: justify;\"><span style=\"color: #000000;\">O Giro Constru\u00e7\u00e3o Civil \u00e9 um ciclo de palestras com o objetivo de apresentar um panorama atualizado sobre o mercado da constru\u00e7\u00e3o. O encontro gratuito fornece informa\u00e7\u00e3o setorial qualificada sobre conceitos, produtos, tecnologias, equipamentos, processos industriais, mat\u00e9rias-primas, comportamento e consumo, que podem impactar no desenvolvimento dos setores industriais. Al\u00e9m dos profissionais da constru\u00e7\u00e3o civil, podem participar da palestra estudantes e professores do setor.<\/span><\/p>\n<p style=\"text-align: justify;\"><span style=\"color: #000000;\">O Building Information Modeling (BIM), ou Modelo de Informa\u00e7\u00e3o da Constru\u00e7\u00e3o, n\u00e3o \u00e9 apenas um software, mas um conjunto de processos que usa tecnologias que criam um modelo de informa\u00e7\u00e3o para as edifica\u00e7\u00f5es. O BIM otimiza o desenvolvimento e transmiss\u00e3o de informa\u00e7\u00f5es integrando projeto, constru\u00e7\u00e3o e opera\u00e7\u00e3o\/manuten\u00e7\u00e3o de uma edifica\u00e7\u00e3o durante todo seu ciclo de vida.<\/span><\/p>\n<p style=\"text-align: justify;\"><span style=\"color: #000000;\">O Giro Constru\u00e7\u00e3o Civil tamb\u00e9m acontecer\u00e1 em Petr\u00f3polis (22\/11) e Cabo Frio (24\/11). As inscri\u00e7\u00f5es s\u00e3o gratuitas e podem ser feitas pelos telefones 0800 0231 231 ou pelo site <strong><span style=\"color: #0000ff;\">www.firjan.com.br\/eventos<\/span><\/strong>.\u00a0 A Representa\u00e7\u00e3o Regional da FIRJAN\/CIRJ Leste Fluminense fica na Rua Visconde de Uruguai, 535, no Centro de Niter\u00f3i.<\/span><\/p>\n<p style=\"text-align: justify;\"><strong><span style=\"color: #993300;\">SERVI\u00c7O:<\/span><\/strong><\/p>\n<p><strong><span style=\"color: #993300;\">GIRO CONSTRU\u00c7\u00c3O CIVIL<\/span><\/strong><\/p>\n<p><strong><span style=\"color: #993300;\">Dia: 09\/11\/2016 (quarta-feira)<\/span><\/strong><\/p>\n<p><strong><span style=\"color: #993300;\">Hora: 9h<\/span><\/strong><\/p>\n<p><strong><span style=\"color: #993300;\">Local: Representa\u00e7\u00e3o Regional FIRJAN\/ CIRJ Leste Fluminense \u2013 Rua Visconde de Uruguai, 535\/ 12\u00ba andar \u2013 Centro &#8211; Niter\u00f3i<\/span><\/strong><\/p>\n<p><strong><span style=\"color: #993300;\">Entrada gratuita<\/span><\/strong><\/p>\n<p>&nbsp;<\/p>\n","protected":false},"excerpt":{"rendered":"<p>Encontro acontece em Niter\u00f3i e traz as tend\u00eancias e inova\u00e7\u00f5es do BIM \u2013 Modelagem da Informa\u00e7\u00e3o da Constru\u00e7\u00e3o Novembro, 2016 &#8211; O Sistema FIRJAN promove no dia 9, \u00e0s 9h, o Giro Constru\u00e7\u00e3o Civil com a tem\u00e1tica BIM \u2013 Modelagem da Informa\u00e7\u00e3o da Constru\u00e7\u00e3o. A palestra, em parceria com a empresa Autodesk, abordar\u00e1 o futuro [&hellip;]<\/p>\n","protected":false},"author":1,"featured_media":4052,"comment_status":"open","ping_status":"open","sticky":false,"template":"","format":"standard","meta":{"_uag_custom_page_level_css":"","footnotes":""},"categories":[27],"tags":[1114,1620,2078,5495,10136,11569],"class_list":["post-4051","post","type-post","status-publish","format-standard","has-post-thumbnail","hentry","category-acontece","tag-autodesk","tag-building-information-modeling-bim","tag-centro-niteroi-rj","tag-giro-construcao-civil","tag-regional-firjan-cirj-leste-fluminense","tag-tecnologia"],"blocksy_meta":[],"spectra_blocks_featured_image_url":[],"spectra_blocks_author_info":{"display_name":"Jornal da Constru\u00e7\u00e3o Civil","avatar_url":"https:\/\/secure.gravatar.com\/avatar\/973c9774fd44ddaceb026973c4962faa70fc512bc4c9da68e8ebb40fecee6540?s=96&d=mm&r=g","author_link":"https:\/\/construcaocivil.siriusmarketingedesign.com.br\/?author=1","description":"Desde de 2013, levando muitas informa\u00e7\u00f5es, lan\u00e7amentos e produtos de qualidade para toda cadeia produtiva da constru\u00e7\u00e3o. O Futuro da constru\u00e7\u00e3o passa por aqui,"},"uagb_featured_image_src":{"full":false,"thumbnail":false,"medium":false,"medium_large":false,"large":false,"1536x1536":false,"2048x2048":false},"uagb_author_info":{"display_name":"Jornal da Constru\u00e7\u00e3o Civil","author_link":"https:\/\/construcaocivil.siriusmarketingedesign.com.br\/?author=1"},"uagb_comment_info":0,"uagb_excerpt":"Encontro acontece em Niter\u00f3i e traz as tend\u00eancias e inova\u00e7\u00f5es do BIM \u2013 Modelagem da Informa\u00e7\u00e3o da Constru\u00e7\u00e3o Novembro, 2016 &#8211; O Sistema FIRJAN promove no dia 9, \u00e0s 9h, o Giro Constru\u00e7\u00e3o Civil com a tem\u00e1tica BIM \u2013 Modelagem da Informa\u00e7\u00e3o da Constru\u00e7\u00e3o. A palestra, em parceria com a empresa Autodesk, abordar\u00e1 o futuro&hellip;","_links":{"self":[{"href":"https:\/\/construcaocivil.siriusmarketingedesign.com.br\/index.php?rest_route=\/wp\/v2\/posts\/4051","targetHints":{"allow":["GET"]}}],"collection":[{"href":"https:\/\/construcaocivil.siriusmarketingedesign.com.br\/index.php?rest_route=\/wp\/v2\/posts"}],"about":[{"href":"https:\/\/construcaocivil.siriusmarketingedesign.com.br\/index.php?rest_route=\/wp\/v2\/types\/post"}],"author":[{"embeddable":true,"href":"https:\/\/construcaocivil.siriusmarketingedesign.com.br\/index.php?rest_route=\/wp\/v2\/users\/1"}],"replies":[{"embeddable":true,"href":"https:\/\/construcaocivil.siriusmarketingedesign.com.br\/index.php?rest_route=%2Fwp%2Fv2%2Fcomments&post=4051"}],"version-history":[{"count":0,"href":"https:\/\/construcaocivil.siriusmarketingedesign.com.br\/index.php?rest_route=\/wp\/v2\/posts\/4051\/revisions"}],"wp:attachment":[{"href":"https:\/\/construcaocivil.siriusmarketingedesign.com.br\/index.php?rest_route=%2Fwp%2Fv2%2Fmedia&parent=4051"}],"wp:term":[{"taxonomy":"category","embeddable":true,"href":"https:\/\/construcaocivil.siriusmarketingedesign.com.br\/index.php?rest_route=%2Fwp%2Fv2%2Fcategories&post=4051"},{"taxonomy":"post_tag","embeddable":true,"href":"https:\/\/construcaocivil.siriusmarketingedesign.com.br\/index.php?rest_route=%2Fwp%2Fv2%2Ftags&post=4051"}],"curies":[{"name":"wp","href":"https:\/\/api.w.org\/{rel}","templated":true}]}}