{"id":406,"date":"2015-11-18T03:10:58","date_gmt":"2015-11-18T03:10:58","guid":{"rendered":"http:\/\/www.jornaldaconstrucaocivil.com.br\/?p=406"},"modified":"2015-11-18T03:10:58","modified_gmt":"2015-11-18T03:10:58","slug":"cnh-industrial-e-destaque-em-debates-sobre-o-polo-automotivo-de-minas-gerais","status":"publish","type":"post","link":"https:\/\/construcaocivil.siriusmarketingedesign.com.br\/?p=406","title":{"rendered":"CNH Industrial \u00e9 destaque em debates sobre o Polo Automotivo de Minas Gerais"},"content":{"rendered":"<p><span style=\"color: #000000;\"><strong><em>Em evento do setor, a empresa, que tem quatro plantas no estado, ressalta a import\u00e2ncia dos seus neg\u00f3cios na regi\u00e3o e apresenta suas iniciativas para aumentar a competitividade <\/em><\/strong><\/span><\/p>\n<p><span style=\"color: #000000;\">A ind\u00fastria automotiva mineira tem uma enorme import\u00e2ncia no cen\u00e1rio nacional e mundial, mas segundo profissionais do setor, incluindo os representantes da CNH Industrial, ainda h\u00e1 muitas oportunidades de crescimento e alguns gargalos que prejudicam a competitividade local. Esse foi o consenso entre os participantes do 1\u00ba F\u00f3rum Automotivo Regional de Minas Gerais, promovido pela AutoData nesta segunda-feira (16\/11), em Belo Horizonte. O evento, que reuniu montadoras, sistemistas e fabricantes de motores e autope\u00e7as, faz parte de uma s\u00e9rie que percorrer\u00e1 o pa\u00eds para discutir e levantar o perfil industrial de cada estado.<\/span><\/p>\n<p><span style=\"color: #000000;\">De acordo com dados apresentados pela Anfavea (Associa\u00e7\u00e3o Nacional dos Fabricantes de Ve\u00edculos Automotores) e pela Fiemg (Federa\u00e7\u00e3o das Ind\u00fastrias do Estado de Minas Gerais), o estado \u00e9 o segundo maior polo\u00a0automotivo\u00a0do Brasil. Al\u00e9m disso, ocupa a segunda posi\u00e7\u00e3o em outros pontos: em n\u00famero de licenciamentos, concession\u00e1rias e maior frota do pa\u00eds.<\/span><\/p>\n<figure id=\"attachment_407\" aria-describedby=\"caption-attachment-407\" style=\"width: 236px\" class=\"wp-caption alignleft\"><a href=\"http:\/\/www.jornaldaconstrucaocivil.com.br\/wp-content\/uploads\/2015\/11\/OSIAS-DIRETOR-CNHI.jpg\"><img loading=\"lazy\" decoding=\"async\" class=\"wp-image-407 size-medium\" src=\"http:\/\/www.jornaldaconstrucaocivil.com.br\/wp-content\/uploads\/2015\/11\/OSIAS-DIRETOR-CNHI-236x300.jpg\" alt=\"OSIAS DIRETOR CNHI\" width=\"236\" height=\"300\" \/><\/a><figcaption id=\"caption-attachment-407\" class=\"wp-caption-text\"><span style=\"color: #ff0000;\"><strong>Osias Galantine<\/strong>, diretor de Compras da CNH Industrial para a Am\u00e9rica Latina<\/span><\/figcaption><\/figure>\n<p><span style=\"color: #000000;\">Abrindo a participa\u00e7\u00e3o da CNH Industrial no evento, o diretor de Compras para a Am\u00e9rica Latina, Osias Galantine, destacou, na palestra, a presen\u00e7a e as atividades da empresa em Minas Gerais. <em>\u201cO estado \u00e9 refer\u00eancia industrial e muito importante para as nossas opera\u00e7\u00f5es, por isso os investimentos na regi\u00e3o s\u00e3o constantes. Temos uma planta em Contagem, que produz m\u00e1quinas de constru\u00e7\u00e3o das marcas Case Construction Equipment e New Holland Construction, uma das mais competitivas do grupo no mundo, e tr\u00eas em Sete Lagoas, que fabricam ve\u00edculos comerciais das marcas Iveco e Iveco Bus; de defesa da Iveco Defence, al\u00e9m de motores da FPT Industrial\u201d<\/em>, disse<\/span><\/p>\n<p><span style=\"color: #000000;\">Segundo o diretor, a empresa tem muitas oportunidades de crescimento em Minas Gerais, mesmo diante da crise, e assim contribuir ainda mais para o desenvolvimento econ\u00f4mico do estado. <em>\u201cEstamos sempre buscando iniciativas para aumentar a competitividade das nossas f\u00e1bricas e dos nossos produtos, bem como de toda a cadeia produtiva. Dentre os caminhos, est\u00e1 a necessidade de otimizar a localiza\u00e7\u00e3o de componentes, de trazer os fornecedores para perto das plantas e de focar nas exporta\u00e7\u00f5es. Dois exemplos s\u00e3o o Distrito Industrial de Sete Lagoas II, que visa abrigar 20 fornecedores ao lado da f\u00e1brica para garantir custos, al\u00e9m da iniciativa da CNH Industrial em exportar componentes do estoque para as plantas do grupo a fim de movimentar a cadeia\u201d<\/em>, ressalta.<\/span><\/p>\n<p><span style=\"color: #000000;\">No F\u00f3rum, o presidente da FPT Industrial na Am\u00e9rica Latina, Marco Aur\u00e9lio Rangel, participou de painel com outros representantes do setor. Na ocasi\u00e3o, o executivo, afirmou a import\u00e2ncia do estado para a FPT Industrial, que est\u00e1 presente em Minas h\u00e1 15 anos, com a f\u00e1brica em Sete Lagoas, o escrit\u00f3rio central em Nova Lima e o Centro de P&amp;D (Pesquisa e Desenvolvimento) em Betim, inaugurado em 2014.\u00a0<\/span><\/p>\n<p><span style=\"color: #000000;\"><em>\u201cA cada ano a FPT Industrial amplia sua presen\u00e7a no estado. Temos aqui importantes clientes, principalmente as marcas da CNH Industrial. Acreditamos no potencial da regi\u00e3o e continuamos com os investimentos em longo prazo, mesmo diante da atual situa\u00e7\u00e3o do mercado, como os esfor\u00e7os de localiza\u00e7\u00e3o para a competitividade do grupo\u201d<\/em>, completou Rangel.\u00a0<\/span><\/p>\n<p><span style=\"color: #000000;\">Encerrando o evento e a participa\u00e7\u00e3o do grupo, o diretor de Vendas Corporativas e de Vendas ao Governo da\u00a0Iveco, Osmar Hirashiki, apresentou, durante palestra, a for\u00e7a da marca e os esfor\u00e7os feitos para deix\u00e1-la ainda mais competitiva no pa\u00eds. Exemplo disso \u00e9 o anunciado investimento de R$ 650 milh\u00f5es, at\u00e9 2016, em frentes como a nacionaliza\u00e7\u00e3o de conte\u00fados, aprimoramento de processos industriais e P&amp;D.<\/span><\/p>\n<p><span style=\"color: #000000;\"><em>\u201cNa gest\u00e3o e na estrutura da planta, podemos citar as mudan\u00e7as de log\u00edstica interna e a inaugura\u00e7\u00e3o do campo de provas Iveco, um dos maiores da Am\u00e9rica Latina. Tamb\u00e9m focamos muito na nacionaliza\u00e7\u00e3o de componentes, o que tem como consequ\u00eancia o fortalecimento da cadeia de fornecedores locais e a gera\u00e7\u00e3o de emprego e renda na regi\u00e3o. Al\u00e9m, claro, de contribuir para que sejamos mais competitivos \u00e0 medida que tornaremos mais independentes da flutua\u00e7\u00e3o cambial\u201d<\/em>, disse.<\/span><\/p>\n<p><span style=\"color: #000000;\"><strong>Sobre a CNH Industrial<\/strong><\/span><\/p>\n<p><span style=\"color: #000000;\"><strong>CNH Industrial<\/strong> <strong>N.V.<\/strong> (NYSE: CNHI \/MI: CNHI) \u00e9 l\u00edder global no setor de bens de capital com experi\u00eancia industrial reconhecida, uma ampla gama de produtos e presen\u00e7a mundial. Cada uma das marcas individuais que pertencem \u00e0 companhia \u00e9 uma for\u00e7a internacional de destaque em seu setor espec\u00edfico: Case IH, New Holland Agriculture e Steyr para tratores e m\u00e1quinas agr\u00edcolas; Case e New Holland Construction para equipamentos de movimenta\u00e7\u00e3o de terra; Iveco para ve\u00edculos comerciais; Iveco Bus e Heuliez Bus para \u00f4nibus urbanos e rodovi\u00e1rios; Iveco Astra para ve\u00edculos de pedreira e constru\u00e7\u00e3o; Magirus para ve\u00edculos de combate a inc\u00eandio; Iveco Ve\u00edculos de Defesa para defesa e prote\u00e7\u00e3o civil; e FPT Industrial para motores e transmiss\u00f5es. Mais informa\u00e7\u00f5es est\u00e3o dispon\u00edveis no website da empresa:<span style=\"color: #3366ff;\"> <a style=\"color: #3366ff;\" href=\"http:\/\/www.cnhtools.com\/comunica\/informativo\/links\/contaclick.aspx?Codigo=Njg1OA==&amp;CodigoUsuario=MTMxODQ1Mjk=\" target=\"_blank\">www.cnhindustrial.com<\/a><\/span><\/span><\/p>\n<p><span style=\"color: #000000;\">\u00a0<strong>Para mais informa\u00e7\u00f5es:<\/strong><\/span><\/p>\n<p class=\"01TESTO\"><span style=\"color: #000000;\"><strong>CNH Industrial &#8211; Imprensa Brasil<\/strong><\/span><\/p>\n","protected":false},"excerpt":{"rendered":"<p>Em evento do setor, a empresa, que tem quatro plantas no estado, ressalta a import\u00e2ncia dos seus neg\u00f3cios na regi\u00e3o e apresenta suas iniciativas para aumentar a competitividade A ind\u00fastria automotiva mineira tem uma enorme import\u00e2ncia no cen\u00e1rio nacional e mundial, mas segundo profissionais do setor, incluindo os representantes da CNH Industrial, ainda h\u00e1 muitas [&hellip;]<\/p>\n","protected":false},"author":1,"featured_media":407,"comment_status":"open","ping_status":"open","sticky":false,"template":"","format":"standard","meta":{"_uag_custom_page_level_css":"","footnotes":""},"categories":[27],"tags":[2366,8536,9075],"class_list":["post-406","post","type-post","status-publish","format-standard","has-post-thumbnail","hentry","category-acontece","tag-cnh-industrial","tag-osias-galantine","tag-polo-automotivo-de-minas-gerais"],"blocksy_meta":[],"spectra_blocks_featured_image_url":[],"spectra_blocks_author_info":{"display_name":"Jornal da Constru\u00e7\u00e3o Civil","avatar_url":"https:\/\/secure.gravatar.com\/avatar\/973c9774fd44ddaceb026973c4962faa70fc512bc4c9da68e8ebb40fecee6540?s=96&d=mm&r=g","author_link":"https:\/\/construcaocivil.siriusmarketingedesign.com.br\/?author=1","description":"Desde de 2013, levando muitas informa\u00e7\u00f5es, lan\u00e7amentos e produtos de qualidade para toda cadeia produtiva da constru\u00e7\u00e3o. O Futuro da constru\u00e7\u00e3o passa por aqui,"},"uagb_featured_image_src":{"full":false,"thumbnail":false,"medium":false,"medium_large":false,"large":false,"1536x1536":false,"2048x2048":false},"uagb_author_info":{"display_name":"Jornal da Constru\u00e7\u00e3o Civil","author_link":"https:\/\/construcaocivil.siriusmarketingedesign.com.br\/?author=1"},"uagb_comment_info":0,"uagb_excerpt":"Em evento do setor, a empresa, que tem quatro plantas no estado, ressalta a import\u00e2ncia dos seus neg\u00f3cios na regi\u00e3o e apresenta suas iniciativas para aumentar a competitividade A ind\u00fastria automotiva mineira tem uma enorme import\u00e2ncia no cen\u00e1rio nacional e mundial, mas segundo profissionais do setor, incluindo os representantes da CNH Industrial, ainda h\u00e1 muitas&hellip;","_links":{"self":[{"href":"https:\/\/construcaocivil.siriusmarketingedesign.com.br\/index.php?rest_route=\/wp\/v2\/posts\/406","targetHints":{"allow":["GET"]}}],"collection":[{"href":"https:\/\/construcaocivil.siriusmarketingedesign.com.br\/index.php?rest_route=\/wp\/v2\/posts"}],"about":[{"href":"https:\/\/construcaocivil.siriusmarketingedesign.com.br\/index.php?rest_route=\/wp\/v2\/types\/post"}],"author":[{"embeddable":true,"href":"https:\/\/construcaocivil.siriusmarketingedesign.com.br\/index.php?rest_route=\/wp\/v2\/users\/1"}],"replies":[{"embeddable":true,"href":"https:\/\/construcaocivil.siriusmarketingedesign.com.br\/index.php?rest_route=%2Fwp%2Fv2%2Fcomments&post=406"}],"version-history":[{"count":0,"href":"https:\/\/construcaocivil.siriusmarketingedesign.com.br\/index.php?rest_route=\/wp\/v2\/posts\/406\/revisions"}],"wp:attachment":[{"href":"https:\/\/construcaocivil.siriusmarketingedesign.com.br\/index.php?rest_route=%2Fwp%2Fv2%2Fmedia&parent=406"}],"wp:term":[{"taxonomy":"category","embeddable":true,"href":"https:\/\/construcaocivil.siriusmarketingedesign.com.br\/index.php?rest_route=%2Fwp%2Fv2%2Fcategories&post=406"},{"taxonomy":"post_tag","embeddable":true,"href":"https:\/\/construcaocivil.siriusmarketingedesign.com.br\/index.php?rest_route=%2Fwp%2Fv2%2Ftags&post=406"}],"curies":[{"name":"wp","href":"https:\/\/api.w.org\/{rel}","templated":true}]}}