{"id":4064,"date":"2016-11-07T13:06:00","date_gmt":"2016-11-07T16:06:00","guid":{"rendered":"http:\/\/www.jornaldaconstrucaocivil.com.br\/?p=4064"},"modified":"2016-11-07T13:06:00","modified_gmt":"2016-11-07T16:06:00","slug":"propostas-podem-ajudar-a-reduzir-contas-de-agua-e-luz-de-familias-de-baixa-renda","status":"publish","type":"post","link":"https:\/\/construcaocivil.siriusmarketingedesign.com.br\/?p=4064","title":{"rendered":"Propostas podem ajudar a reduzir contas de \u00e1gua e luz de fam\u00edlias de baixa renda"},"content":{"rendered":"<p style=\"text-align: justify;\"><span style=\"color: #993300;\">Brasil\u00a0<\/span><\/p>\n<p style=\"text-align: justify;\"><span style=\"color: #000000;\"><span style=\"color: #0000ff;\">Novembro, 2016 &#8211;<\/span> Podem ser votadas nesta ter\u00e7a-feira (1\u00ba) na Comiss\u00e3o de Meio Ambiente, Defesa do Consumidor e Fiscaliza\u00e7\u00e3o e Controle (CMA), em reuni\u00e3o a partir das 9h30, duas propostas que podem contribuir para reduzir as tarifas cobradas de fam\u00edlias de baixa renda pelo uso de energia el\u00e9trica e \u00e1gua.<\/span><\/p>\n<figure id=\"attachment_4065\" aria-describedby=\"caption-attachment-4065\" style=\"width: 344px\" class=\"wp-caption alignleft\"><a href=\"http:\/\/www.jornaldaconstrucaocivil.com.br\/wp-content\/uploads\/2016\/11\/AGENCIA-SENADO.jpg\"><img loading=\"lazy\" decoding=\"async\" class=\"wp-image-4065\" src=\"http:\/\/www.jornaldaconstrucaocivil.com.br\/wp-content\/uploads\/2016\/11\/AGENCIA-SENADO.jpg\" alt=\"agencia-senado\" width=\"344\" height=\"228\" \/><\/a><figcaption id=\"caption-attachment-4065\" class=\"wp-caption-text\"><strong><span style=\"color: #333300;\">Cr\u00e9ditos: S\u00e9rgio Amaral &#8211; MDS<\/span><\/strong><\/figcaption><\/figure>\n<p style=\"text-align: justify;\"><span style=\"color: #000000;\">O <strong><span style=\"color: #0000ff;\"><a class=\"external-link\" style=\"color: #0000ff;\" href=\"http:\/\/www25.senado.leg.br\/web\/atividade\/materias\/-\/materia\/125803\">PLC 18\/2016<\/a><\/span><\/strong>\u00a0obriga as distribuidoras de energia el\u00e9trica a divulgar, por meio de mensagem impressa nas faturas, a chamada tarifa social, que beneficia fam\u00edlias com renda de at\u00e9 meio sal\u00e1rio m\u00ednimo per capita. O desconto concedido varia de acordo com consumo de energia. O objetivo do projeto \u00e9 informar aos potenciais benefici\u00e1rios o direito \u00e0 tarifa reduzida.<\/span><\/p>\n<p style=\"text-align: justify;\"><span style=\"color: #000000;\">Al\u00e9m das mensagens na conta de luz, o texto prev\u00ea a divulga\u00e7\u00e3o na p\u00e1gina da empresa na internet. O relator, senador Paulo Rocha (PT-PA), apresentou voto favor\u00e1vel. Depois de passar pela CMA, a mat\u00e9ria ser\u00e1 votada em Plen\u00e1rio.<\/span><\/p>\n<p style=\"text-align: justify;\"><span style=\"color: #000000;\"><strong>\u00c1gua e esgoto<\/strong><\/span><\/p>\n<p style=\"text-align: justify;\"><span style=\"color: #000000;\">Tamb\u00e9m est\u00e1 em an\u00e1lise projeto que institui, em lei federal, a tarifa social de \u00e1gua e esgoto. A medida est\u00e1 prevista em substitutivo de Vanessa Grazziotin (PCdoB-AM) apresentado ao <strong><span style=\"color: #0000ff;\"><a class=\"external-link\" style=\"color: #0000ff;\" href=\"http:\/\/www25.senado.leg.br\/web\/atividade\/materias\/-\/materia\/115630\">PLS 505\/2013<\/a><\/span><\/strong>, do senador Eduardo Braga (PMDB-AM).<\/span><\/p>\n<p style=\"text-align: justify;\"><span style=\"color: #000000;\">O autor explica que a proposta busca conferir \u201cum m\u00ednimo de uniformidade nas tarifas cobradas das popula\u00e7\u00f5es mais necessitadas\u201d, uma vez que h\u00e1 discrep\u00e2ncias entre programas que instituem a tarifa social de \u00e1gua e esgoto adotados em muitos estados e munic\u00edpios.<\/span><\/p>\n<p style=\"text-align: justify;\"><span style=\"color: #000000;\">No substitutivo, a relatora determina que subven\u00e7\u00f5es nos servi\u00e7os de \u00e1gua e esgoto sejam aplicadas por meio de desconto calculado de acordo com o consumo, sendo tanto maior o subs\u00eddio quanto menor for o consumo.<\/span><\/p>\n<p style=\"text-align: justify;\"><span style=\"color: #000000;\">Vanessa Grazziotin preferiu tratar do tema na Lei do Saneamento B\u00e1sico <strong><span style=\"color: #0000ff;\">(<a class=\"external-link\" style=\"color: #0000ff;\" href=\"http:\/\/www.planalto.gov.br\/ccivil_03\/_ato2007-2010\/2007\/lei\/l11445.htm\">Lei 11.445\/2007<\/a>)<\/span><\/strong>, evitando a cria\u00e7\u00e3o de lei espec\u00edfica para instituir a tarifa social, como prop\u00f4s o autor da proposta. Depois da CMA, a mat\u00e9ria ser\u00e1 votada pela Comiss\u00e3o de Assuntos Econ\u00f4micos (CAE), em decis\u00e3o terminativa.<\/span><\/p>\n<p style=\"text-align: justify;\"><span style=\"color: #000000;\"><strong>Deficiente visual<\/strong><\/span><\/p>\n<p style=\"text-align: justify;\"><span style=\"color: #000000;\">Est\u00e1 ainda na pauta da CMA o <strong><span style=\"color: #0000ff;\"><a class=\"external-link\" style=\"color: #0000ff;\" href=\"http:\/\/www25.senado.leg.br\/web\/atividade\/materias\/-\/materia\/124745\">PLS 21\/2016<\/a><\/span><\/strong>, que obriga institui\u00e7\u00f5es financeiras a disponibilizar contratos em Braille para pessoas com defici\u00eancia visual. O autor do projeto, senador Fernando Bezerra Coelho (PSB-PE), afirma que a <strong><span style=\"color: #0000ff;\"><a style=\"color: #0000ff;\" href=\"http:\/\/www.planalto.gov.br\/ccivil_03\/leis\/1950-1969\/L4169.htm\">Lei 4.169\/1962<\/a><\/span><\/strong>, que tornou obrigat\u00f3rio o uso do Braille, n\u00e3o deixou claro em quais situa\u00e7\u00f5es ele deveria ser utilizado.<\/span><\/p>\n<p style=\"text-align: justify;\"><span style=\"color: #000000;\">Segundo a relatora na CMA, senadora L\u00eddice da Mata (PSB-BA), o projeto contribui para uma maior prote\u00e7\u00e3o e acessibilidade do consumidor com defici\u00eancia visual. Entretanto, a parlamentar apresentou emenda fixando prazo para que os bancos se adaptem \u00e0s novas regras.<\/span><\/p>\n<p style=\"text-align: justify;\"><span style=\"color: #000000;\">A proposta tamb\u00e9m precisa ser votada pelas Comiss\u00f5es de Educa\u00e7\u00e3o, Cultura e Esporte (CE) e de Direitos Humanos (CDH), recebendo decis\u00e3o terminativa nesta \u00faltima. Isso significa que, se for aprovada, poder\u00e1 seguir para a C\u00e2mara dos Deputados sem passar pelo Plen\u00e1rio do Senado, a menos que seja apresentado recurso com esse objetivo.<\/span><\/p>\n<p style=\"text-align: justify;\"><span style=\"color: #993300;\">Fonte: Ag\u00eancia Senado\u00a0<\/span><\/p>\n<p style=\"text-align: justify;\">\n","protected":false},"excerpt":{"rendered":"<p>Brasil\u00a0 Novembro, 2016 &#8211; Podem ser votadas nesta ter\u00e7a-feira (1\u00ba) na Comiss\u00e3o de Meio Ambiente, Defesa do Consumidor e Fiscaliza\u00e7\u00e3o e Controle (CMA), em reuni\u00e3o a partir das 9h30, duas propostas que podem contribuir para reduzir as tarifas cobradas de fam\u00edlias de baixa renda pelo uso de energia el\u00e9trica e \u00e1gua. O PLC 18\/2016\u00a0obriga as [&hellip;]<\/p>\n","protected":false},"author":1,"featured_media":4065,"comment_status":"open","ping_status":"open","sticky":false,"template":"","format":"standard","meta":{"_uag_custom_page_level_css":"","footnotes":""},"categories":[27],"tags":[557,2474,3734,3958,4869,6800,9723,10867,10869,10872,11520,12208],"class_list":["post-4064","post","type-post","status-publish","format-standard","has-post-thumbnail","hentry","category-acontece","tag-agua-e-esgoto","tag-comissao-de-assuntos-economicos-cae","tag-distribuidoras-de-energia-eletrica","tag-eduardo-braga-pmdb-am","tag-familias-de-baixa-renda","tag-lei-do-saneamento-basico-lei-11-4452007","tag-projeto-reduzir-contas-de-agua-e-luz","tag-senado-federal","tag-senador-paulo-rocha-pt-pa","tag-senadora-lidice-da-mata-psb-ba","tag-tarifa-social-de-agua-e-esgoto","tag-vanessa-grazziotin-pcdob-am"],"blocksy_meta":[],"spectra_blocks_featured_image_url":[],"spectra_blocks_author_info":{"display_name":"Jornal da Constru\u00e7\u00e3o Civil","avatar_url":"https:\/\/secure.gravatar.com\/avatar\/973c9774fd44ddaceb026973c4962faa70fc512bc4c9da68e8ebb40fecee6540?s=96&d=mm&r=g","author_link":"https:\/\/construcaocivil.siriusmarketingedesign.com.br\/?author=1","description":"Desde de 2013, levando muitas informa\u00e7\u00f5es, lan\u00e7amentos e produtos de qualidade para toda cadeia produtiva da constru\u00e7\u00e3o. O Futuro da constru\u00e7\u00e3o passa por aqui,"},"uagb_featured_image_src":{"full":false,"thumbnail":false,"medium":false,"medium_large":false,"large":false,"1536x1536":false,"2048x2048":false},"uagb_author_info":{"display_name":"Jornal da Constru\u00e7\u00e3o Civil","author_link":"https:\/\/construcaocivil.siriusmarketingedesign.com.br\/?author=1"},"uagb_comment_info":0,"uagb_excerpt":"Brasil\u00a0 Novembro, 2016 &#8211; Podem ser votadas nesta ter\u00e7a-feira (1\u00ba) na Comiss\u00e3o de Meio Ambiente, Defesa do Consumidor e Fiscaliza\u00e7\u00e3o e Controle (CMA), em reuni\u00e3o a partir das 9h30, duas propostas que podem contribuir para reduzir as tarifas cobradas de fam\u00edlias de baixa renda pelo uso de energia el\u00e9trica e \u00e1gua. O PLC 18\/2016\u00a0obriga as&hellip;","_links":{"self":[{"href":"https:\/\/construcaocivil.siriusmarketingedesign.com.br\/index.php?rest_route=\/wp\/v2\/posts\/4064","targetHints":{"allow":["GET"]}}],"collection":[{"href":"https:\/\/construcaocivil.siriusmarketingedesign.com.br\/index.php?rest_route=\/wp\/v2\/posts"}],"about":[{"href":"https:\/\/construcaocivil.siriusmarketingedesign.com.br\/index.php?rest_route=\/wp\/v2\/types\/post"}],"author":[{"embeddable":true,"href":"https:\/\/construcaocivil.siriusmarketingedesign.com.br\/index.php?rest_route=\/wp\/v2\/users\/1"}],"replies":[{"embeddable":true,"href":"https:\/\/construcaocivil.siriusmarketingedesign.com.br\/index.php?rest_route=%2Fwp%2Fv2%2Fcomments&post=4064"}],"version-history":[{"count":0,"href":"https:\/\/construcaocivil.siriusmarketingedesign.com.br\/index.php?rest_route=\/wp\/v2\/posts\/4064\/revisions"}],"wp:attachment":[{"href":"https:\/\/construcaocivil.siriusmarketingedesign.com.br\/index.php?rest_route=%2Fwp%2Fv2%2Fmedia&parent=4064"}],"wp:term":[{"taxonomy":"category","embeddable":true,"href":"https:\/\/construcaocivil.siriusmarketingedesign.com.br\/index.php?rest_route=%2Fwp%2Fv2%2Fcategories&post=4064"},{"taxonomy":"post_tag","embeddable":true,"href":"https:\/\/construcaocivil.siriusmarketingedesign.com.br\/index.php?rest_route=%2Fwp%2Fv2%2Ftags&post=4064"}],"curies":[{"name":"wp","href":"https:\/\/api.w.org\/{rel}","templated":true}]}}