{"id":4083,"date":"2016-11-07T14:56:52","date_gmt":"2016-11-07T17:56:52","guid":{"rendered":"http:\/\/www.jornaldaconstrucaocivil.com.br\/?p=4083"},"modified":"2016-11-07T14:56:52","modified_gmt":"2016-11-07T17:56:52","slug":"caurj-seleciona-12-projetos-para-a-4a-edicao-do-programa-de-patrocinio-cultural","status":"publish","type":"post","link":"https:\/\/construcaocivil.siriusmarketingedesign.com.br\/?p=4083","title":{"rendered":"CAU\/RJ seleciona 12 projetos para a 4\u00aa edi\u00e7\u00e3o do Programa de Patroc\u00ednio Cultural"},"content":{"rendered":"<p style=\"text-align: justify;\"><span style=\"color: #000080;\"><strong>Produ\u00e7\u00f5es culturais, eventos, cursos e publica\u00e7\u00f5es que valorizam a arquitetura e o urbanismo receber\u00e3o incentivo no valor de R$ 350 mil<\/strong><\/span><\/p>\n<p style=\"text-align: justify;\"><span style=\"color: #ff0000;\">Novembro, 2016 &#8211;<\/span><span style=\"color: #000000;\"> Foram 33 projetos inscritos no edital da 4\u00aa edi\u00e7\u00e3o do Programa de Patroc\u00ednio Cultural do Conselho de Arquitetura e Urbanismo do Rio de Janeiro (CAU\/RJ), lan\u00e7ado em junho. Entre os 12 selecionados est\u00e3o livros, produtos audiovisuais, eventos e exposi\u00e7\u00f5es (lista completa abaixo). O Programa, criado em 2013, tem como objetivo divulgar a arquitetura e o urbanismo para a sociedade, al\u00e9m de refor\u00e7ar a import\u00e2ncia de profiss\u00e3o e de seu valor cultural.<\/span><\/p>\n<p style=\"text-align: justify;\"><span style=\"color: #000000;\">No pr\u00f3ximo dia 11 de novembro, o presidente do CAU\/RJ, Jer\u00f4nimo de Moraes, e demais integrantes do Conselho, respons\u00e1veis por analisar as propostas, recebem, na sede do CAU, os idealizadores de cada projeto para assinar os conv\u00eanios e realizar as homologa\u00e7\u00f5es preliminares.\u00a0 Na ocasi\u00e3o tamb\u00e9m ser\u00e1 detalhada como dever\u00e1 ocorrer a presta\u00e7\u00e3o de contas.<\/span><\/p>\n<p style=\"text-align: justify;\"><span style=\"color: #000000;\">Neste ano, os projetos com alcance estadual receber\u00e3o at\u00e9 R$ 25 mil e, nacional, at\u00e9 R$ 35 mil, totalizando um incentivo no valor de R$ 350 mil. Um dos crit\u00e9rios para sele\u00e7\u00e3o \u00e9 o projeto comprovar a sua viabilidade econ\u00f4mica. O edital determina a apresenta\u00e7\u00e3o de documentos e certid\u00f5es que garantem que o proponente ter\u00e1 condi\u00e7\u00f5es de obter, al\u00e9m do valor do patroc\u00ednio do CAU, os demais recursos para que o projeto seja realizado.<\/span><\/p>\n<p style=\"text-align: justify;\"><span style=\"color: #000000;\">O CAU\/RJ assina o conv\u00eanio com aqueles que j\u00e1 t\u00eam toda a capta\u00e7\u00e3o de dinheiro finalizada e a homologa\u00e7\u00e3o preliminar com aqueles que ainda n\u00e3o t\u00eam o recurso completo e que ter\u00e3o o prazo de quatro meses para captar.<\/span><\/p>\n<p style=\"text-align: justify;\"><span style=\"color: #000000;\">Nas edi\u00e7\u00f5es passadas, o Programa de Patroc\u00ednio Cultural do CAU\/RJ\u00a0\u00a0 apoiou projetos como o premiado document\u00e1rio Bernardes, os livros\u00a0 \u00cdndio da Costa \u2013 Ar como arquitetura e Carlos Le\u00e3o-Arquitetura, a revista Monolito \u2013 Escola Carioca, a exposi\u00e7\u00e3o Niemeyer em Niter\u00f3i, entre outras publica\u00e7\u00f5es e eventos.<\/span><\/p>\n<p style=\"text-align: justify;\"><span style=\"color: #993300;\">Fonte: Assessoria de Imprensa &#8211; CAU-RJ<\/span><\/p>\n<p>&nbsp;<\/p>\n","protected":false},"excerpt":{"rendered":"<p>Produ\u00e7\u00f5es culturais, eventos, cursos e publica\u00e7\u00f5es que valorizam a arquitetura e o urbanismo receber\u00e3o incentivo no valor de R$ 350 mil Novembro, 2016 &#8211; Foram 33 projetos inscritos no edital da 4\u00aa edi\u00e7\u00e3o do Programa de Patroc\u00ednio Cultural do Conselho de Arquitetura e Urbanismo do Rio de Janeiro (CAU\/RJ), lan\u00e7ado em junho. Entre os 12 [&hellip;]<\/p>\n","protected":false},"author":1,"featured_media":0,"comment_status":"open","ping_status":"open","sticky":false,"template":"","format":"standard","meta":{"_uag_custom_page_level_css":"","footnotes":""},"categories":[27],"tags":[923,2668,2779,4776,6511,8040,9617,9767],"class_list":["post-4083","post","type-post","status-publish","format-standard","hentry","category-acontece","tag-arquitetura-e-urbanismo","tag-concurso","tag-conselho-de-arquitetura-e-urbanismo-do-rio-de-janeiro-caurj","tag-exposicao-niemeyer-niteroi","tag-jeronimo-de-moraes-presidente-do-cau-rj","tag-nacional","tag-programa-de-patrocinio-cultural-do-caurj","tag-projetos-estaduais"],"blocksy_meta":[],"spectra_blocks_featured_image_url":null,"spectra_blocks_author_info":{"display_name":"Jornal da Constru\u00e7\u00e3o Civil","avatar_url":"https:\/\/secure.gravatar.com\/avatar\/973c9774fd44ddaceb026973c4962faa70fc512bc4c9da68e8ebb40fecee6540?s=96&d=mm&r=g","author_link":"https:\/\/construcaocivil.siriusmarketingedesign.com.br\/?author=1","description":"Desde de 2013, levando muitas informa\u00e7\u00f5es, lan\u00e7amentos e produtos de qualidade para toda cadeia produtiva da constru\u00e7\u00e3o. O Futuro da constru\u00e7\u00e3o passa por aqui,"},"uagb_featured_image_src":{"full":false,"thumbnail":false,"medium":false,"medium_large":false,"large":false,"1536x1536":false,"2048x2048":false},"uagb_author_info":{"display_name":"Jornal da Constru\u00e7\u00e3o Civil","author_link":"https:\/\/construcaocivil.siriusmarketingedesign.com.br\/?author=1"},"uagb_comment_info":0,"uagb_excerpt":"Produ\u00e7\u00f5es culturais, eventos, cursos e publica\u00e7\u00f5es que valorizam a arquitetura e o urbanismo receber\u00e3o incentivo no valor de R$ 350 mil Novembro, 2016 &#8211; Foram 33 projetos inscritos no edital da 4\u00aa edi\u00e7\u00e3o do Programa de Patroc\u00ednio Cultural do Conselho de Arquitetura e Urbanismo do Rio de Janeiro (CAU\/RJ), lan\u00e7ado em junho. Entre os 12&hellip;","_links":{"self":[{"href":"https:\/\/construcaocivil.siriusmarketingedesign.com.br\/index.php?rest_route=\/wp\/v2\/posts\/4083","targetHints":{"allow":["GET"]}}],"collection":[{"href":"https:\/\/construcaocivil.siriusmarketingedesign.com.br\/index.php?rest_route=\/wp\/v2\/posts"}],"about":[{"href":"https:\/\/construcaocivil.siriusmarketingedesign.com.br\/index.php?rest_route=\/wp\/v2\/types\/post"}],"author":[{"embeddable":true,"href":"https:\/\/construcaocivil.siriusmarketingedesign.com.br\/index.php?rest_route=\/wp\/v2\/users\/1"}],"replies":[{"embeddable":true,"href":"https:\/\/construcaocivil.siriusmarketingedesign.com.br\/index.php?rest_route=%2Fwp%2Fv2%2Fcomments&post=4083"}],"version-history":[{"count":0,"href":"https:\/\/construcaocivil.siriusmarketingedesign.com.br\/index.php?rest_route=\/wp\/v2\/posts\/4083\/revisions"}],"wp:attachment":[{"href":"https:\/\/construcaocivil.siriusmarketingedesign.com.br\/index.php?rest_route=%2Fwp%2Fv2%2Fmedia&parent=4083"}],"wp:term":[{"taxonomy":"category","embeddable":true,"href":"https:\/\/construcaocivil.siriusmarketingedesign.com.br\/index.php?rest_route=%2Fwp%2Fv2%2Fcategories&post=4083"},{"taxonomy":"post_tag","embeddable":true,"href":"https:\/\/construcaocivil.siriusmarketingedesign.com.br\/index.php?rest_route=%2Fwp%2Fv2%2Ftags&post=4083"}],"curies":[{"name":"wp","href":"https:\/\/api.w.org\/{rel}","templated":true}]}}