{"id":4092,"date":"2016-11-08T16:51:59","date_gmt":"2016-11-08T19:51:59","guid":{"rendered":"http:\/\/www.jornaldaconstrucaocivil.com.br\/?p=4092"},"modified":"2016-11-08T16:51:59","modified_gmt":"2016-11-08T19:51:59","slug":"suvinil-apoia-o-longa-metragem-elis","status":"publish","type":"post","link":"https:\/\/construcaocivil.siriusmarketingedesign.com.br\/?p=4092","title":{"rendered":"Suvinil apoia o longa-metragem Elis"},"content":{"rendered":"<p><span style=\"color: #ff0000;\">Brasil\u00a0<\/span><\/p>\n<p style=\"text-align: justify;\"><strong><span style=\"color: #000000;\">A Suvinil, marca de tintas imobili\u00e1rias da BASF e l\u00edder no segmento Premium, apoia o longa-metragem Elis, que conta a hist\u00f3ria da maior cantora brasileira, Elis Regina. O filme estreia no dia 24 de novembro nos cinemas de todo o Pa\u00eds.<\/span><\/strong><\/p>\n<ul>\n<li><span style=\"color: #993300;\"><strong>O filme conta a hist\u00f3ria da maior cantora brasileira, Elis Regina<\/strong><\/span><\/li>\n<li><span style=\"color: #993300;\"><strong>Para traduzir as cores da \u00e9poca, foram utilizados mais de 1.500 litros de tinta no cen\u00e1rio<\/strong><\/span><\/li>\n<\/ul>\n<p style=\"text-align: justify;\"><a href=\"http:\/\/www.jornaldaconstrucaocivil.com.br\/wp-content\/uploads\/2016\/11\/ELIS-SUVINIL-AGORA.jpg\"><img loading=\"lazy\" decoding=\"async\" class=\"size-full wp-image-4094 alignleft\" src=\"http:\/\/www.jornaldaconstrucaocivil.com.br\/wp-content\/uploads\/2016\/11\/ELIS-SUVINIL-AGORA.jpg\" alt=\"elis-suvinil-agora\" width=\"270\" height=\"400\" \/><\/a><span style=\"color: #000000;\">Com a interpreta\u00e7\u00e3o de Andr\u00e9ia Horta, o longa-metragem traz a hist\u00f3ria de um dos principais nomes da MPB (M\u00fasica Popular Brasileira), que viveu uma vida intensa e turbulenta. Tamb\u00e9m est\u00e3o no elenco Caco Ciocler (C\u00e9sar Camargo Mariano), Lucio Mauro Filho (Mi\u00e9le), Gustavo Machado (Ronaldo B\u00f4scoli), Julio Andrade (Lennie Dale), Z\u00e9 Carlos Machado (Romeu), Rodrigo Pandolfo (Nelson Motta), \u00cdcaro Silva (Jair Rodrigues), Cesar Troncoso (Marcos L\u00e1zaro), Isabel Wilker (Nara Le\u00e3o) e Eucir de Souza (Samuel).<\/span><\/p>\n<p style=\"text-align: justify;\"><span style=\"color: #000000;\">Para trazer o aspecto e cores t\u00edpicas da \u00e9poca, foram utilizados mais de 1.500 litros de tintas no cen\u00e1rio do filme. As cores dos anos 60\/70 foram traduzidas pelos tons Branco Gelo, Camur\u00e7a, Erva Daninha, Vermelho Escuro e o azul Oceano Pac\u00edfico.<\/span><\/p>\n<p><span style=\"color: #000000;\">Para mais informa\u00e7\u00f5es, acesse:<\/span>\u00a0<strong><span style=\"color: #0000ff;\"> www.suvinil.com.br\/<\/span><\/strong> ou <strong><span style=\"color: #0000ff;\">http:\/\/globofilmes.globo.com\/filme\/elis\/.<\/span><\/strong><\/p>\n","protected":false},"excerpt":{"rendered":"<p>Brasil\u00a0 A Suvinil, marca de tintas imobili\u00e1rias da BASF e l\u00edder no segmento Premium, apoia o longa-metragem Elis, que conta a hist\u00f3ria da maior cantora brasileira, Elis Regina. O filme estreia no dia 24 de novembro nos cinemas de todo o Pa\u00eds. O filme conta a hist\u00f3ria da maior cantora brasileira, Elis Regina Para traduzir [&hellip;]<\/p>\n","protected":false},"author":1,"featured_media":4094,"comment_status":"open","ping_status":"open","sticky":false,"template":"","format":"standard","meta":{"_uag_custom_page_level_css":"","footnotes":""},"categories":[27],"tags":[1819,3086,3261,4081,5057,6938,8034,11486],"class_list":["post-4092","post","type-post","status-publish","format-standard","has-post-thumbnail","hentry","category-acontece","tag-cantora","tag-cores-dos-anos-6070","tag-cultura","tag-elis-regina","tag-filme","tag-litros-de-tintas","tag-musica-popular-brasiliera-mpb","tag-suvinil"],"blocksy_meta":[],"spectra_blocks_featured_image_url":[],"spectra_blocks_author_info":{"display_name":"Jornal da Constru\u00e7\u00e3o Civil","avatar_url":"https:\/\/secure.gravatar.com\/avatar\/973c9774fd44ddaceb026973c4962faa70fc512bc4c9da68e8ebb40fecee6540?s=96&d=mm&r=g","author_link":"https:\/\/construcaocivil.siriusmarketingedesign.com.br\/?author=1","description":"Desde de 2013, levando muitas informa\u00e7\u00f5es, lan\u00e7amentos e produtos de qualidade para toda cadeia produtiva da constru\u00e7\u00e3o. O Futuro da constru\u00e7\u00e3o passa por aqui,"},"uagb_featured_image_src":{"full":false,"thumbnail":false,"medium":false,"medium_large":false,"large":false,"1536x1536":false,"2048x2048":false},"uagb_author_info":{"display_name":"Jornal da Constru\u00e7\u00e3o Civil","author_link":"https:\/\/construcaocivil.siriusmarketingedesign.com.br\/?author=1"},"uagb_comment_info":0,"uagb_excerpt":"Brasil\u00a0 A Suvinil, marca de tintas imobili\u00e1rias da BASF e l\u00edder no segmento Premium, apoia o longa-metragem Elis, que conta a hist\u00f3ria da maior cantora brasileira, Elis Regina. O filme estreia no dia 24 de novembro nos cinemas de todo o Pa\u00eds. O filme conta a hist\u00f3ria da maior cantora brasileira, Elis Regina Para traduzir&hellip;","_links":{"self":[{"href":"https:\/\/construcaocivil.siriusmarketingedesign.com.br\/index.php?rest_route=\/wp\/v2\/posts\/4092","targetHints":{"allow":["GET"]}}],"collection":[{"href":"https:\/\/construcaocivil.siriusmarketingedesign.com.br\/index.php?rest_route=\/wp\/v2\/posts"}],"about":[{"href":"https:\/\/construcaocivil.siriusmarketingedesign.com.br\/index.php?rest_route=\/wp\/v2\/types\/post"}],"author":[{"embeddable":true,"href":"https:\/\/construcaocivil.siriusmarketingedesign.com.br\/index.php?rest_route=\/wp\/v2\/users\/1"}],"replies":[{"embeddable":true,"href":"https:\/\/construcaocivil.siriusmarketingedesign.com.br\/index.php?rest_route=%2Fwp%2Fv2%2Fcomments&post=4092"}],"version-history":[{"count":0,"href":"https:\/\/construcaocivil.siriusmarketingedesign.com.br\/index.php?rest_route=\/wp\/v2\/posts\/4092\/revisions"}],"wp:attachment":[{"href":"https:\/\/construcaocivil.siriusmarketingedesign.com.br\/index.php?rest_route=%2Fwp%2Fv2%2Fmedia&parent=4092"}],"wp:term":[{"taxonomy":"category","embeddable":true,"href":"https:\/\/construcaocivil.siriusmarketingedesign.com.br\/index.php?rest_route=%2Fwp%2Fv2%2Fcategories&post=4092"},{"taxonomy":"post_tag","embeddable":true,"href":"https:\/\/construcaocivil.siriusmarketingedesign.com.br\/index.php?rest_route=%2Fwp%2Fv2%2Ftags&post=4092"}],"curies":[{"name":"wp","href":"https:\/\/api.w.org\/{rel}","templated":true}]}}