{"id":4110,"date":"2016-11-09T13:23:40","date_gmt":"2016-11-09T16:23:40","guid":{"rendered":"http:\/\/www.jornaldaconstrucaocivil.com.br\/?p=4110"},"modified":"2016-11-09T13:23:40","modified_gmt":"2016-11-09T16:23:40","slug":"ademi-ba-promove-o-vii-forum-de-sustentabilidade","status":"publish","type":"post","link":"https:\/\/construcaocivil.siriusmarketingedesign.com.br\/?p=4110","title":{"rendered":"ADEMI-BA promove o VII F\u00f3rum de Sustentabilidade"},"content":{"rendered":"<p><span style=\"color: #000080;\"><strong>Evento ser\u00e1 realizado no dia 17 de novembro com o tema \u201c\u00c9tica no mundo dos neg\u00f3cios: est\u00e1 na hora de repensar\u201d<\/strong><\/span><\/p>\n<p style=\"text-align: justify;\"><span style=\"color: #993300;\">Novembro, 2016 &#8211;<\/span><span style=\"color: #000000;\"> Est\u00e3o abertas as inscri\u00e7\u00f5es para o VII F\u00f3rum de Sustentabilidade da ADEMI-BA (Associa\u00e7\u00e3o de Dirigentes de Empresas do Mercado Imobili\u00e1rio da Bahia) que ser\u00e1 realizado no dia 17 de novembro, a partir das 14h, no Teatro Eva Herz (Livraria Cultura &#8211; Salvador Shopping). O evento ter\u00e1 como tema a<\/span> <span style=\"color: #0000ff;\">\u201c\u00c9tica no mundo dos neg\u00f3cios: est\u00e1 na hora de repensar\u201d<\/span> <span style=\"color: #000000;\">e reunir\u00e1 profissionais da constru\u00e7\u00e3o civil e incorporadoras para compartilhar pr\u00e1ticas de refer\u00eancia no campo da constru\u00e7\u00e3o sustent\u00e1vel, beneficiando o setor, sociedade e meio ambiente.<\/span><\/p>\n<p style=\"text-align: justify;\"><a href=\"http:\/\/www.jornaldaconstrucaocivil.com.br\/wp-content\/uploads\/2016\/11\/ADEMI-BA-promove-o-VII-F\u00f3rum-de-Sustentabilidade.jpeg\"><img loading=\"lazy\" decoding=\"async\" class=\"wp-image-4111 alignleft\" src=\"http:\/\/www.jornaldaconstrucaocivil.com.br\/wp-content\/uploads\/2016\/11\/ADEMI-BA-promove-o-VII-F\u00f3rum-de-Sustentabilidade.jpeg\" alt=\"ademi-ba-promove-o-vii-forum-de-sustentabilidade\" width=\"363\" height=\"230\" \/><\/a><\/p>\n<p style=\"text-align: justify;\"><span style=\"color: #000000;\"><em>\u201cA nossa ideia este ano \u00e9 abordar a \u00e9tica como um pilar da sustentabilidade, com uma vis\u00e3o diferenciada e inovadora. Queremos fazer as pessoas refletirem e se questionarem sobre o que \u00e9 \u00e9tico ou n\u00e3o no seu neg\u00f3cio\u201d<\/em>, explica o diretor de Gest\u00e3o Sustent\u00e1vel da ADEMI-BA e coordenador do evento, Rafael Valente.<\/span><\/p>\n<p style=\"text-align: justify;\"><span style=\"color: #000000;\">Para discutir esse tema t\u00e3o desafiador foram convidados especialistas no assunto, entre eles o professor da Funda\u00e7\u00e3o Getulio Vargas (FGV) na \u00e1rea de sustentabilidade corporativa e seus desdobramentos, Eduardo Rosa Pedreira, trata de temas como a \u00e9tica aplicada nos neg\u00f3cios. A palestra de abertura ficar\u00e1 a cargo da cantora, jornalista e gestora ambiental Carla Visi, que tratar\u00e1 do tema<\/span> <span style=\"color: #0000ff;\">\u201c\u00c9tica, Est\u00e9tica e Sustentabilidade\u201d<\/span>. <span style=\"color: #000000;\">J\u00e1 o s\u00f3cio da Deloitte, empresa de auditoria, consultoria e assessoria financeira, Ricardo Teixeira, falar\u00e1 sobre o<em> \u201cPrograma de \u00c9tica &amp; Compliance e os seus principais desafios no cen\u00e1rio atual\u201d<\/em>.<\/span><\/p>\n<p><span style=\"color: #000000;\"><strong>Inscri\u00e7\u00f5es<\/strong><\/span><\/p>\n<p><span style=\"color: #000000;\">As inscri\u00e7\u00f5es podem ser feitas atrav\u00e9s de dep\u00f3sito identificado em favor da ADEMI-BA, no Banco Ita\u00fa, Ag\u00eancia 3214, Conta Corrente 95826-0 e envio do comprovante para o email<\/span> <span style=\"text-decoration: underline;\"><strong><span style=\"color: #0000ff; text-decoration: underline;\">ademi@ademi-ba.com.br<\/span><\/strong><\/span>.<span style=\"color: #000000;\"> O valor para associados e estudantes \u00e9 R$ 20 e n\u00e3o associados R$ 40.<\/span><\/p>\n<p><span style=\"color: #993300;\"><strong>Programa\u00e7\u00e3o<\/strong><\/span><\/p>\n<p><span style=\"color: #000080;\">14 horas \u2013 Credenciamento<\/span><\/p>\n<p><span style=\"color: #000080;\">14h30 \u2013 Abertura<\/span><\/p>\n<p><span style=\"color: #000080;\">Luciano Muricy Fontes, presidente da Ademi-BA.<\/span><\/p>\n<p><span style=\"color: #000080;\">Rafael Valente, diretor de Gest\u00e3o Sustent\u00e1vel da Ademi-BA<\/span><\/p>\n<p><span style=\"color: #000080;\">14h50 \u2013 \u00c9tica, est\u00e9tica e sustentabilidade<\/span><\/p>\n<p><span style=\"color: #000080;\">Carla Visi, cantora, jornalista e gestora ambiental<\/span><\/p>\n<p><span style=\"color: #000080;\">15h15 \u2013 Programa de \u00c9tica &amp; Compliance e os principais desafios no cen\u00e1rio atual<\/span><\/p>\n<p><span style=\"color: #000080;\">Ricardo Teixeira, s\u00f3cio da Deloitte Touche Tohmatsu.<\/span><\/p>\n<p><span style=\"color: #000080;\">15h55 \u2013 \u00c9tica. O que \u00e9, para que serve e por que \u00e9 t\u00e3o importante para o Brasil<\/span><\/p>\n<p><span style=\"color: #000080;\">Eduardo Rosa Pedreira, Professor da Funda\u00e7\u00e3o Get\u00falio Vargas (FGV) na \u00e1rea de sustentabilidade corporativa e seus desdobramentos<\/span><\/p>\n<p><span style=\"color: #000080;\">16h55 \u2013 Debate<\/span><\/p>\n<p><span style=\"color: #000080;\">17h35 \u2013 Encerramento<\/span><\/p>\n","protected":false},"excerpt":{"rendered":"<p>Evento ser\u00e1 realizado no dia 17 de novembro com o tema \u201c\u00c9tica no mundo dos neg\u00f3cios: est\u00e1 na hora de repensar\u201d Novembro, 2016 &#8211; Est\u00e3o abertas as inscri\u00e7\u00f5es para o VII F\u00f3rum de Sustentabilidade da ADEMI-BA (Associa\u00e7\u00e3o de Dirigentes de Empresas do Mercado Imobili\u00e1rio da Bahia) que ser\u00e1 realizado no dia 17 de novembro, a [&hellip;]<\/p>\n","protected":false},"author":1,"featured_media":0,"comment_status":"open","ping_status":"open","sticky":false,"template":"","format":"standard","meta":{"_uag_custom_page_level_css":"","footnotes":""},"categories":[27],"tags":[444,2900,4604,4661,5475,9538,10582,10583,11544,12398],"class_list":["post-4110","post","type-post","status-publish","format-standard","hentry","category-acontece","tag-ademi-ba-associacao-de-dirigentes-de-empresas-do-mercado-imobiliario-da-bahia","tag-construcao-sustentavel","tag-estetica-e-sustentabilidade","tag-etica","tag-gestao-sustentavel","tag-profissionais-da-construcao-civil","tag-salvador-shopping","tag-salvador-ba","tag-teatro-eva-herz-bahia","tag-vii-forum-de-sustentabilidade"],"blocksy_meta":[],"spectra_blocks_featured_image_url":null,"spectra_blocks_author_info":{"display_name":"Jornal da Constru\u00e7\u00e3o Civil","avatar_url":"https:\/\/secure.gravatar.com\/avatar\/973c9774fd44ddaceb026973c4962faa70fc512bc4c9da68e8ebb40fecee6540?s=96&d=mm&r=g","author_link":"https:\/\/construcaocivil.siriusmarketingedesign.com.br\/?author=1","description":"Desde de 2013, levando muitas informa\u00e7\u00f5es, lan\u00e7amentos e produtos de qualidade para toda cadeia produtiva da constru\u00e7\u00e3o. O Futuro da constru\u00e7\u00e3o passa por aqui,"},"uagb_featured_image_src":{"full":false,"thumbnail":false,"medium":false,"medium_large":false,"large":false,"1536x1536":false,"2048x2048":false},"uagb_author_info":{"display_name":"Jornal da Constru\u00e7\u00e3o Civil","author_link":"https:\/\/construcaocivil.siriusmarketingedesign.com.br\/?author=1"},"uagb_comment_info":0,"uagb_excerpt":"Evento ser\u00e1 realizado no dia 17 de novembro com o tema \u201c\u00c9tica no mundo dos neg\u00f3cios: est\u00e1 na hora de repensar\u201d Novembro, 2016 &#8211; Est\u00e3o abertas as inscri\u00e7\u00f5es para o VII F\u00f3rum de Sustentabilidade da ADEMI-BA (Associa\u00e7\u00e3o de Dirigentes de Empresas do Mercado Imobili\u00e1rio da Bahia) que ser\u00e1 realizado no dia 17 de novembro, a&hellip;","_links":{"self":[{"href":"https:\/\/construcaocivil.siriusmarketingedesign.com.br\/index.php?rest_route=\/wp\/v2\/posts\/4110","targetHints":{"allow":["GET"]}}],"collection":[{"href":"https:\/\/construcaocivil.siriusmarketingedesign.com.br\/index.php?rest_route=\/wp\/v2\/posts"}],"about":[{"href":"https:\/\/construcaocivil.siriusmarketingedesign.com.br\/index.php?rest_route=\/wp\/v2\/types\/post"}],"author":[{"embeddable":true,"href":"https:\/\/construcaocivil.siriusmarketingedesign.com.br\/index.php?rest_route=\/wp\/v2\/users\/1"}],"replies":[{"embeddable":true,"href":"https:\/\/construcaocivil.siriusmarketingedesign.com.br\/index.php?rest_route=%2Fwp%2Fv2%2Fcomments&post=4110"}],"version-history":[{"count":0,"href":"https:\/\/construcaocivil.siriusmarketingedesign.com.br\/index.php?rest_route=\/wp\/v2\/posts\/4110\/revisions"}],"wp:attachment":[{"href":"https:\/\/construcaocivil.siriusmarketingedesign.com.br\/index.php?rest_route=%2Fwp%2Fv2%2Fmedia&parent=4110"}],"wp:term":[{"taxonomy":"category","embeddable":true,"href":"https:\/\/construcaocivil.siriusmarketingedesign.com.br\/index.php?rest_route=%2Fwp%2Fv2%2Fcategories&post=4110"},{"taxonomy":"post_tag","embeddable":true,"href":"https:\/\/construcaocivil.siriusmarketingedesign.com.br\/index.php?rest_route=%2Fwp%2Fv2%2Ftags&post=4110"}],"curies":[{"name":"wp","href":"https:\/\/api.w.org\/{rel}","templated":true}]}}