{"id":4114,"date":"2016-11-10T11:26:09","date_gmt":"2016-11-10T14:26:09","guid":{"rendered":"http:\/\/www.jornaldaconstrucaocivil.com.br\/?p=4114"},"modified":"2016-11-10T11:26:09","modified_gmt":"2016-11-10T14:26:09","slug":"knauf-do-brasil-realiza-forum-sobre-drywall-para-mercado-da-construcao-civil","status":"publish","type":"post","link":"https:\/\/construcaocivil.siriusmarketingedesign.com.br\/?p=4114","title":{"rendered":"Knauf do Brasil realiza F\u00f3rum sobre drywall para mercado da constru\u00e7\u00e3o civil"},"content":{"rendered":"<p style=\"text-align: justify;\"><strong><span style=\"color: #000080;\"><em>Evento gratuito para engenheiros e arquitetos acontece dia 23 de novembro em Curitiba<\/em><\/span><\/strong><\/p>\n<p style=\"text-align: justify;\"><span style=\"color: #000000;\"><span style=\"color: #993300;\">Novembro, 2016 &#8211;<\/span> A Knauf do Brasil, multinacional alem\u00e3 refer\u00eancia mundial em sistemas de constru\u00e7\u00e3o a seco (drywall), realiza, no dia 23 de novembro, quarta-feira, em Curitiba, o primeiro F\u00f3rum Drywall para constru\u00e7\u00e3o civil.<\/span><\/p>\n<p style=\"text-align: justify;\"><a href=\"http:\/\/www.jornaldaconstrucaocivil.com.br\/wp-content\/uploads\/2016\/11\/Foto-F\u00f2rum-Knauf-Edi\u00e7\u00e3o-Curitiba.jpg-OK.jpg\"><img loading=\"lazy\" decoding=\"async\" class=\" wp-image-4115 alignleft\" src=\"http:\/\/www.jornaldaconstrucaocivil.com.br\/wp-content\/uploads\/2016\/11\/Foto-F\u00f2rum-Knauf-Edi\u00e7\u00e3o-Curitiba.jpg-OK.jpg\" alt=\"foto-forum-knauf-edicao-curitiba-jpg-ok\" width=\"261\" height=\"261\" \/><\/a><\/p>\n<p style=\"text-align: justify;\"><span style=\"color: #000000;\">O evento gratuito tem como objetivo proporcionar aos participantes o conhecimento necess\u00e1rio para que desenvolvam solu\u00e7\u00f5es construtivas com alta qualidade, maior produtividade, desempenho de acordo com as normas t\u00e9cnicas e amplas possibilidades est\u00e9ticas.<\/span><\/p>\n<p style=\"text-align: justify;\"><span style=\"color: #000000;\">Voltado exclusivamente para engenheiros, arquitetos, designers de interiores, t\u00e9cnicos em edifica\u00e7\u00f5es e estudantes dessas \u00e1reas, o encontro t\u00e9cnico trar\u00e1 uma abordagem pr\u00e1tica, baseada em cases, dicas e orienta\u00e7\u00f5es para execu\u00e7\u00e3o e gest\u00e3o de obras com as modernas tecnologias de constru\u00e7\u00e3o industrializada.<\/span><\/p>\n<p style=\"text-align: justify;\"><span style=\"color: #000000;\">Entre os temas das palestras est\u00e3o Drywall e sua performance segundo a Nova Norma de Desempenho, Conceito e Processo BIM, Impermeabiliza\u00e7\u00e3o para constru\u00e7\u00e3o a seco e Novas Tecnologias \u2013 Woodframe. Al\u00e9m disso, ser\u00e1 ministrado o mini curso sobre Ac\u00fastica nas Edifica\u00e7\u00f5es.<\/span><\/p>\n<p style=\"text-align: justify;\"><span style=\"color: #000000;\">O evento acontecer\u00e1 no dia 23 de novembro, quarta-feira, das 13h \u00e0s 19h, no Espa\u00e7o Torres, que fica na Rua Pergentina Silva Soares, 159, Jardim Bot\u00e2nico, Curitiba. A participa\u00e7\u00e3o \u00e9 gratuita, mas a Knauf estar\u00e1 aceitando a doa\u00e7\u00e3o de 1 kg de alimento n\u00e3o perec\u00edvel. Os alimentos arrecadados ser\u00e3o doados ao Instituto AMA \u2013 Associa\u00e7\u00e3o Mantenedora de Apoio \u00e0 Crian\u00e7a de Risco e com C\u00e2ncer. <\/span><\/p>\n<p><span style=\"color: #000000;\">As inscri\u00e7\u00f5es devem ser feitas atrav\u00e9s do site<strong><span style=\"color: #0000ff;\">\u00a0<a style=\"color: #0000ff;\" href=\"http:\/\/www.knauf.com.br\/forumknauf\">www.knauf.com.br\/forumknauf<\/a><\/span><\/strong><\/span><\/p>\n<p><strong><span style=\"color: #993300;\"><u>Servi\u00e7o:<\/u><\/span><\/strong><\/p>\n<p><span style=\"color: #000000;\"><strong>F\u00f3rum Knauf para constru\u00e7\u00e3o civil<\/strong><\/span><\/p>\n<p><span style=\"color: #000000;\"><strong>Data:\u00a0<\/strong>23 de novembro de 2016 \u2013 quarta-feira<\/span><\/p>\n<p><span style=\"color: #000000;\"><strong>Hor\u00e1rio:<\/strong>\u00a0das 13h \u00e0s 19h<\/span><\/p>\n<p><span style=\"color: #000000;\"><strong>Local:<\/strong>\u00a0Espa\u00e7o Torres &#8211; Rua Pergentina Silva Soares, 159, Jardim Bot\u00e2nico, Curitiba<\/span><\/p>\n<p><span style=\"color: #000000;\"><strong>Inscri\u00e7\u00f5es:<span style=\"color: #0000ff;\">\u00a0<\/span><span style=\"color: #0000ff;\"><a style=\"color: #0000ff;\" href=\"http:\/\/www.knauf.com.br\/forumknauf\">www.knauf.com.br\/forumknauf<\/a><\/span><\/strong><\/span><\/p>\n<p><span style=\"color: #000000;\">Evento Gratuito. A\u00a0Knauf estar\u00e1 aceitando a doa\u00e7\u00e3o de 1 kg de alimento n\u00e3o perec\u00edvel.<\/span><\/p>\n","protected":false},"excerpt":{"rendered":"<p>Evento gratuito para engenheiros e arquitetos acontece dia 23 de novembro em Curitiba Novembro, 2016 &#8211; A Knauf do Brasil, multinacional alem\u00e3 refer\u00eancia mundial em sistemas de constru\u00e7\u00e3o a seco (drywall), realiza, no dia 23 de novembro, quarta-feira, em Curitiba, o primeiro F\u00f3rum Drywall para constru\u00e7\u00e3o civil. O evento gratuito tem como objetivo proporcionar aos [&hellip;]<\/p>\n","protected":false},"author":1,"featured_media":4115,"comment_status":"open","ping_status":"open","sticky":false,"template":"","format":"standard","meta":{"_uag_custom_page_level_css":"","footnotes":""},"categories":[27],"tags":[2611,3267,3269,4527,5954,6633,7493,8209,8233,8601],"class_list":["post-4114","post","type-post","status-publish","format-standard","has-post-thumbnail","hentry","category-acontece","tag-conceito-e-processo-bim","tag-curitiba","tag-curitiba-pr","tag-espaco-torres-jardim-botanico","tag-impermeabilizacao-para-construcao-a-seco","tag-knauf","tag-mercado-de-drywall","tag-nova-norma-de-desempenho","tag-novas-tecnologias-woodframe","tag-palestra-gratuita"],"blocksy_meta":[],"spectra_blocks_featured_image_url":[],"spectra_blocks_author_info":{"display_name":"Jornal da Constru\u00e7\u00e3o Civil","avatar_url":"https:\/\/secure.gravatar.com\/avatar\/973c9774fd44ddaceb026973c4962faa70fc512bc4c9da68e8ebb40fecee6540?s=96&d=mm&r=g","author_link":"https:\/\/construcaocivil.siriusmarketingedesign.com.br\/?author=1","description":"Desde de 2013, levando muitas informa\u00e7\u00f5es, lan\u00e7amentos e produtos de qualidade para toda cadeia produtiva da constru\u00e7\u00e3o. O Futuro da constru\u00e7\u00e3o passa por aqui,"},"uagb_featured_image_src":{"full":false,"thumbnail":false,"medium":false,"medium_large":false,"large":false,"1536x1536":false,"2048x2048":false},"uagb_author_info":{"display_name":"Jornal da Constru\u00e7\u00e3o Civil","author_link":"https:\/\/construcaocivil.siriusmarketingedesign.com.br\/?author=1"},"uagb_comment_info":0,"uagb_excerpt":"Evento gratuito para engenheiros e arquitetos acontece dia 23 de novembro em Curitiba Novembro, 2016 &#8211; A Knauf do Brasil, multinacional alem\u00e3 refer\u00eancia mundial em sistemas de constru\u00e7\u00e3o a seco (drywall), realiza, no dia 23 de novembro, quarta-feira, em Curitiba, o primeiro F\u00f3rum Drywall para constru\u00e7\u00e3o civil. O evento gratuito tem como objetivo proporcionar aos&hellip;","_links":{"self":[{"href":"https:\/\/construcaocivil.siriusmarketingedesign.com.br\/index.php?rest_route=\/wp\/v2\/posts\/4114","targetHints":{"allow":["GET"]}}],"collection":[{"href":"https:\/\/construcaocivil.siriusmarketingedesign.com.br\/index.php?rest_route=\/wp\/v2\/posts"}],"about":[{"href":"https:\/\/construcaocivil.siriusmarketingedesign.com.br\/index.php?rest_route=\/wp\/v2\/types\/post"}],"author":[{"embeddable":true,"href":"https:\/\/construcaocivil.siriusmarketingedesign.com.br\/index.php?rest_route=\/wp\/v2\/users\/1"}],"replies":[{"embeddable":true,"href":"https:\/\/construcaocivil.siriusmarketingedesign.com.br\/index.php?rest_route=%2Fwp%2Fv2%2Fcomments&post=4114"}],"version-history":[{"count":0,"href":"https:\/\/construcaocivil.siriusmarketingedesign.com.br\/index.php?rest_route=\/wp\/v2\/posts\/4114\/revisions"}],"wp:attachment":[{"href":"https:\/\/construcaocivil.siriusmarketingedesign.com.br\/index.php?rest_route=%2Fwp%2Fv2%2Fmedia&parent=4114"}],"wp:term":[{"taxonomy":"category","embeddable":true,"href":"https:\/\/construcaocivil.siriusmarketingedesign.com.br\/index.php?rest_route=%2Fwp%2Fv2%2Fcategories&post=4114"},{"taxonomy":"post_tag","embeddable":true,"href":"https:\/\/construcaocivil.siriusmarketingedesign.com.br\/index.php?rest_route=%2Fwp%2Fv2%2Ftags&post=4114"}],"curies":[{"name":"wp","href":"https:\/\/api.w.org\/{rel}","templated":true}]}}