{"id":4117,"date":"2016-11-10T11:34:10","date_gmt":"2016-11-10T14:34:10","guid":{"rendered":"http:\/\/www.jornaldaconstrucaocivil.com.br\/?p=4117"},"modified":"2016-11-10T11:34:10","modified_gmt":"2016-11-10T14:34:10","slug":"logistica-como-fonte-de-competitividade-sera-um-dos-temas-discutidos-durante-o-enaex-2016","status":"publish","type":"post","link":"https:\/\/construcaocivil.siriusmarketingedesign.com.br\/?p=4117","title":{"rendered":"Log\u00edstica como fonte de competitividade ser\u00e1 um dos temas discutidos durante o ENAEX 2016"},"content":{"rendered":"<p><strong><span style=\"color: #000080;\">Evento, promovido pela AEB, acontece dias 23 e 24 de novembro, no Rio<\/span><\/strong><\/p>\n<p style=\"text-align: justify;\"><span style=\"color: #993300;\">Rio de Janeiro, 9 de novembro de 2016<\/span> \u2013\u00a0<strong><span style=\"color: #000080;\"> \u201cLog\u00edstica: reduzir custos e elevar competitividade das exporta\u00e7\u00f5es\u201d<\/span><\/strong><span style=\"color: #000000;\"> ser\u00e1 o tema de um dos pain\u00e9is que v\u00e3o discutir as principais quest\u00f5es relacionadas ao com\u00e9rcio exterior brasileiro durante a 35\u00aa edi\u00e7\u00e3o do Encontro Nacional de Com\u00e9rcio Exterior (ENAEX\u00a0 2016). Promovido pela Associa\u00e7\u00e3o de Com\u00e9rcio Exterior do Brasil (AEB), o evento acontece em 23 e 24 de novembro, no Centro de Conven\u00e7\u00f5es SulAm\u00e9rica, no Rio de Janeiro, e ter\u00e1 como tema<\/span> <strong><span style=\"color: #993300;\">\u201cExportar para crescer\u201d<\/span><\/strong>.<\/p>\n<p style=\"text-align: justify;\"><span style=\"color: #000000;\">Durante o painel com foco em Log\u00edstica, que contar\u00e1 com o diretor geral da Ag\u00eancia Nacional de Transportes Aquavi\u00e1rios (Antaq), Adalberto Tokarski, e o vice-presidente de Log\u00edstica dos Correios, Jos\u00e9 Furian Filho, entre os debatedores, ser\u00e3o abordados os principais problemas que causam entraves para que os modais possam oferecer melhores condi\u00e7\u00f5es para incrementar a competitividade do com\u00e9rcio exterior brasileiro.<\/span><\/p>\n<p style=\"text-align: justify;\"><span style=\"color: #000000;\">Os debates t\u00eam, ainda, o objetivo de formular sugest\u00f5es e apontar as prioridades do setor exportador e importador, visando a excel\u00eancia log\u00edstica para o com\u00e9rcio exterior.<\/span><\/p>\n<p style=\"text-align: justify;\"><span style=\"color: #000000;\">Segundo Tokarski, \u00e9 preciso rediscutir procedimentos para diminuir a burocracia. \u201cAcredito que temos uma janela de oportunidade para reduzirmos as exig\u00eancias em nossos normativos, uma vez que o ambiente institucional nos leva a rever o excesso de burocracia instalada, a qual desestimula o privado e atrapalha ou at\u00e9 inviabiliza a realiza\u00e7\u00e3o de determinados e necess\u00e1rios investimentos p\u00fablicos para melhoria de nossa log\u00edstica\u201d, afirma. \u201cTirar burocracia em excesso \u00e9 diminuir custos propiciando maior competitividade\u201d, enfatiza.<\/span><\/p>\n<p><span style=\"color: #000000;\"><strong>Sobre o ENAEX 2016<\/strong><\/span><\/p>\n<p style=\"text-align: justify;\"><span style=\"color: #000000;\">Durante o ENAEX 2016 os participantes v\u00e3o ter acesso a workshops, pain\u00e9is e discuss\u00f5es sobre os principais temas ligados ao com\u00e9rcio exterior brasileiro. Ter\u00e3o ainda a oportunidade de participar de despachos executivos e reuni\u00f5es, assim como visitar a \u00e1rea de exposi\u00e7\u00e3o com estandes de empresas, entidades, \u00f3rg\u00e3os p\u00fablicos e m\u00eddias especializadas.<\/span><\/p>\n<p style=\"text-align: justify;\"><span style=\"color: #000000;\">Paralelamente ao evento, ocorrer\u00e1 a reuni\u00e3o do Conselho de Com\u00e9rcio Exterior do Mercosul (MERCOEX), formado pelas coirm\u00e3s da AEB no \u00e2mbito regional: CERA (C\u00e2mara de Exportadores de la Rep\u00fablica Argentina), UEU (Uni\u00f3n de Exportadores del Uruguay) e CIP (Centro de Importadores del Paraguay).<\/span><\/p>\n<p style=\"text-align: justify;\"><span style=\"color: #000000;\">Em reconhecimento \u00e0s empresas e institui\u00e7\u00f5es que se destacaram no com\u00e9rcio externo do Brasil no ano anterior, a AEB e o Minist\u00e9rio do Desenvolvimento, Ind\u00fastria e Com\u00e9rcio Exterior (MDIC) conceder\u00e3o durante o evento o Pr\u00eamio Destaque de Com\u00e9rcio Exterior 2016, que est\u00e1 em sua 22\u00aa edi\u00e7\u00e3o.<\/span><\/p>\n<p><span style=\"color: #000000;\">As inscri\u00e7\u00f5es, gratuitas, j\u00e1 est\u00e3o abertas no site<\/span><strong><span style=\"color: #0000ff;\"> www.enaex.com.br<\/span><\/strong>, <span style=\"color: #000000;\">onde os interessados poder\u00e3o encontrar tamb\u00e9m mais informa\u00e7\u00f5es sobre o evento.<\/span><\/p>\n<p><strong><span style=\"color: #000000;\">Servi\u00e7o:<\/span><\/strong><\/p>\n<p><span style=\"color: #000000;\">Encontro Nacional de Com\u00e9rcio Exterior (ENAEX 2016)<\/span><\/p>\n<p><span style=\"color: #000000;\">Data: 23 e 24 de novembro de 2016<\/span><\/p>\n<p><span style=\"color: #000000;\">Hor\u00e1rio: 8h a 19h (23\/11) e 8h a 17h (24\/11)<\/span><\/p>\n<p><span style=\"color: #000000;\">Local: Centro de Conven\u00e7\u00f5es SulAm\u00e9rica (Av. Paulo de Frontin, 1 \u2013 Cidade Nova \u2013 Rio de Janeiro \u2013 RJ)<\/span><\/p>\n<p><span style=\"color: #000000;\">Informa\u00e7\u00f5es e inscri\u00e7\u00f5es:<strong><span style=\"color: #0000ff;\"> www.enaex.com.br\/enaex2016<\/span><\/strong><\/span><\/p>\n<p style=\"text-align: justify;\">\n","protected":false},"excerpt":{"rendered":"<p>Evento, promovido pela AEB, acontece dias 23 e 24 de novembro, no Rio Rio de Janeiro, 9 de novembro de 2016 \u2013\u00a0 \u201cLog\u00edstica: reduzir custos e elevar competitividade das exporta\u00e7\u00f5es\u201d ser\u00e1 o tema de um dos pain\u00e9is que v\u00e3o discutir as principais quest\u00f5es relacionadas ao com\u00e9rcio exterior brasileiro durante a 35\u00aa edi\u00e7\u00e3o do Encontro Nacional [&hellip;]<\/p>\n","protected":false},"author":1,"featured_media":0,"comment_status":"open","ping_status":"open","sticky":false,"template":"","format":"standard","meta":{"_uag_custom_page_level_css":"","footnotes":""},"categories":[27],"tags":[505,2146,2780,4247,4768,6053,6978,7717,10375,12028],"class_list":["post-4117","post","type-post","status-publish","format-standard","hentry","category-acontece","tag-agencia-nacional-de-transportes-aquaviarios-antaq","tag-cera-camara-de-exportadores-de-la-republica-argentina","tag-conselho-de-comercio-exterior-do-mercosul-mercoex","tag-enaex-2016","tag-exportar-para-crescer","tag-industria-e-comercio-exterior-mdic","tag-logistica","tag-ministerio-do-desenvolvimento","tag-rio-de-janeiro","tag-ueu-union-de-exportadores-del-uruguay-e-cip-centro-de-importadores-del-paraguay"],"blocksy_meta":[],"spectra_blocks_featured_image_url":null,"spectra_blocks_author_info":{"display_name":"Jornal da Constru\u00e7\u00e3o Civil","avatar_url":"https:\/\/secure.gravatar.com\/avatar\/973c9774fd44ddaceb026973c4962faa70fc512bc4c9da68e8ebb40fecee6540?s=96&d=mm&r=g","author_link":"https:\/\/construcaocivil.siriusmarketingedesign.com.br\/?author=1","description":"Desde de 2013, levando muitas informa\u00e7\u00f5es, lan\u00e7amentos e produtos de qualidade para toda cadeia produtiva da constru\u00e7\u00e3o. O Futuro da constru\u00e7\u00e3o passa por aqui,"},"uagb_featured_image_src":{"full":false,"thumbnail":false,"medium":false,"medium_large":false,"large":false,"1536x1536":false,"2048x2048":false},"uagb_author_info":{"display_name":"Jornal da Constru\u00e7\u00e3o Civil","author_link":"https:\/\/construcaocivil.siriusmarketingedesign.com.br\/?author=1"},"uagb_comment_info":0,"uagb_excerpt":"Evento, promovido pela AEB, acontece dias 23 e 24 de novembro, no Rio Rio de Janeiro, 9 de novembro de 2016 \u2013\u00a0 \u201cLog\u00edstica: reduzir custos e elevar competitividade das exporta\u00e7\u00f5es\u201d ser\u00e1 o tema de um dos pain\u00e9is que v\u00e3o discutir as principais quest\u00f5es relacionadas ao com\u00e9rcio exterior brasileiro durante a 35\u00aa edi\u00e7\u00e3o do Encontro Nacional&hellip;","_links":{"self":[{"href":"https:\/\/construcaocivil.siriusmarketingedesign.com.br\/index.php?rest_route=\/wp\/v2\/posts\/4117","targetHints":{"allow":["GET"]}}],"collection":[{"href":"https:\/\/construcaocivil.siriusmarketingedesign.com.br\/index.php?rest_route=\/wp\/v2\/posts"}],"about":[{"href":"https:\/\/construcaocivil.siriusmarketingedesign.com.br\/index.php?rest_route=\/wp\/v2\/types\/post"}],"author":[{"embeddable":true,"href":"https:\/\/construcaocivil.siriusmarketingedesign.com.br\/index.php?rest_route=\/wp\/v2\/users\/1"}],"replies":[{"embeddable":true,"href":"https:\/\/construcaocivil.siriusmarketingedesign.com.br\/index.php?rest_route=%2Fwp%2Fv2%2Fcomments&post=4117"}],"version-history":[{"count":0,"href":"https:\/\/construcaocivil.siriusmarketingedesign.com.br\/index.php?rest_route=\/wp\/v2\/posts\/4117\/revisions"}],"wp:attachment":[{"href":"https:\/\/construcaocivil.siriusmarketingedesign.com.br\/index.php?rest_route=%2Fwp%2Fv2%2Fmedia&parent=4117"}],"wp:term":[{"taxonomy":"category","embeddable":true,"href":"https:\/\/construcaocivil.siriusmarketingedesign.com.br\/index.php?rest_route=%2Fwp%2Fv2%2Fcategories&post=4117"},{"taxonomy":"post_tag","embeddable":true,"href":"https:\/\/construcaocivil.siriusmarketingedesign.com.br\/index.php?rest_route=%2Fwp%2Fv2%2Ftags&post=4117"}],"curies":[{"name":"wp","href":"https:\/\/api.w.org\/{rel}","templated":true}]}}