{"id":4121,"date":"2016-11-10T11:47:24","date_gmt":"2016-11-10T14:47:24","guid":{"rendered":"http:\/\/www.jornaldaconstrucaocivil.com.br\/?p=4121"},"modified":"2016-11-10T11:47:24","modified_gmt":"2016-11-10T14:47:24","slug":"sistema-fecomercio-rj-ilumina-casarao-figner-para-a-campanha-novembro-azul","status":"publish","type":"post","link":"https:\/\/construcaocivil.siriusmarketingedesign.com.br\/?p=4121","title":{"rendered":"Sistema Fecom\u00e9rcio RJ ilumina Casar\u00e3o Figner para a campanha Novembro Azul"},"content":{"rendered":"<p style=\"text-align: justify;\"><span style=\"color: #993300;\">Sa\u00fade\u00a0<\/span><\/p>\n<p style=\"text-align: justify;\"><span style=\"color: #000080;\"><strong>Ap\u00f3s sucesso do Outubro Rosa, constru\u00e7\u00e3o de 1912 recebe ilumina\u00e7\u00e3o na cor azul durante o m\u00eas de novembro para conscientizar homens sobre a import\u00e2ncia do diagn\u00f3stico precoce do c\u00e2ncer de pr\u00f3stata<\/strong><\/span><\/p>\n<p style=\"text-align: justify;\"><a href=\"http:\/\/www.jornaldaconstrucaocivil.com.br\/wp-content\/uploads\/2016\/11\/casa3.jpg-OK.jpg\"><img loading=\"lazy\" decoding=\"async\" class=\"wp-image-4122 alignleft\" src=\"http:\/\/www.jornaldaconstrucaocivil.com.br\/wp-content\/uploads\/2016\/11\/casa3.jpg-OK.jpg\" alt=\"casa3-jpg-ok\" width=\"420\" height=\"280\" \/><\/a><\/p>\n<p style=\"text-align: justify;\"><span style=\"color: #000000;\"><span style=\"color: #ff0000;\">Novembro, 2016<\/span> &#8211; Depois de o m\u00eas de outubro ser marcado pela campanha de mobiliza\u00e7\u00e3o para preven\u00e7\u00e3o do c\u00e2ncer de mama, conhecida como Outubro Rosa, agora \u00e9 a vez dos homens com a campanha Novembro Azul. O m\u00eas de novembro \u00e9 internacionalmente dedicado \u00e0s a\u00e7\u00f5es relacionadas \u00e0 sa\u00fade do homem. No s\u00e1bado, dia 17, \u00e9 o Dia Mundial de Combate ao C\u00e2ncer de Pr\u00f3stata, sexto tipo mais comum no mundo e o de maior incid\u00eancia nos homens.<\/span><\/p>\n<p style=\"text-align: justify;\"><span style=\"color: #000000;\">Durante todo o m\u00eas, para conscientizar sobre a import\u00e2ncia do diagn\u00f3stico precoce do c\u00e2ncer de pr\u00f3stata, a Fachada do Casar\u00e3o Figner, no Flamengo, ficar\u00e1 iluminada de azul. A a\u00e7\u00e3o na constru\u00e7\u00e3o, que data de 1912, \u00e9 promovida pelo Sistema Fecom\u00e9rcio RJ. Para aumentar o engajamento na campanha, haver\u00e1 distribui\u00e7\u00e3o de pins para os funcion\u00e1rios e um dia do m\u00eas ser\u00e1 escolhido para convid\u00e1-los a se vestirem com uma pe\u00e7a de roupa azul.<\/span><\/p>\n<p style=\"text-align: justify;\"><span style=\"color: #000000;\">O Casar\u00e3o Figner foi a antiga moradia de Frederico Figner, empres\u00e1rio que inaugurou as Casas Edison e trouxe para o Brasil os primeiros equipamentos de som e luz, como fon\u00f3grafos, gramofones e instrumentos de proje\u00e7\u00e3o de filmes. A constru\u00e7\u00e3o de 1912 conta com arquitetura ecl\u00e9tica e, atualmente, o espa\u00e7o abriga exposi\u00e7\u00f5es tempor\u00e1rias e eventos. Tombada em 1995, a mans\u00e3o foi reformada pelo Sesc RJ e transformada na unidade Arte Sesc. Nos fundos do terreno fica o edif\u00edcio-sede do Sistema Fecom\u00e9rcio RJ.<\/span><\/p>\n","protected":false},"excerpt":{"rendered":"<p>Sa\u00fade\u00a0 Ap\u00f3s sucesso do Outubro Rosa, constru\u00e7\u00e3o de 1912 recebe ilumina\u00e7\u00e3o na cor azul durante o m\u00eas de novembro para conscientizar homens sobre a import\u00e2ncia do diagn\u00f3stico precoce do c\u00e2ncer de pr\u00f3stata Novembro, 2016 &#8211; Depois de o m\u00eas de outubro ser marcado pela campanha de mobiliza\u00e7\u00e3o para preven\u00e7\u00e3o do c\u00e2ncer de mama, conhecida como [&hellip;]<\/p>\n","protected":false},"author":1,"featured_media":4122,"comment_status":"open","ping_status":"open","sticky":false,"template":"","format":"standard","meta":{"_uag_custom_page_level_css":"","footnotes":""},"categories":[27],"tags":[1803,3620,4816,5116,5895,9386,10693,11196],"class_list":["post-4121","post","type-post","status-publish","format-standard","has-post-thumbnail","hentry","category-acontece","tag-cancer-de-mama","tag-dia-mundial-de-combate-ao-cancer-de-prostata","tag-fachada-do-casarao-figner","tag-flamengo-rj","tag-iluminacao-cor-azul","tag-prevencao","tag-saude","tag-sistema-fecomercio-rj"],"blocksy_meta":[],"spectra_blocks_featured_image_url":[],"spectra_blocks_author_info":{"display_name":"Jornal da Constru\u00e7\u00e3o Civil","avatar_url":"https:\/\/secure.gravatar.com\/avatar\/973c9774fd44ddaceb026973c4962faa70fc512bc4c9da68e8ebb40fecee6540?s=96&d=mm&r=g","author_link":"https:\/\/construcaocivil.siriusmarketingedesign.com.br\/?author=1","description":"Desde de 2013, levando muitas informa\u00e7\u00f5es, lan\u00e7amentos e produtos de qualidade para toda cadeia produtiva da constru\u00e7\u00e3o. O Futuro da constru\u00e7\u00e3o passa por aqui,"},"uagb_featured_image_src":{"full":false,"thumbnail":false,"medium":false,"medium_large":false,"large":false,"1536x1536":false,"2048x2048":false},"uagb_author_info":{"display_name":"Jornal da Constru\u00e7\u00e3o Civil","author_link":"https:\/\/construcaocivil.siriusmarketingedesign.com.br\/?author=1"},"uagb_comment_info":0,"uagb_excerpt":"Sa\u00fade\u00a0 Ap\u00f3s sucesso do Outubro Rosa, constru\u00e7\u00e3o de 1912 recebe ilumina\u00e7\u00e3o na cor azul durante o m\u00eas de novembro para conscientizar homens sobre a import\u00e2ncia do diagn\u00f3stico precoce do c\u00e2ncer de pr\u00f3stata Novembro, 2016 &#8211; Depois de o m\u00eas de outubro ser marcado pela campanha de mobiliza\u00e7\u00e3o para preven\u00e7\u00e3o do c\u00e2ncer de mama, conhecida como&hellip;","_links":{"self":[{"href":"https:\/\/construcaocivil.siriusmarketingedesign.com.br\/index.php?rest_route=\/wp\/v2\/posts\/4121","targetHints":{"allow":["GET"]}}],"collection":[{"href":"https:\/\/construcaocivil.siriusmarketingedesign.com.br\/index.php?rest_route=\/wp\/v2\/posts"}],"about":[{"href":"https:\/\/construcaocivil.siriusmarketingedesign.com.br\/index.php?rest_route=\/wp\/v2\/types\/post"}],"author":[{"embeddable":true,"href":"https:\/\/construcaocivil.siriusmarketingedesign.com.br\/index.php?rest_route=\/wp\/v2\/users\/1"}],"replies":[{"embeddable":true,"href":"https:\/\/construcaocivil.siriusmarketingedesign.com.br\/index.php?rest_route=%2Fwp%2Fv2%2Fcomments&post=4121"}],"version-history":[{"count":0,"href":"https:\/\/construcaocivil.siriusmarketingedesign.com.br\/index.php?rest_route=\/wp\/v2\/posts\/4121\/revisions"}],"wp:attachment":[{"href":"https:\/\/construcaocivil.siriusmarketingedesign.com.br\/index.php?rest_route=%2Fwp%2Fv2%2Fmedia&parent=4121"}],"wp:term":[{"taxonomy":"category","embeddable":true,"href":"https:\/\/construcaocivil.siriusmarketingedesign.com.br\/index.php?rest_route=%2Fwp%2Fv2%2Fcategories&post=4121"},{"taxonomy":"post_tag","embeddable":true,"href":"https:\/\/construcaocivil.siriusmarketingedesign.com.br\/index.php?rest_route=%2Fwp%2Fv2%2Ftags&post=4121"}],"curies":[{"name":"wp","href":"https:\/\/api.w.org\/{rel}","templated":true}]}}