{"id":4124,"date":"2016-11-10T11:54:39","date_gmt":"2016-11-10T14:54:39","guid":{"rendered":"http:\/\/www.jornaldaconstrucaocivil.com.br\/?p=4124"},"modified":"2016-11-10T11:54:39","modified_gmt":"2016-11-10T14:54:39","slug":"campanha-saneamento-ja-cobra-universalizacao-do-saneamento-no-pais","status":"publish","type":"post","link":"https:\/\/construcaocivil.siriusmarketingedesign.com.br\/?p=4124","title":{"rendered":"Campanha \u201cSaneamento J\u00e1!\u201d cobra universaliza\u00e7\u00e3o do saneamento no pa\u00eds"},"content":{"rendered":"<p style=\"text-align: justify;\"><span style=\"color: #333300;\">Saneamento B\u00e1sico\u00a0<\/span><\/p>\n<p style=\"text-align: justify;\"><a href=\"http:\/\/www.jornaldaconstrucaocivil.com.br\/wp-content\/uploads\/2016\/11\/Trata-BRASIL.jpg-OK.jpg\"><img loading=\"lazy\" decoding=\"async\" class=\"wp-image-4125 alignleft\" src=\"http:\/\/www.jornaldaconstrucaocivil.com.br\/wp-content\/uploads\/2016\/11\/Trata-BRASIL.jpg-OK.jpg\" alt=\"trata-brasil-jpg-ok\" width=\"312\" height=\"234\" \/><\/a><\/p>\n<p style=\"text-align: justify;\"><span style=\"color: #000000;\"><span style=\"color: #993300;\">Novembro, 2016 &#8211;<\/span> Diante da situa\u00e7\u00e3o do saneamento b\u00e1sico no Brasil, o Instituto Trata Brasil, a Funda\u00e7\u00e3o SOS Mata Atl\u00e2ntica, o <strong><span style=\"color: #0000ff;\">Movimento \u00c1gua Limpa \u00e9 a Onda e a Campanha da Fraternidade Ecum\u00eanica 2016<\/span><\/strong> juntam esfor\u00e7os pela universaliza\u00e7\u00e3o do saneamento com a peti\u00e7\u00e3o pelo direito \u00e0 \u00e1gua tratada e o esgoto coletado e tratado no pa\u00eds.<\/span><\/p>\n<p style=\"text-align: justify;\"><span style=\"color: #000000;\">O foco principal da Campanha \u00e9 alertar a popula\u00e7\u00e3o sobre seus direitos com o saneamento b\u00e1sico, sobretudo obter pol\u00edticas p\u00fablicas e a a\u00e7\u00f5es que possam garantir a universaliza\u00e7\u00e3o do saneamento e a qualidade de vida, visando o acesso aos servi\u00e7os mais b\u00e1sicos, como at\u00e9 mesmo o esgoto tratado, e a preserva\u00e7\u00e3o de nossas praias e rios.<\/span><\/p>\n<p style=\"text-align: justify;\"><span style=\"color: #000000;\">Al\u00e9m de assinar online, a popula\u00e7\u00e3o pode baixar o arquivo da folha da campanha para recolher assinaturas. Quer fazer a diferen\u00e7a?\u00a0<strong><span style=\"color: #0000ff;\">\u00a0<u><a style=\"color: #0000ff;\" href=\"http:\/\/emkt.tratabrasil.org.br\/emkt\/tracer\/?2,3797730,1cbec5d7,f859,1\" target=\"_blank\">Assine aqui<\/a><\/u><\/span><\/strong><\/span><\/p>\n","protected":false},"excerpt":{"rendered":"<p>Saneamento B\u00e1sico\u00a0 Novembro, 2016 &#8211; Diante da situa\u00e7\u00e3o do saneamento b\u00e1sico no Brasil, o Instituto Trata Brasil, a Funda\u00e7\u00e3o SOS Mata Atl\u00e2ntica, o Movimento \u00c1gua Limpa \u00e9 a Onda e a Campanha da Fraternidade Ecum\u00eanica 2016 juntam esfor\u00e7os pela universaliza\u00e7\u00e3o do saneamento com a peti\u00e7\u00e3o pelo direito \u00e0 \u00e1gua tratada e o esgoto coletado e [&hellip;]<\/p>\n","protected":false},"author":1,"featured_media":4125,"comment_status":"open","ping_status":"open","sticky":false,"template":"","format":"standard","meta":{"_uag_custom_page_level_css":"","footnotes":""},"categories":[37],"tags":[1535,4504,6096,6259,7921,8852,8932,9840,10595,10693],"class_list":["post-4124","post","type-post","status-publish","format-standard","has-post-thumbnail","hentry","category-sustentabilidade","tag-brasil","tag-esgoto-tratado","tag-infraestrutura","tag-instituto-trata-brasil","tag-movimento-agua-limpa-e-a-onda","tag-pessoas","tag-piores-indices","tag-qualidade-de-vida","tag-saneamento-basico","tag-saude"],"blocksy_meta":[],"spectra_blocks_featured_image_url":[],"spectra_blocks_author_info":{"display_name":"Jornal da Constru\u00e7\u00e3o Civil","avatar_url":"https:\/\/secure.gravatar.com\/avatar\/973c9774fd44ddaceb026973c4962faa70fc512bc4c9da68e8ebb40fecee6540?s=96&d=mm&r=g","author_link":"https:\/\/construcaocivil.siriusmarketingedesign.com.br\/?author=1","description":"Desde de 2013, levando muitas informa\u00e7\u00f5es, lan\u00e7amentos e produtos de qualidade para toda cadeia produtiva da constru\u00e7\u00e3o. O Futuro da constru\u00e7\u00e3o passa por aqui,"},"uagb_featured_image_src":{"full":false,"thumbnail":false,"medium":false,"medium_large":false,"large":false,"1536x1536":false,"2048x2048":false},"uagb_author_info":{"display_name":"Jornal da Constru\u00e7\u00e3o Civil","author_link":"https:\/\/construcaocivil.siriusmarketingedesign.com.br\/?author=1"},"uagb_comment_info":0,"uagb_excerpt":"Saneamento B\u00e1sico\u00a0 Novembro, 2016 &#8211; Diante da situa\u00e7\u00e3o do saneamento b\u00e1sico no Brasil, o Instituto Trata Brasil, a Funda\u00e7\u00e3o SOS Mata Atl\u00e2ntica, o Movimento \u00c1gua Limpa \u00e9 a Onda e a Campanha da Fraternidade Ecum\u00eanica 2016 juntam esfor\u00e7os pela universaliza\u00e7\u00e3o do saneamento com a peti\u00e7\u00e3o pelo direito \u00e0 \u00e1gua tratada e o esgoto coletado e&hellip;","_links":{"self":[{"href":"https:\/\/construcaocivil.siriusmarketingedesign.com.br\/index.php?rest_route=\/wp\/v2\/posts\/4124","targetHints":{"allow":["GET"]}}],"collection":[{"href":"https:\/\/construcaocivil.siriusmarketingedesign.com.br\/index.php?rest_route=\/wp\/v2\/posts"}],"about":[{"href":"https:\/\/construcaocivil.siriusmarketingedesign.com.br\/index.php?rest_route=\/wp\/v2\/types\/post"}],"author":[{"embeddable":true,"href":"https:\/\/construcaocivil.siriusmarketingedesign.com.br\/index.php?rest_route=\/wp\/v2\/users\/1"}],"replies":[{"embeddable":true,"href":"https:\/\/construcaocivil.siriusmarketingedesign.com.br\/index.php?rest_route=%2Fwp%2Fv2%2Fcomments&post=4124"}],"version-history":[{"count":0,"href":"https:\/\/construcaocivil.siriusmarketingedesign.com.br\/index.php?rest_route=\/wp\/v2\/posts\/4124\/revisions"}],"wp:attachment":[{"href":"https:\/\/construcaocivil.siriusmarketingedesign.com.br\/index.php?rest_route=%2Fwp%2Fv2%2Fmedia&parent=4124"}],"wp:term":[{"taxonomy":"category","embeddable":true,"href":"https:\/\/construcaocivil.siriusmarketingedesign.com.br\/index.php?rest_route=%2Fwp%2Fv2%2Fcategories&post=4124"},{"taxonomy":"post_tag","embeddable":true,"href":"https:\/\/construcaocivil.siriusmarketingedesign.com.br\/index.php?rest_route=%2Fwp%2Fv2%2Ftags&post=4124"}],"curies":[{"name":"wp","href":"https:\/\/api.w.org\/{rel}","templated":true}]}}