{"id":4131,"date":"2016-11-10T12:43:51","date_gmt":"2016-11-10T15:43:51","guid":{"rendered":"http:\/\/www.jornaldaconstrucaocivil.com.br\/?p=4131"},"modified":"2016-11-10T12:43:51","modified_gmt":"2016-11-10T15:43:51","slug":"festival-de-sustentabilidade-vai-reunir-grandes-nomes-e-expositores-da-bioarquitetura-e-permacultura-em-novembro-em-nova-friburgo-rj","status":"publish","type":"post","link":"https:\/\/construcaocivil.siriusmarketingedesign.com.br\/?p=4131","title":{"rendered":"Festival de Sustentabilidade vai reunir grandes nomes e expositores da bioarquitetura e permacultura em novembro em Nova Friburgo (RJ)"},"content":{"rendered":"<p style=\"text-align: justify;\"><strong><span style=\"color: #000080;\"><em>Festival inclui o\u00a0SILABAS- Simp\u00f3sio Latino-Americano de Bioarquitetura e Sustentabilidade, feira sustent\u00e1vel e atra\u00e7\u00f5es culturais<\/em><\/span><\/strong><\/p>\n<p style=\"text-align: justify;\"><span style=\"color: #000000;\"><span style=\"color: #993300;\">Novembro, 2016 &#8211;<\/span> Nova Friburgo vai sediar o\u00a0<strong>Festival da Sustentabilidade<\/strong>, um evento in\u00e9dito na regi\u00e3o serrana e que acontece de 11 a 15 de novembro de 2016 no Nova Friburgo Country Clube. O Festival da Sustentabilidade surge como fomento ao processo de pesquisa, ao debate, e a neg\u00f3cios e a\u00e7\u00f5es na esfera da sustentabilidade regi\u00e3o. O evento vai receber profissionais que s\u00e3o refer\u00eancias internacionais em bioarquitetura e permacultura como o holand\u00eas\u00a0<strong>Johan van Lenge,\u00a0<\/strong>Fundador do TIBA-Rio e autor do best seller Manual do Arquiteto Descal\u00e7o e\u00a0<strong>Jorge Belanko<\/strong>, professor e capacitador de reconhecimento internacional, autor do\u00a0<em>El barro, las manos, la c<\/em>asa, DVD que\u00a0 virou um\u00a0 guia popular da Constru\u00e7\u00e3o Natural.<\/span><\/p>\n<p style=\"text-align: justify;\"><span style=\"color: #000000;\">O Festival reunir\u00e1 palestras, o\ufb01cinas, feira de neg\u00f3cios e atividades culturais e ter\u00e1 toda a energia utilizada suprida por uma pista de dan\u00e7a piezoel\u00e9trica (que produz energia por press\u00e3o), bicicletas ergom\u00e9tricas geradoras e pain\u00e9is fotovolt\u00e1icos. O evento tamb\u00e9m tem compromisso de redu\u00e7\u00e3o da pegada de carbono.<\/span><\/p>\n<p style=\"text-align: justify;\"><span style=\"color: #000000;\">O objetivo \u00e9 estimular o debate entre pro\ufb01ssionais, universidades, \u00f3rg\u00e3os normatizadores e concession\u00e1rias sobre a sustentabilidade nas cidades, escolas e empresas, estimular o consumo de produtos e servi\u00e7os do segmento de mercado e tornar Nova Friburgo uma refer\u00eancia em eventos e a\u00e7\u00f5es que promovam a sustentabilidade e a qualidade de vida.<\/span><\/p>\n<p style=\"text-align: justify;\"><span style=\"color: #000000;\">O\u00a0<strong>Festival de Sustentabilidade<\/strong>\u00a0espera reunir um p\u00fablico de 8 mil pessoas entre profissionais, universit\u00e1rios, ONGs, conselhos de engenharia e arquitetura e urbanismo e interessados em constru\u00e7\u00e3o sustent\u00e1vel e sustentabilidade em um espa\u00e7o de 6 mil m2, al\u00e9m de 50 expositores das \u00e1reas de gastronomia, moda, constru\u00e7\u00e3o, design e energias renov\u00e1veis.\u00a0<\/span><\/p>\n<p style=\"text-align: justify;\"><span style=\"color: #000000;\">Dentro do Festival, acontecer\u00e1 uma edi\u00e7\u00e3o especial do\u00a0<strong>Mercado Central<\/strong>, feira de Nova Friburgo que prima por dar visibilidade ao produtor e empreendimentos regionais e que \u00e9 toda organizada com paletes de madeira, j\u00e1 em um modelo pr\u00f3prio de sustentabilidade.\u00a0\u00a0<\/span><\/p>\n<p><span style=\"color: #993300;\"><strong>Mercado Central Sustent\u00e1vel<\/strong><\/span><\/p>\n<p style=\"text-align: justify;\">Feira de varejo de produtos org\u00e2nicos, ecologicamente corretos, artesanais ou de fair trade nos segmentos de alimenta\u00e7\u00e3o e moda. Esta edi\u00e7\u00e3o especial contar\u00e1 com uma feira de varejo de produtos org\u00e2nicos, ecologicamente corretos, artesanais ou de fair trade nos segmentos de alimenta\u00e7\u00e3o e moda, al\u00e9m de contar com gastronomia vegana e org\u00e2nica e institui\u00e7\u00f5es que prestam servi\u00e7os ambientais. O mercado Central ser\u00e1 iluminado por refletores de LEDs abastecidos por uma usina solar instalada no Nova Friburgo Country Clube.<\/p>\n<p style=\"text-align: justify;\">Dando sequ\u00eancia \u00e0 s\u00e9rie de esfor\u00e7os do Instituto Pindorama \u2013 Preserva\u00e7\u00e3o Ambiental, Educa\u00e7\u00e3o e Pesquisa em Sustentabilidade e Tib\u00e1 &#8211; Tecnologia Intuitiva e Bioarquitetura, de tornar nossa regi\u00e3o um p\u00f3lo de sustentabilidade e qualidade de vida de reconhecimento internacional, o Festival da Sustentabilidade surge como um fomento ao processo de pesquisa, debates, neg\u00f3cios e a\u00e7\u00f5es na esfera da sustentabilidade em nossa regi\u00e3o.<\/p>\n<p><strong><span style=\"color: #000000;\">ExpoSustentabilidade<\/span><\/strong><\/p>\n<p><span style=\"color: #000000;\">Feira de neg\u00f3cios com produtos e servi\u00e7os das \u00e1reas de arquitetura, constru\u00e7\u00e3o civil, decora\u00e7\u00e3o de interiores, energias alternativas, contando tamb\u00e9m com institui\u00e7\u00f5es p\u00fablicas e privadas de fomento \u00e0 sustentabilidade.<\/span><\/p>\n<p><span style=\"color: #000000;\">1\u00ba SILABAS &#8211; Simp\u00f3sio Latino-Americano de Bioarquitetura e Sustentabilidade<\/span><\/p>\n<p><strong><span style=\"color: #993300;\">Pain\u00e9is e o\ufb01cinas com pro\ufb01ssionais de renome internacional para um p\u00fablico di\u00e1rio estimado em 300 pessoas.<\/span><\/strong><\/p>\n<p><span style=\"color: #0000ff;\"><strong>[SILABAS 2016]1\u00ba SILABAS &#8211; Simp\u00f3sio Latino-Americano de Bioarquitetura e Sustentabilidade<\/strong><\/span><\/p>\n<p><span style=\"color: #000000;\">Pain\u00e9is e oficinas com profissionais de renome internacional para um p\u00fablico di\u00e1rio estimado em 300 pessoas.\u00a0 Com o objetivo de estimular o debate entre profissionais, universidades, \u00f3rg\u00e3os normatizadores e concession\u00e1rias sobre a sustentabilidade nas cidades, escolas e empresas e de tornar Nova Friburgo uma refer\u00eancia em eventos e a\u00e7\u00f5es que promovam a sustentabilidade e a qualidade de vida.<\/span><\/p>\n<p style=\"text-align: justify;\"><span style=\"color: #000000;\">12\/11: Bambu e Solo na Constru\u00e7\u00e3o Civil: Normatiza\u00e7\u00e3o, T\u00e9cnicas Construtivas e Habita\u00e7\u00f5es de baixo impacto de interesse social. Com a presen\u00e7a de Jorg Stamm (Equador), construtor da Green School of Bali, Jorge Belanko (Argentina), autor do DVD \u201cbarro en las manos\u201d e construtor, Luis Carlos Rios (Col\u00f4mbia)\u00a0 construtor de diversas vilas de casas de bambu, Arq. Tomaz Lotufo, Mario Seixas da PUC-Rio, ABNT, Associa\u00e7\u00e3o dos Engenheiros e Arquitetos de Nova Friburgo e CREA.<\/span><\/p>\n<p style=\"text-align: justify;\"><span style=\"color: #000000;\">13\/11: Cidades Sustent\u00e1veis: Gest\u00e3o H\u00eddrica, Energias, Biog\u00e1s e Res\u00edduos org\u00e2nicos. Com Guilherme Castagna (Fluxus Design Ecol\u00f3gico), Cl\u00e1udio Sp\u00ednola, finalista do pr\u00eamio latino-americano de empreendedores sustent\u00e1veis da Folha de S\u00e3o Paulo, Nilson Dias, gerente de projetos do Instituto Pindorama, \u00c1guas do Brasil.<\/span><\/p>\n<p style=\"text-align: justify;\"><span style=\"color: #000000;\">14\/11: Agricultura Org\u00e2nica: Agricultura Familiar, Plantas Aliment\u00edcias N\u00e3o-convencionais, Agricultura Sintr\u00f3pica. Com Yuri Diniz (CARPE), Ant\u00f4nio Augusto (Rede Ecovida), Prof. Dr. Valdely Knupp (Instituto Federal de Educa\u00e7\u00e3o, Ci\u00eancia e Tecnologia do Amazonas), Banco do Brasil e EMATER<\/span><\/p>\n<p style=\"text-align: justify;\"><span style=\"color: #000000;\">15\/11: Empreendorismo Sustent\u00e1vel: Neg\u00f3cios Sociais e o desenvolvimento s\u00f3cio-ambiental. Nilson Dias (Instituto Pindorama), Joana Pereira (Yunnus Neg\u00f3cios Sociais), Elena Ayrias, da Associa\u00e7\u00e3o de Ecoturismo (Costa Rica), Secretaria de Turismo, SEBRAE, Banco do Brasil.<\/span><\/p>\n<p><span style=\"color: #800080;\">Na parte da tarde haver\u00e1 workshops com os seguintes professores e temas:<\/span><\/p>\n<p><span style=\"color: #800080;\">12\/11 \u2013 Jorg Stamm: Constru\u00e7\u00e3o com Bambu<\/span><\/p>\n<p><span style=\"color: #800080;\">13\/11- Jorge Belanko: Constru\u00e7\u00e3o com Terra<\/span><\/p>\n<p><span style=\"color: #800080;\">14\/11 \u2013 Yuri Diniz: Agricultura Sintr\u00f3pica \/ Prof. Dr. Knupp: Plantas Aliment\u00edcias N\u00e3o-Convencionais<\/span><\/p>\n<p><span style=\"color: #800080;\">15\/11 \u2013 Nilson Dias: Empreededorismo Sustent\u00e1vel \/ Joana Pereira: Neg\u00f3cios Sociais<\/span><\/p>\n<p><strong>Bios:<\/strong><\/p>\n<p style=\"text-align: justify;\"><span style=\"color: #993300;\">Johan van Lengen &#8211; Fundador do TIBA &#8211;<\/span><span style=\"color: #000000;\"> Rio e autor do best seller Manual do Arquiteto Descal\u00e7o, Johan nasceu na Holanda e deixou nos anos setenta uma bem-sucedida carreira como arquiteto na Calif\u00f3rnia para se dedicar a busca de melhorias\u00a0 nas moradias populares. Van Lengen trabalhou para ag\u00eancias governamentais, inclusive para as Na\u00e7\u00f5es Unidas, e especialmente na Am\u00e9rica Latina.<\/span><\/p>\n<p style=\"text-align: justify;\"><span style=\"color: #993300;\">Jorge Belanko &#8211; Autor do DVD did\u00e1tico El barro, las manos, la casa, que se converteu em um guia popular da Constru\u00e7\u00e3o Natural<\/span>. <span style=\"color: #000000;\">Belanko come\u00e7ou a trabalhar com constru\u00e7\u00e3o aos 12 anos acompanhando seu pai. Ap\u00f3s alguns anos come\u00e7ou a pesquisar e experimentar materiais e t\u00e9cnicas naturais e ecol\u00f3gicas. Especialista em acabamentos e rebocos finos. Jorge tem realizado diversas obras deste tipo na Comarca Del Bols\u00f3n, na Argentina onde reside atualmente. \u00c9 professor e capacitador de reconhecimento internacional.<\/span><\/p>\n<p style=\"text-align: justify;\"><span style=\"color: #993300;\">Jorg Stamm construtor da Green School of Bali<\/span> <span style=\"color: #000000;\">se tornou mestre das estruturas de carga pesada em bambu. Origin\u00e1rio da Alemanha, marceneiro de ponta, munido dos conhecimentos da carpintaria tradicional deixou sua terra natal e estabeleceu-se na Am\u00e9rica do Sul, onde passou a trabalhar com\u00a0 bambu. Na Col\u00f4mbia, faz parte do grande movimento de uso do bambu na constru\u00e7\u00e3o civil. Seus mais recentes trabalhos realizados s\u00e3o a Green School e o famoso Bamboo Pavillion, ambos em Bali, onde tamb\u00e9m ministrou v\u00e1rias oficinas e cursos pr\u00e1ticos durante a execu\u00e7\u00e3o dos projetos.<\/span><\/p>\n<p style=\"text-align: justify;\"><span style=\"color: #993300;\">Yuri Diniz \u00e9 um jovem agricultor disc\u00edpulo de Ernst Gotsch<\/span>,<span style=\"color: #000000;\"> que desenvolveu a agricultura sintr\u00f3pica. Vive em busca de um balan\u00e7o energ\u00e9tico positivo. Inspirado nas sabedorias passadas por Ernst Gotsch, Yuri produz alimentos criando florestas, \u00e9 o Idealizador e s\u00f3cio-fundador da empresa CARPE \u2013 Projetos Socioambientais, professor de Sustentabilidades da Escola Parque, criador do Grupo do Jardim e ministra cursos no TIB\u00c1.<\/span><\/p>\n<p style=\"text-align: justify;\"><span style=\"color: #993300;\">Prof. Dr. Valdely Knupp, autor do livro PANCs:<\/span><span style=\"color: #000000;\"> Plantas Aliment\u00edcias N\u00e3o-Convencionais, Professor do Instituto Federal de Educa\u00e7\u00e3o, Ci\u00eancia e Tecnologia do Amazonas, trabalha no levantamento da riqueza de esp\u00e9cies com potencial aliment\u00edcio e trabalhos de cultivos experimentais baseados nos preceitos agroecol\u00f3gicos e em an\u00e1lises nutricionais e sensoriais das esp\u00e9cies mais promissoras.<\/span><\/p>\n<p style=\"text-align: justify;\"><span style=\"color: #000000;\"><span style=\"color: #993300;\">Luiz Carlos Rios engenheiro da Fundaci\u00f3n Timagua<\/span> (Cali,Col\u00f4mbia), desenvolveu o m\u00e9todo construtivo &#8220;timagua&#8221; com bambu gu\u00e1dua e calfitice, o que proporciona maior durabilidade para a constru\u00e7\u00e3o com bambu em ambientes tropicais (pois possuem muita umidade no ar) e possibilita a constru\u00e7\u00e3o telhados em formatos org\u00e2nicos com ester\u00eddias de bambu e calfitice.<\/span><\/p>\n<p><span style=\"color: #000000;\"><strong>Atividades culturais no Festival:<\/strong><\/span><\/p>\n<p><span style=\"color: #000000;\">O evento contar\u00e1 com diversas atividades para todas as idades a partir das 10 horas da manh\u00e3:<\/span><\/p>\n<p><span style=\"color: #000000;\">&#8211; Yoga com professores do Samsara<\/span><\/p>\n<p><span style=\"color: #000000;\">&#8211; TaiChiChuan com a Professora Gracinha<\/span><\/p>\n<p><span style=\"color: #000000;\">&#8211; Dan\u00e7as Circulares com Clarice L\u00edbano numa pista de dan\u00e7a que gera energia<\/span><\/p>\n<p><span style=\"color: #000000;\">&#8211; Oficina de circo com Circo de La Costa, circo itinerante movido a energia Solar<\/span><\/p>\n<p><span style=\"color: #000000;\">&#8211; Oficina de Compostagem e de Bioconstru\u00e7\u00e3o no Stand do Instituto Pindorama<\/span><\/p>\n<p><span style=\"color: #000000;\">&#8211; Oficina de Energia Solar no Stand da RenovAR Energias<\/span><\/p>\n<p><span style=\"color: #000000;\">&#8211; HUB de trabalho colaborativo atrav\u00e9s do app GoodPeople durante todo evento<\/span><\/p>\n<p><span style=\"color: #000000;\">Atra\u00e7\u00f5es Musicais<\/span><\/p>\n<p><span style=\"color: #000000;\">Nesta Edi\u00e7\u00e3o do Festival da Sustentabilidade teremos as seguintes atra\u00e7\u00f5es:<\/span><\/p>\n<p><span style=\"color: #000000;\">&#8211; Grupo Mangalam \u2013 M\u00fasica \u00c9tnica e Devocional<\/span><\/p>\n<p><span style=\"color: #000000;\">&#8211; Camarada Matagal \u2013 Banda com todos instrumentos feitos com bambu, ganhadora do Festival Ol\u00edmpiada da M\u00fasica (Cachoeiras de Macacu)<\/span><\/p>\n<p><strong><span style=\"color: #0000ff;\">Programa\u00e7\u00e3o<\/span><\/strong><\/p>\n<p><strong><span style=\"color: #0000ff;\">Dia 10\/11- 20h \u2013 abertura solene<\/span><\/strong><\/p>\n<p><strong><span style=\"color: #0000ff;\">De 12 a 15 de Novembro \u2013<\/span><\/strong><\/p>\n<p><strong><span style=\"color: #0000ff;\">Pain\u00e9is: tem inicio as 8h para que se inscrever<\/span><\/strong><\/p>\n<p><strong><span style=\"color: #0000ff;\">atividades culturais:\u00a0 10h \u00e0s 18h<\/span><\/strong><\/p>\n<p><strong><span style=\"color: #0000ff;\">shows musicias:\u00a0 19h\/ 22h.<\/span><\/strong><\/p>\n<p><span style=\"color: #0000ff;\"><strong>Venda ingressos: http:\/\/pindorama.org.br\/silabas\/<\/strong><\/span><\/p>\n<p><span style=\"color: #0000ff;\">P\u00f3s-evento: Cursos Bambo<\/span><\/p>\n<p><strong>Servi\u00e7o<\/strong><\/p>\n<p><strong><span style=\"color: #000000;\">Festival da Sustentabilidade<\/span><\/strong><\/p>\n<p><strong><span style=\"color: #000000;\">Datas: 11 a 15 de novembro de 2016<\/span><\/strong><\/p>\n<p><strong><span style=\"color: #000000;\">Local: Nova Friburgo Country Clube<\/span><\/strong><\/p>\n<p><strong><span style=\"color: #0000ff;\">http:\/\/festivaldasustentabilidade.og.br\/<\/span><\/strong><\/p>\n<p><strong>Reserva de vagas S\u00edlabas:<span style=\"color: #0000ff;\"> http:\/\/conteudo.pindorama.org.br\/pre-inscricao-silabas-2016<\/span><\/strong><\/p>\n<p style=\"text-align: justify;\"><strong><span style=\"color: #993300;\">Realiza\u00e7\u00e3o:<\/span><\/strong><\/p>\n<p style=\"text-align: justify;\"><span style=\"color: #993300;\"><strong>Instituto Pindorama<\/strong> &#8211; Preserva\u00e7\u00e3o Ambiental e Educa\u00e7\u00e3o Ecol\u00f3gica<\/span><\/p>\n<p style=\"text-align: justify;\"><span style=\"color: #993300;\">Conectivos &#8211; Curadoria de conte\u00fado e eventos que promove cursos livres, oficinas e palestras e eventos. <strong><span style=\"color: #0000ff;\">www.conectivoscuradoria.com<\/span><\/strong><\/span><\/p>\n<p style=\"text-align: justify;\"><span style=\"color: #993300;\"><strong>Tib\u00e1 &#8211; Tecnologia Intuitiva e Bioarquitetura<\/strong>, de tornar nossa regi\u00e3o um polo de sustentabilidade e qualidade de vida de reconhecimento internacional,<\/span><\/p>\n<p>&nbsp;<\/p>\n<p>&nbsp;<\/p>\n<p>&nbsp;<\/p>\n<p>&nbsp;<\/p>\n<p>&nbsp;<\/p>\n","protected":false},"excerpt":{"rendered":"<p>Festival inclui o\u00a0SILABAS- Simp\u00f3sio Latino-Americano de Bioarquitetura e Sustentabilidade, feira sustent\u00e1vel e atra\u00e7\u00f5es culturais Novembro, 2016 &#8211; Nova Friburgo vai sediar o\u00a0Festival da Sustentabilidade, um evento in\u00e9dito na regi\u00e3o serrana e que acontece de 11 a 15 de novembro de 2016 no Nova Friburgo Country Clube. O Festival da Sustentabilidade surge como fomento ao processo [&hellip;]<\/p>\n","protected":false},"author":1,"featured_media":0,"comment_status":"open","ping_status":"open","sticky":false,"template":"","format":"standard","meta":{"_uag_custom_page_level_css":"","footnotes":""},"categories":[37],"tags":[532,1242,1243,1428,2278,2894,4320,5470,5733,8198,9005,10252,11099,11304],"class_list":["post-4131","post","type-post","status-publish","format-standard","hentry","category-sustentabilidade","tag-agricultura-familiar","tag-bambu","tag-bambu-na-construcao-civil","tag-biogas","tag-cidades-sustentaveis","tag-construcao-natural","tag-energias","tag-gestao-hidrica","tag-habitacoes-de-baixo-impacto","tag-nova-friburgo-country-clube-rj","tag-plantas-alimenticias-nao-convencionais","tag-residuos-organicos","tag-simposio-latino-americano-de-bioarquitetura-e-sustentabilidade","tag-solo-na-construcao-civil"],"blocksy_meta":[],"spectra_blocks_featured_image_url":null,"spectra_blocks_author_info":{"display_name":"Jornal da Constru\u00e7\u00e3o Civil","avatar_url":"https:\/\/secure.gravatar.com\/avatar\/973c9774fd44ddaceb026973c4962faa70fc512bc4c9da68e8ebb40fecee6540?s=96&d=mm&r=g","author_link":"https:\/\/construcaocivil.siriusmarketingedesign.com.br\/?author=1","description":"Desde de 2013, levando muitas informa\u00e7\u00f5es, lan\u00e7amentos e produtos de qualidade para toda cadeia produtiva da constru\u00e7\u00e3o. O Futuro da constru\u00e7\u00e3o passa por aqui,"},"uagb_featured_image_src":{"full":false,"thumbnail":false,"medium":false,"medium_large":false,"large":false,"1536x1536":false,"2048x2048":false},"uagb_author_info":{"display_name":"Jornal da Constru\u00e7\u00e3o Civil","author_link":"https:\/\/construcaocivil.siriusmarketingedesign.com.br\/?author=1"},"uagb_comment_info":0,"uagb_excerpt":"Festival inclui o\u00a0SILABAS- Simp\u00f3sio Latino-Americano de Bioarquitetura e Sustentabilidade, feira sustent\u00e1vel e atra\u00e7\u00f5es culturais Novembro, 2016 &#8211; Nova Friburgo vai sediar o\u00a0Festival da Sustentabilidade, um evento in\u00e9dito na regi\u00e3o serrana e que acontece de 11 a 15 de novembro de 2016 no Nova Friburgo Country Clube. O Festival da Sustentabilidade surge como fomento ao processo&hellip;","_links":{"self":[{"href":"https:\/\/construcaocivil.siriusmarketingedesign.com.br\/index.php?rest_route=\/wp\/v2\/posts\/4131","targetHints":{"allow":["GET"]}}],"collection":[{"href":"https:\/\/construcaocivil.siriusmarketingedesign.com.br\/index.php?rest_route=\/wp\/v2\/posts"}],"about":[{"href":"https:\/\/construcaocivil.siriusmarketingedesign.com.br\/index.php?rest_route=\/wp\/v2\/types\/post"}],"author":[{"embeddable":true,"href":"https:\/\/construcaocivil.siriusmarketingedesign.com.br\/index.php?rest_route=\/wp\/v2\/users\/1"}],"replies":[{"embeddable":true,"href":"https:\/\/construcaocivil.siriusmarketingedesign.com.br\/index.php?rest_route=%2Fwp%2Fv2%2Fcomments&post=4131"}],"version-history":[{"count":0,"href":"https:\/\/construcaocivil.siriusmarketingedesign.com.br\/index.php?rest_route=\/wp\/v2\/posts\/4131\/revisions"}],"wp:attachment":[{"href":"https:\/\/construcaocivil.siriusmarketingedesign.com.br\/index.php?rest_route=%2Fwp%2Fv2%2Fmedia&parent=4131"}],"wp:term":[{"taxonomy":"category","embeddable":true,"href":"https:\/\/construcaocivil.siriusmarketingedesign.com.br\/index.php?rest_route=%2Fwp%2Fv2%2Fcategories&post=4131"},{"taxonomy":"post_tag","embeddable":true,"href":"https:\/\/construcaocivil.siriusmarketingedesign.com.br\/index.php?rest_route=%2Fwp%2Fv2%2Ftags&post=4131"}],"curies":[{"name":"wp","href":"https:\/\/api.w.org\/{rel}","templated":true}]}}