{"id":4155,"date":"2016-11-11T14:25:25","date_gmt":"2016-11-11T17:25:25","guid":{"rendered":"http:\/\/www.jornaldaconstrucaocivil.com.br\/?p=4155"},"modified":"2016-11-11T14:25:25","modified_gmt":"2016-11-11T17:25:25","slug":"espaco-varandas-apresenta-liquidacao-de-ate-50","status":"publish","type":"post","link":"https:\/\/construcaocivil.siriusmarketingedesign.com.br\/?p=4155","title":{"rendered":"Espa\u00e7o Varandas apresenta liquida\u00e7\u00e3o de at\u00e9 50%"},"content":{"rendered":"<p><strong>Liquida\u00e7\u00e3o de fim de ano\u00a0<\/strong><\/p>\n<p style=\"text-align: justify;\"><span style=\"color: #993300;\">Novembro, 2016<\/span> &#8211; <span style=\"color: #000000;\">De 01 a 31 de janeiro de 2017, a loja Espa\u00e7o Varandas apresenta sua liquida\u00e7\u00e3o de janeiro com m\u00f3veis para \u00e1rea externa com at\u00e9 60% de desconto dispon\u00edveis nas lojas de S\u00e3o Caetano do Sul\/ SP e Campo Grande\/ RJ.<\/span><\/p>\n<p><span style=\"color: #0000ff;\"><strong>Veja abaixo alguns produtos da liquida\u00e7\u00e3o:<\/strong><\/span><\/p>\n<p><a href=\"http:\/\/www.jornaldaconstrucaocivil.com.br\/wp-content\/uploads\/2016\/11\/SOFA-I-OK.jpg\"><img loading=\"lazy\" decoding=\"async\" class=\"wp-image-4156 alignleft\" src=\"http:\/\/www.jornaldaconstrucaocivil.com.br\/wp-content\/uploads\/2016\/11\/SOFA-I-OK.jpg\" alt=\"sofa-i-ok\" width=\"236\" height=\"157\" \/><\/a><\/p>\n<p><span style=\"color: #000000;\"><strong>Conjunto Sof\u00e1 e Poltrona Ipanema e Mesa de Centro Lagoa<\/strong><\/span><\/p>\n<p><span style=\"color: #000000;\">De: R$6.850,00<\/span><\/p>\n<p><span style=\"color: #000000;\">Por: R$3.420,00<\/span><\/p>\n<p>&nbsp;<\/p>\n<p>&nbsp;<\/p>\n<p>&nbsp;<\/p>\n<p><a href=\"http:\/\/www.jornaldaconstrucaocivil.com.br\/wp-content\/uploads\/2016\/11\/SOFA-II-OK.jpg\"><img loading=\"lazy\" decoding=\"async\" class=\"wp-image-4157 alignleft\" src=\"http:\/\/www.jornaldaconstrucaocivil.com.br\/wp-content\/uploads\/2016\/11\/SOFA-II-OK.jpg\" alt=\"sofa-ii-ok\" width=\"240\" height=\"160\" \/><\/a><\/p>\n<p><span style=\"color: #000000;\"><strong>Poltrona e Sof\u00e1 Amaz\u00f4nia<\/strong><\/span><\/p>\n<p><span style=\"color: #000000;\">De: R$4.990,00<\/span><\/p>\n<p><span style=\"color: #000000;\">Por: R$2.990,00<\/span><\/p>\n<p>&nbsp;<\/p>\n<p>&nbsp;<\/p>\n<p><a href=\"http:\/\/www.jornaldaconstrucaocivil.com.br\/wp-content\/uploads\/2016\/11\/IPANEMA-I-OK.jpg\"><img loading=\"lazy\" decoding=\"async\" class=\"wp-image-4158 alignleft\" src=\"http:\/\/www.jornaldaconstrucaocivil.com.br\/wp-content\/uploads\/2016\/11\/IPANEMA-I-OK.jpg\" alt=\"ipanema-i-ok\" width=\"237\" height=\"158\" \/><\/a><\/p>\n<p><span style=\"color: #000000;\"><strong>Sof\u00e1 Ipanema com bra\u00e7o direito e Sof\u00e1 Ipanema com mesa lateral Lagoa<\/strong><\/span><\/p>\n<p><span style=\"color: #000000;\">De: R$6.850,00<\/span><\/p>\n<p><span style=\"color: #000000;\">Por: R$3.450,00<\/span><\/p>\n<p>&nbsp;<\/p>\n<p><a href=\"http:\/\/www.jornaldaconstrucaocivil.com.br\/wp-content\/uploads\/2016\/11\/AMARELO-I-OK.jpg\"><img loading=\"lazy\" decoding=\"async\" class=\"wp-image-4159 alignleft\" src=\"http:\/\/www.jornaldaconstrucaocivil.com.br\/wp-content\/uploads\/2016\/11\/AMARELO-I-OK.jpg\" alt=\"amarelo-i-ok\" width=\"234\" height=\"156\" \/><\/a><\/p>\n<p><span style=\"color: #000000;\"><strong>Poltrona e Sof\u00e1 Fortaleza e Mesa de Centro Athenas<\/strong><\/span><\/p>\n<p><span style=\"color: #000000;\">De: R$6.200,00<\/span><\/p>\n<p><span style=\"color: #000000;\">Por: R$3.800,00<\/span><\/p>\n<p>&nbsp;<\/p>\n<p>&nbsp;<\/p>\n<p><a href=\"http:\/\/www.jornaldaconstrucaocivil.com.br\/wp-content\/uploads\/2016\/11\/SOFA-V-CHEISE.jpg\"><img loading=\"lazy\" decoding=\"async\" class=\"wp-image-4160 alignleft\" src=\"http:\/\/www.jornaldaconstrucaocivil.com.br\/wp-content\/uploads\/2016\/11\/SOFA-V-CHEISE.jpg\" alt=\"sofa-v-cheise\" width=\"242\" height=\"161\" \/><\/a><\/p>\n<p><span style=\"color: #000000;\"><strong>Chaise Ofur\u00f4<\/strong><\/span><\/p>\n<p><span style=\"color: #000000;\">De: R$ 2.880,00<\/span><\/p>\n<p><span style=\"color: #000000;\">Por: R$ 1990,00<\/span><\/p>\n<p>&nbsp;<\/p>\n<p>&nbsp;<\/p>\n<p>&nbsp;<\/p>\n<p><a href=\"http:\/\/www.jornaldaconstrucaocivil.com.br\/wp-content\/uploads\/2016\/11\/SOFA-IV.jpg\"><img loading=\"lazy\" decoding=\"async\" class=\"wp-image-4162 alignleft\" src=\"http:\/\/www.jornaldaconstrucaocivil.com.br\/wp-content\/uploads\/2016\/11\/SOFA-IV-1024x683.jpg\" alt=\"sofa-iv\" width=\"239\" height=\"159\" \/><\/a><\/p>\n<p><span style=\"color: #000000;\"><strong>Poltrona e Sof\u00e1 Takayama<\/strong><\/span><\/p>\n<p><span style=\"color: #000000;\">De: R$ 2.880,00<\/span><\/p>\n<p><span style=\"color: #000000;\">Por: R$ 1990,00<\/span><\/p>\n<p>&nbsp;<\/p>\n<p>&nbsp;<\/p>\n<p><span style=\"color: #000000;\">Site:<\/span>\u00a0<span style=\"color: #0000ff;\"><strong>www.espacovarandas.com.br<\/strong><\/span><\/p>\n<p>&nbsp;<\/p>\n","protected":false},"excerpt":{"rendered":"<p>Liquida\u00e7\u00e3o de fim de ano\u00a0 Novembro, 2016 &#8211; De 01 a 31 de janeiro de 2017, a loja Espa\u00e7o Varandas apresenta sua liquida\u00e7\u00e3o de janeiro com m\u00f3veis para \u00e1rea externa com at\u00e9 60% de desconto dispon\u00edveis nas lojas de S\u00e3o Caetano do Sul\/ SP e Campo Grande\/ RJ. Veja abaixo alguns produtos da liquida\u00e7\u00e3o: Conjunto [&hellip;]<\/p>\n","protected":false},"author":1,"featured_media":4157,"comment_status":"open","ping_status":"open","sticky":false,"template":"","format":"standard","meta":{"_uag_custom_page_level_css":"","footnotes":""},"categories":[28],"tags":[1782,1936,2466,3392,4993,6932,7007,8295,8414,9787,10640,12211],"class_list":["post-4155","post","type-post","status-publish","format-standard","has-post-thumbnail","hentry","category-arquitetura","tag-campro-grande-rj","tag-casa-e-jardins","tag-comercio-varejo","tag-decoracao","tag-festa-de-fianl-de-ano","tag-liquidacao","tag-lojas-de-moveis","tag-novos-produtos","tag-ofertas-de-natal","tag-promocao","tag-sao-caetano-do-sul-sp","tag-varejo"],"blocksy_meta":[],"spectra_blocks_featured_image_url":[],"spectra_blocks_author_info":{"display_name":"Jornal da Constru\u00e7\u00e3o Civil","avatar_url":"https:\/\/secure.gravatar.com\/avatar\/973c9774fd44ddaceb026973c4962faa70fc512bc4c9da68e8ebb40fecee6540?s=96&d=mm&r=g","author_link":"https:\/\/construcaocivil.siriusmarketingedesign.com.br\/?author=1","description":"Desde de 2013, levando muitas informa\u00e7\u00f5es, lan\u00e7amentos e produtos de qualidade para toda cadeia produtiva da constru\u00e7\u00e3o. O Futuro da constru\u00e7\u00e3o passa por aqui,"},"uagb_featured_image_src":{"full":false,"thumbnail":false,"medium":false,"medium_large":false,"large":false,"1536x1536":false,"2048x2048":false},"uagb_author_info":{"display_name":"Jornal da Constru\u00e7\u00e3o Civil","author_link":"https:\/\/construcaocivil.siriusmarketingedesign.com.br\/?author=1"},"uagb_comment_info":0,"uagb_excerpt":"Liquida\u00e7\u00e3o de fim de ano\u00a0 Novembro, 2016 &#8211; De 01 a 31 de janeiro de 2017, a loja Espa\u00e7o Varandas apresenta sua liquida\u00e7\u00e3o de janeiro com m\u00f3veis para \u00e1rea externa com at\u00e9 60% de desconto dispon\u00edveis nas lojas de S\u00e3o Caetano do Sul\/ SP e Campo Grande\/ RJ. Veja abaixo alguns produtos da liquida\u00e7\u00e3o: Conjunto&hellip;","_links":{"self":[{"href":"https:\/\/construcaocivil.siriusmarketingedesign.com.br\/index.php?rest_route=\/wp\/v2\/posts\/4155","targetHints":{"allow":["GET"]}}],"collection":[{"href":"https:\/\/construcaocivil.siriusmarketingedesign.com.br\/index.php?rest_route=\/wp\/v2\/posts"}],"about":[{"href":"https:\/\/construcaocivil.siriusmarketingedesign.com.br\/index.php?rest_route=\/wp\/v2\/types\/post"}],"author":[{"embeddable":true,"href":"https:\/\/construcaocivil.siriusmarketingedesign.com.br\/index.php?rest_route=\/wp\/v2\/users\/1"}],"replies":[{"embeddable":true,"href":"https:\/\/construcaocivil.siriusmarketingedesign.com.br\/index.php?rest_route=%2Fwp%2Fv2%2Fcomments&post=4155"}],"version-history":[{"count":0,"href":"https:\/\/construcaocivil.siriusmarketingedesign.com.br\/index.php?rest_route=\/wp\/v2\/posts\/4155\/revisions"}],"wp:attachment":[{"href":"https:\/\/construcaocivil.siriusmarketingedesign.com.br\/index.php?rest_route=%2Fwp%2Fv2%2Fmedia&parent=4155"}],"wp:term":[{"taxonomy":"category","embeddable":true,"href":"https:\/\/construcaocivil.siriusmarketingedesign.com.br\/index.php?rest_route=%2Fwp%2Fv2%2Fcategories&post=4155"},{"taxonomy":"post_tag","embeddable":true,"href":"https:\/\/construcaocivil.siriusmarketingedesign.com.br\/index.php?rest_route=%2Fwp%2Fv2%2Ftags&post=4155"}],"curies":[{"name":"wp","href":"https:\/\/api.w.org\/{rel}","templated":true}]}}