{"id":4165,"date":"2016-11-11T14:43:06","date_gmt":"2016-11-11T17:43:06","guid":{"rendered":"http:\/\/www.jornaldaconstrucaocivil.com.br\/?p=4165"},"modified":"2016-11-11T14:43:06","modified_gmt":"2016-11-11T17:43:06","slug":"exto-e-capezio-unidas-em-prol-da-ong-florescer","status":"publish","type":"post","link":"https:\/\/construcaocivil.siriusmarketingedesign.com.br\/?p=4165","title":{"rendered":"Exto e Capezio unidas em prol da ONG Florescer"},"content":{"rendered":"<p style=\"text-align: justify;\"><span style=\"color: #000080;\"><strong>Comandada por Karina e Nadia Bacchi, a institui\u00e7\u00e3o ter\u00e1 sala de ballet, a partir de 21 de novembro, para beneficiar mais de 250 crian\u00e7as da comunidade Parais\u00f3polis, no Morumbi<\/strong><\/span><\/p>\n<p style=\"text-align: justify;\"><span style=\"color: #000080;\">No dia 21 de novembro &#8211;<\/span>\u00a0<span style=\"color: #000000;\">Exto Incorpora\u00e7\u00e3o e Constru\u00e7\u00e3o e Capezio entregam oficialmente uma sala de ballet exclusiva e completa \u00e0 ONG Florescer, que fica instalada no Morumbi e foi fundada por Nadia Bacchi e tem como embaixadora sua filha, a atriz Karina Bacchi. As empresas se uniram para arquitetar e construir o espa\u00e7o de dan\u00e7a que passa a agregar a grade de atividades da institui\u00e7\u00e3o sem fins lucrativos, que oferece a mais de 850 crian\u00e7as de 06 a 16 anos da comunidade de Parais\u00f3polis, aulas de computa\u00e7\u00e3o, ingl\u00eas e espanhol, m\u00fasica, esfor\u00e7o escolar e at\u00e9 mesmo ocupa\u00e7\u00e3o e est\u00edmulo para suas m\u00e3es, com o projeto<\/span><span style=\"color: #000080;\"><strong> \u2018Recicla Jeans\u2019<\/strong><\/span>.<\/p>\n<figure id=\"attachment_4166\" aria-describedby=\"caption-attachment-4166\" style=\"width: 279px\" class=\"wp-caption alignleft\"><a href=\"http:\/\/www.jornaldaconstrucaocivil.com.br\/wp-content\/uploads\/2016\/11\/BACHHI.jpg\"><img loading=\"lazy\" decoding=\"async\" class=\"wp-image-4166 \" src=\"http:\/\/www.jornaldaconstrucaocivil.com.br\/wp-content\/uploads\/2016\/11\/BACHHI.jpg\" alt=\"bachhi\" width=\"279\" height=\"215\" \/><\/a><figcaption id=\"caption-attachment-4166\" class=\"wp-caption-text\"><span style=\"color: #0000ff;\"><strong>Karina Bacchi, com crian\u00e7as da ONG Florescer. <\/strong>Foto: Divulga\u00e7\u00e3o<\/span><\/figcaption><\/figure>\n<p style=\"text-align: justify;\"><span style=\"color: #000000;\">As aulas de ballet, que antes eram realizadas em uma sala comum por 130 crian\u00e7as, agora ter\u00e3o uma verdadeira estrutura para as interessadas na arte, que n\u00e3o param de chegar.<span style=\"color: #000080;\"><em> \u201cCom a expans\u00e3o da sala, j\u00e1 duplicamos o n\u00famero de inscritas. A comunidade est\u00e1 aguardando com muita ansiedade\u201d<\/em><\/span>, diz Nadia, que realiza com a iniciativa de Exto e Capezio um grande sonho, j\u00e1 que agora poder\u00e1 levar mais cultura e infraestrutura para a comunidade. Na segunda-feira, \u00e0s 10h30, a Sala Exto-Capezio ser\u00e1 entregue em um evento para 25 crian\u00e7as, com apresenta\u00e7\u00e3o da bailarina profissional Giovanna Puoli ao som da consagrada pianista Juliana D`Agostini. Uniformizadas pela Capezio, as mini bailarinas ainda aprender\u00e3o alguns passos diretamente com Giovana e poder\u00e3o aproveitar um delicioso caf\u00e9 oferecido pela Ms. Chocolate.<\/span><\/p>\n<p style=\"text-align: justify;\"><span style=\"color: #000000;\">A nova sala, de 55m2, recebeu projeto civil, el\u00e9trico e arquitet\u00f4nico da equipe de engenharia da Exto e incluiu uma s\u00e9rie de itens, como: arm\u00e1rio com nichos, espaldar, porta c\/ fechadura, ventilador, bancos, lumin\u00e1rias, fez reforma de banheiro com piso em porcelanato, entre muitos outros detalhes, tudo para melhorar a experi\u00eancia das crian\u00e7as durante a pr\u00e1tica de ballet. \u201cPegamos uma sala praticamente vazia e aplicamos aquilo que fazemos melhor: construir sonhos! Deixamos a sala linda e funcional para os alunos da ONG. Em 25 dias e com muitos colaboradores empenhados, entregamos um projeto que ir\u00e1 beneficiar cada vez mais o presente e o futuro de nossas crian\u00e7as\u201d, diz Roberto Matos, Presidente da Exto, que realiza a a\u00e7\u00e3o dentro de seu projeto social <strong><span style=\"color: #0000ff;\">\u2018Exto M\u00e3os \u00e0 Obra\u2019<\/span><\/strong>, que beneficia cidades, pessoas e animais com diversas e constantes iniciativas para a melhoria da sociedades e seus bairros. J\u00e1 a Capezio, que \u00e9 reconhecida por suas a\u00e7\u00f5es beneficentes por meio da dan\u00e7a, incluiu ao projeto da Florescer barras de ballet, espelhos e um piso espec\u00edfico para aulas, chamado lin\u00f3leo.<em><span style=\"color: #000080;\"> \u201cPara n\u00f3s da Capezio, que respiramos dan\u00e7a todos os dias, apoiar um projeto social que consegue resgatar a arte e cultura em crian\u00e7as e adolescentes, \u00e9 mais do que motivo de orgulho. Estamos fazendo uma pequena parte para ajudar na transforma\u00e7\u00e3o social atrav\u00e9s da dan\u00e7a!&#8221;<\/span><\/em>, diz Mariana Capatto, diretora da empresa.<\/span><\/p>\n<p style=\"text-align: justify;\"><span style=\"color: #000000;\"><em><span style=\"color: #000080;\">\u201cAs m\u00e3es visitam a ONG diariamente para colocar o nome na lista de espera.\u201d<\/span><\/em>, declara Karina e complementa com um pedido.<span style=\"color: #000080;\"><em> \u201cPara triplicar, precisamos de mais um dia de aulas e de uma nova professora de ballet\u201c<\/em><\/span>. As aulas acontecem \u00e0s sextas-feiras de 1h em 1h hora.<\/span><\/p>\n<p style=\"text-align: justify;\"><strong><span style=\"color: #000000;\">A EXTO<\/span><\/strong><\/p>\n<p style=\"text-align: justify;\"><span style=\"color: #000000;\">A Construtora e Incorporadora EXTO surgiu pelas m\u00e3os de quatro amigos engenheiros, entre eles Roberto Matos e Carlos Mauaccad, que continuam a liderar a empresa at\u00e9 os dias de hoje. Ao longo de seus quase 30 anos, a Exto \u00e9 respons\u00e1vel por mais de 70 pr\u00e9dios e mais de um milh\u00e3o de metros quadrados constru\u00eddos no mais alto padr\u00e3o de qualidade e em bairros disputados da cidade, com residenciais e comerciais pelas regi\u00f5es de Perdizes, Morumbi, Jardins, Vila Nova Concei\u00e7\u00e3o, Pacaembu, Lapa, Vila Ol\u00edmpia, Vila Romana, e at\u00e9 em Porto de Galinhas, Pernambuco, onde construiu um condom\u00ednio de frente para o mar.<\/span><\/p>\n<p style=\"text-align: justify;\"><span style=\"color: #000000;\">Para saber mais acesse<strong><span style=\"color: #0000ff;\"> www.exto.com.br e www.facebook.com\/ExtoIncorporadora<\/span><\/strong>.<\/span><\/p>\n<p style=\"text-align: justify;\"><strong><span style=\"color: #000000;\">A Capezio<\/span><\/strong><\/p>\n<p style=\"text-align: justify;\"><span style=\"color: #000000;\">Ocupando seu espa\u00e7o no seleto grupo das marcas mais desejadas no mundo. No Brasil, o principal objetivo da Capezio, em todos estes anos, sempre foi promover incessantemente o desenvolvimento e o crescimento da dan\u00e7a no pa\u00eds. A marca conta com um cat\u00e1logo de com mais de 2000 itens e a empresa ainda oferece a possibilidade de produ\u00e7\u00e3o sob encomenda atendendo, dessa forma, as necessidades de qualquer praticante da dan\u00e7a em qualquer uma de suas 38 lojas pr\u00f3prias.Por aqui, a Capezio come\u00e7ou produzindo sapatilhas de ballet e ao longo dos anos foi ampliando a linha de produtos, incluindo toda a confec\u00e7\u00e3o do vestu\u00e1rio e a pr\u00f3pria tecelagem, fabricando os tecidos para o seu pr\u00f3prio consumo. Atualmente celebra o sucesso da linha Capezio Luxo e linha Fitness lan\u00e7ada no in\u00edcio do ano.<\/span><\/p>\n<p style=\"text-align: justify;\"><span style=\"color: #000000;\">Uma empresa que nasceu familiar e conseguiu o desafio de permanecer com o mesmo perfil de gest\u00e3o e transform\u00e1-la em uma das empresas mais s\u00f3lidas e promissoras do pa\u00eds. Site:<span style=\"color: #0000ff;\">\u00a0<\/span><\/span><span style=\"color: #0000ff;\">www.capezio.com.br<\/span><\/p>\n<p style=\"text-align: justify;\"><strong><span style=\"color: #000000;\">Sobre a ONG Florescer<\/span><\/strong><\/p>\n<p style=\"text-align: justify;\"><span style=\"color: #000000;\">A Associa\u00e7\u00e3o Nadia R. Bacchi (ONG Florescer) foi fundada em 1990 na cidade de S\u00e3o Manuel (interior de S\u00e3o Paulo) pela empres\u00e1ria Nadia Bacchi com o objetivo de prestar servi\u00e7os \u00e0 Cidade.\u00a0 Em 1995 se instalou na comunidade de Parais\u00f3polis, localizada na Zona Sul de S\u00e3o Paulo. Segunda maior comunidade carente da capital, Parais\u00f3polis conta com mais de 100 mil habitantes.<\/span><\/p>\n<p style=\"text-align: justify;\"><span style=\"color: #000000;\"><span style=\"color: #0000ff;\">A ONG Florescer<\/span>, institui\u00e7\u00e3o sem fins lucrativos, tem como objetivo contribuir de forma social com a comunidade prestando servi\u00e7os referentes \u00e0 educa\u00e7\u00e3o, esporte, lazer, profissionaliza\u00e7\u00e3o e cultura al\u00e9m de resgatar \u00e0 dignidade, o respeito e conviv\u00eancia familiar e comunit\u00e1ria. Al\u00e9m de colaborar para o desenvolvimento educacional e psicol\u00f3gico das crian\u00e7as, muitas descobriram talentos ocultos e novas profiss\u00f5es.<\/span><\/p>\n<p style=\"text-align: justify;\"><span style=\"color: #000000;\">\u00a0A ONG Florescer come\u00e7ou sua <span style=\"color: #993300;\">\u201cplanta\u00e7\u00e3o\u201d<\/span> com a funda\u00e7\u00e3o do Centro de Integra\u00e7\u00e3o Comunit\u00e1ria. Com ele, crian\u00e7as e jovens da comunidade passaram a contar com um espa\u00e7o fixo para suas aulas, recebem refor\u00e7o escolar, computa\u00e7\u00e3o, ingl\u00eas, teatro, dan\u00e7a, ballet, viol\u00e3o e atividades f\u00edsicas em geral. Praticam atividades recreativas e cursos profissionalizantes, sempre ministrados por volunt\u00e1rios.<\/span><\/p>\n<p style=\"text-align: justify;\"><span style=\"color: #000000;\">Os resultados desse esfor\u00e7o comunit\u00e1rio v\u00eam sendo positivos e a receptividade das fam\u00edlias tem sido bastante grande. Hoje, a ONG Florescer atende cerca de 850 crian\u00e7as de 06 a 16 anos e outras formam uma disputada fila de espera pela abertura novas vagas.<\/span><\/p>\n<p style=\"text-align: justify;\"><span style=\"color: #000000;\"><span style=\"color: #993300;\"><strong>\u00a0A CASA:<\/strong><\/span> Sua grande \u00e1rea interna, dividida em v\u00e1rios c\u00f4modos, permite que as atividades culturais e educativas da Associa\u00e7\u00e3o Nadia Rubio Bacchi\/ONG Florescer sejam oferecidas para as crian\u00e7as internamente.<\/span><\/p>\n","protected":false},"excerpt":{"rendered":"<p>Comandada por Karina e Nadia Bacchi, a institui\u00e7\u00e3o ter\u00e1 sala de ballet, a partir de 21 de novembro, para beneficiar mais de 250 crian\u00e7as da comunidade Parais\u00f3polis, no Morumbi No dia 21 de novembro &#8211;\u00a0Exto Incorpora\u00e7\u00e3o e Constru\u00e7\u00e3o e Capezio entregam oficialmente uma sala de ballet exclusiva e completa \u00e0 ONG Florescer, que fica instalada [&hellip;]<\/p>\n","protected":false},"author":1,"featured_media":0,"comment_status":"open","ping_status":"open","sticky":false,"template":"","format":"standard","meta":{"_uag_custom_page_level_css":"","footnotes":""},"categories":[37],"tags":[907,1096,2942,4039,4495,6121,6613,7876,8032,8042,8435,8632,9673,9733],"class_list":["post-4165","post","type-post","status-publish","format-standard","hentry","category-sustentabilidade","tag-arquitetonico","tag-aulas-de-informatica","tag-construtora-e-incorporadora-exto","tag-eletrico","tag-esforco-escolar","tag-ingles-e-espanhol","tag-karina-bacchi","tag-morumbi-sp","tag-musica","tag-nadia-bacchi","tag-ong-florescer","tag-paraisopolis-sp","tag-projeto-civil","tag-projeto-social-exto-maos-a-obra"],"blocksy_meta":[],"spectra_blocks_featured_image_url":null,"spectra_blocks_author_info":{"display_name":"Jornal da Constru\u00e7\u00e3o Civil","avatar_url":"https:\/\/secure.gravatar.com\/avatar\/973c9774fd44ddaceb026973c4962faa70fc512bc4c9da68e8ebb40fecee6540?s=96&d=mm&r=g","author_link":"https:\/\/construcaocivil.siriusmarketingedesign.com.br\/?author=1","description":"Desde de 2013, levando muitas informa\u00e7\u00f5es, lan\u00e7amentos e produtos de qualidade para toda cadeia produtiva da constru\u00e7\u00e3o. O Futuro da constru\u00e7\u00e3o passa por aqui,"},"uagb_featured_image_src":{"full":false,"thumbnail":false,"medium":false,"medium_large":false,"large":false,"1536x1536":false,"2048x2048":false},"uagb_author_info":{"display_name":"Jornal da Constru\u00e7\u00e3o Civil","author_link":"https:\/\/construcaocivil.siriusmarketingedesign.com.br\/?author=1"},"uagb_comment_info":0,"uagb_excerpt":"Comandada por Karina e Nadia Bacchi, a institui\u00e7\u00e3o ter\u00e1 sala de ballet, a partir de 21 de novembro, para beneficiar mais de 250 crian\u00e7as da comunidade Parais\u00f3polis, no Morumbi No dia 21 de novembro &#8211;\u00a0Exto Incorpora\u00e7\u00e3o e Constru\u00e7\u00e3o e Capezio entregam oficialmente uma sala de ballet exclusiva e completa \u00e0 ONG Florescer, que fica instalada&hellip;","_links":{"self":[{"href":"https:\/\/construcaocivil.siriusmarketingedesign.com.br\/index.php?rest_route=\/wp\/v2\/posts\/4165","targetHints":{"allow":["GET"]}}],"collection":[{"href":"https:\/\/construcaocivil.siriusmarketingedesign.com.br\/index.php?rest_route=\/wp\/v2\/posts"}],"about":[{"href":"https:\/\/construcaocivil.siriusmarketingedesign.com.br\/index.php?rest_route=\/wp\/v2\/types\/post"}],"author":[{"embeddable":true,"href":"https:\/\/construcaocivil.siriusmarketingedesign.com.br\/index.php?rest_route=\/wp\/v2\/users\/1"}],"replies":[{"embeddable":true,"href":"https:\/\/construcaocivil.siriusmarketingedesign.com.br\/index.php?rest_route=%2Fwp%2Fv2%2Fcomments&post=4165"}],"version-history":[{"count":0,"href":"https:\/\/construcaocivil.siriusmarketingedesign.com.br\/index.php?rest_route=\/wp\/v2\/posts\/4165\/revisions"}],"wp:attachment":[{"href":"https:\/\/construcaocivil.siriusmarketingedesign.com.br\/index.php?rest_route=%2Fwp%2Fv2%2Fmedia&parent=4165"}],"wp:term":[{"taxonomy":"category","embeddable":true,"href":"https:\/\/construcaocivil.siriusmarketingedesign.com.br\/index.php?rest_route=%2Fwp%2Fv2%2Fcategories&post=4165"},{"taxonomy":"post_tag","embeddable":true,"href":"https:\/\/construcaocivil.siriusmarketingedesign.com.br\/index.php?rest_route=%2Fwp%2Fv2%2Ftags&post=4165"}],"curies":[{"name":"wp","href":"https:\/\/api.w.org\/{rel}","templated":true}]}}