{"id":417,"date":"2015-11-19T03:32:24","date_gmt":"2015-11-19T03:32:24","guid":{"rendered":"http:\/\/www.jornaldaconstrucaocivil.com.br\/?p=417"},"modified":"2015-11-19T03:32:24","modified_gmt":"2015-11-19T03:32:24","slug":"minha-casa-minha-vida-3-integra-pauta-da-reuniao-da-comissao-da-industria-imobiliaria-da-cbic","status":"publish","type":"post","link":"https:\/\/construcaocivil.siriusmarketingedesign.com.br\/?p=417","title":{"rendered":"Minha Casa Minha Vida 3 integra pauta da reuni\u00e3o da Comiss\u00e3o da Ind\u00fastria Imobili\u00e1ria da CBIC"},"content":{"rendered":"<p><span style=\"color: #000000;\">O\u00a0tema \u201cAtualiza\u00e7\u00e3o do Programa Minha Casa Minha Vida 3 (PMCMV3)\u201d integra a pauta da Comiss\u00e3o da Ind\u00fastria Imobili\u00e1ria (CII) da CBIC, que se reunir\u00e1 no pr\u00f3ximo dia 27 de novembro, das 9h \u00e0s 17h, no Sheraton \u2013 Reserva do Paiva Hotel &amp; Convention Center, em Recife. <\/span><\/p>\n<p><a href=\"http:\/\/www.jornaldaconstrucaocivil.com.br\/wp-content\/uploads\/2015\/11\/Industria-MCMV.jpg\"><img loading=\"lazy\" decoding=\"async\" class=\" wp-image-418 alignleft\" src=\"http:\/\/www.jornaldaconstrucaocivil.com.br\/wp-content\/uploads\/2015\/11\/Industria-MCMV-300x152.jpg\" alt=\"Industria MCMV\" width=\"243\" height=\"123\" \/><\/a><\/p>\n<p><span style=\"color: #000000;\">Durante a reuni\u00e3o tamb\u00e9m ser\u00e3o discutidos os seguintes assuntos: \u201cAprova\u00e7\u00e3o de Projeto Digital\u201d; \u201cRodada de Mercado e Projeto Indicadores Nacionais\u201d; \u201cCoaf\/Cofeci \u2013 Preven\u00e7\u00e3o a Lavagem de Dinheiro\u201d, e \u201cOs efeitos da Emenda Constitucional n\u00ba 87\/2015 na Constru\u00e7\u00e3o Civil\u201d, al\u00e9m de assuntos como Portaria do Comando da Aeron\u00e1utica (Comar), Funding do Sistema Brasileiro de Poupan\u00e7a e Empr\u00e9stimo (SBPE) e Distratos.<\/span><\/p>\n<p><span style=\"color: #ff0000;\">Fonte:Boletim CBIC<\/span><\/p>\n","protected":false},"excerpt":{"rendered":"<p>O\u00a0tema \u201cAtualiza\u00e7\u00e3o do Programa Minha Casa Minha Vida 3 (PMCMV3)\u201d integra a pauta da Comiss\u00e3o da Ind\u00fastria Imobili\u00e1ria (CII) da CBIC, que se reunir\u00e1 no pr\u00f3ximo dia 27 de novembro, das 9h \u00e0s 17h, no Sheraton \u2013 Reserva do Paiva Hotel &amp; Convention Center, em Recife. Durante a reuni\u00e3o tamb\u00e9m ser\u00e3o discutidos os seguintes assuntos: [&hellip;]<\/p>\n","protected":false},"author":1,"featured_media":418,"comment_status":"open","ping_status":"open","sticky":false,"template":"","format":"standard","meta":{"_uag_custom_page_level_css":"","footnotes":""},"categories":[31],"tags":[2029,6016,7692,8734],"class_list":["post-417","post","type-post","status-publish","format-standard","has-post-thumbnail","hentry","category-infraestrutura","tag-cbic","tag-industria","tag-minha-casa-minha-vida","tag-pauta"],"blocksy_meta":[],"spectra_blocks_featured_image_url":[],"spectra_blocks_author_info":{"display_name":"Jornal da Constru\u00e7\u00e3o Civil","avatar_url":"https:\/\/secure.gravatar.com\/avatar\/973c9774fd44ddaceb026973c4962faa70fc512bc4c9da68e8ebb40fecee6540?s=96&d=mm&r=g","author_link":"https:\/\/construcaocivil.siriusmarketingedesign.com.br\/?author=1","description":"Desde de 2013, levando muitas informa\u00e7\u00f5es, lan\u00e7amentos e produtos de qualidade para toda cadeia produtiva da constru\u00e7\u00e3o. O Futuro da constru\u00e7\u00e3o passa por aqui,"},"uagb_featured_image_src":{"full":false,"thumbnail":false,"medium":false,"medium_large":false,"large":false,"1536x1536":false,"2048x2048":false},"uagb_author_info":{"display_name":"Jornal da Constru\u00e7\u00e3o Civil","author_link":"https:\/\/construcaocivil.siriusmarketingedesign.com.br\/?author=1"},"uagb_comment_info":0,"uagb_excerpt":"O\u00a0tema \u201cAtualiza\u00e7\u00e3o do Programa Minha Casa Minha Vida 3 (PMCMV3)\u201d integra a pauta da Comiss\u00e3o da Ind\u00fastria Imobili\u00e1ria (CII) da CBIC, que se reunir\u00e1 no pr\u00f3ximo dia 27 de novembro, das 9h \u00e0s 17h, no Sheraton \u2013 Reserva do Paiva Hotel &amp; Convention Center, em Recife. Durante a reuni\u00e3o tamb\u00e9m ser\u00e3o discutidos os seguintes assuntos:&hellip;","_links":{"self":[{"href":"https:\/\/construcaocivil.siriusmarketingedesign.com.br\/index.php?rest_route=\/wp\/v2\/posts\/417","targetHints":{"allow":["GET"]}}],"collection":[{"href":"https:\/\/construcaocivil.siriusmarketingedesign.com.br\/index.php?rest_route=\/wp\/v2\/posts"}],"about":[{"href":"https:\/\/construcaocivil.siriusmarketingedesign.com.br\/index.php?rest_route=\/wp\/v2\/types\/post"}],"author":[{"embeddable":true,"href":"https:\/\/construcaocivil.siriusmarketingedesign.com.br\/index.php?rest_route=\/wp\/v2\/users\/1"}],"replies":[{"embeddable":true,"href":"https:\/\/construcaocivil.siriusmarketingedesign.com.br\/index.php?rest_route=%2Fwp%2Fv2%2Fcomments&post=417"}],"version-history":[{"count":0,"href":"https:\/\/construcaocivil.siriusmarketingedesign.com.br\/index.php?rest_route=\/wp\/v2\/posts\/417\/revisions"}],"wp:attachment":[{"href":"https:\/\/construcaocivil.siriusmarketingedesign.com.br\/index.php?rest_route=%2Fwp%2Fv2%2Fmedia&parent=417"}],"wp:term":[{"taxonomy":"category","embeddable":true,"href":"https:\/\/construcaocivil.siriusmarketingedesign.com.br\/index.php?rest_route=%2Fwp%2Fv2%2Fcategories&post=417"},{"taxonomy":"post_tag","embeddable":true,"href":"https:\/\/construcaocivil.siriusmarketingedesign.com.br\/index.php?rest_route=%2Fwp%2Fv2%2Ftags&post=417"}],"curies":[{"name":"wp","href":"https:\/\/api.w.org\/{rel}","templated":true}]}}