{"id":4174,"date":"2016-11-12T11:45:41","date_gmt":"2016-11-12T14:45:41","guid":{"rendered":"http:\/\/www.jornaldaconstrucaocivil.com.br\/?p=4174"},"modified":"2016-11-12T11:45:41","modified_gmt":"2016-11-12T14:45:41","slug":"evonik-anuncia-novo-endereco-de-sua-sede-em-sao-paulo-a-partir-de-dezembro","status":"publish","type":"post","link":"https:\/\/construcaocivil.siriusmarketingedesign.com.br\/?p=4174","title":{"rendered":"Evonik anuncia novo endere\u00e7o de sua sede em S\u00e3o Paulo a partir de dezembro"},"content":{"rendered":"<p style=\"text-align: justify;\"><strong><span style=\"color: #000080;\">Um novo espa\u00e7o moderno, inovador e sustent\u00e1vel promover\u00e1 maior integra\u00e7\u00e3o entre as \u00e1reas e dar\u00e1 suporte \u00e0 estrat\u00e9gia de crescimento regional<\/span><\/strong><\/p>\n<p style=\"text-align: justify;\"><span style=\"color: #000000;\">A partir de 19 de dezembro, a Evonik, uma das l\u00edderes mundiais em especialidades qu\u00edmicas, estar\u00e1 de casa nova. O endere\u00e7o escolhido foi a torre A do moderno empreendimento EZ Towers, localizado na regi\u00e3o do bairro Morumbi (SP). A nova sede abrigar\u00e1 \u00e1reas administrativas e comerciais que antes estavam localizadas na regi\u00e3o da Avenida Paulista.<\/span><\/p>\n<figure id=\"attachment_4175\" aria-describedby=\"caption-attachment-4175\" style=\"width: 301px\" class=\"wp-caption alignleft\"><a href=\"http:\/\/www.jornaldaconstrucaocivil.com.br\/wp-content\/uploads\/2016\/11\/EVONIK.jpg\"><img loading=\"lazy\" decoding=\"async\" class=\"wp-image-4175\" src=\"http:\/\/www.jornaldaconstrucaocivil.com.br\/wp-content\/uploads\/2016\/11\/EVONIK-1024x1006.jpg\" alt=\"evonik\" width=\"301\" height=\"296\" \/><\/a><figcaption id=\"caption-attachment-4175\" class=\"wp-caption-text\"><strong><span style=\"color: #0000ff;\">Nova sede da Evonik em S\u00e3o Paulo. <\/span><\/strong><span style=\"color: #0000ff;\">Cr\u00e9ditos: EZTEC\/Marcelo Paoli<\/span><\/figcaption><\/figure>\n<p style=\"text-align: justify;\"><span style=\"color: #000000;\"><em>\u201cA empresa estava dividida em 12 andares de lajes pequenas, o que dificultava a comunica\u00e7\u00e3o e integra\u00e7\u00e3o entre os diversos setores. Agora em dois andares ligados por uma escada interna e com mais espa\u00e7os, teremos um ambiente mais produtivo e inovador; com um aumento substancial de intera\u00e7\u00e3o entre os diferentes departamentos da empresa\u201d<\/em>, declara Weber Porto, Diretor Presidente para Regi\u00e3o Am\u00e9rica do Sul e Central da Evonik.<\/span><\/p>\n<p style=\"text-align: justify;\"><span style=\"color: #000000;\">O novo escrit\u00f3rio tamb\u00e9m dar\u00e1 suporte ao crescimento regional. A empresa, que j\u00e1 inaugurou no pa\u00eds tr\u00eas f\u00e1bricas nos \u00faltimos tr\u00eas anos &#8211; sendo duas delas em 2016 &#8211; e ampliou suas estruturas de servi\u00e7o e vendas no Brasil e em alguns pa\u00edses da Am\u00e9rica do Sul, encerrar\u00e1 o ano com mais este importante investimento e que reafirma o comprometimento com a regi\u00e3o Am\u00e9rica do Sul.<\/span><\/p>\n<p style=\"text-align: justify;\">\n<p style=\"text-align: justify;\"><span style=\"color: #000000;\"><strong>Projeto inovador<\/strong><\/span><\/p>\n<p style=\"text-align: justify;\"><span style=\"color: #000000;\">Com a nova sede, a Evonik passar\u00e1 de uma estrutura de espa\u00e7o vertical, existente no antigo endere\u00e7o, para uma estrutura horizontal e conceito de open space, favorecendo o conv\u00edvio entre os colaboradores, a agilidade, efici\u00eancia e produtividade.<\/span><\/p>\n<p style=\"text-align: justify;\"><span style=\"color: #000000;\">O projeto ficou a cargo do renomado escrit\u00f3rio de arquitetura Athi\u00e9 Wohnrath, que teve como desafio promover a funcionalidade dos espa\u00e7os adequada \u00e0s tend\u00eancias atuais de conceito espacial, que privilegia a integra\u00e7\u00e3o, contudo atendendo \u00e0s necessidades de headcount e j\u00e1 prevendo crescimento nos pr\u00f3ximos cinco anos\u201d, destaca Karine Nobre, Gerente de Projetos do escrit\u00f3rio Athi\u00e9 Wohnrath.<\/span><\/p>\n<p style=\"text-align: justify;\"><span style=\"color: #000000;\">Desta forma, \u00e1reas de apoio e integra\u00e7\u00e3o foram distribu\u00eddas de forma uniforme, al\u00e9m de serem criados espa\u00e7os compartilhados, como \u00e1reas de co-working e um caf\u00e9, visando aumentar a conviv\u00eancia entre as equipes e a melhoria da comunica\u00e7\u00e3o. Um acesso \u00e0 escada interna tamb\u00e9m teve como um dos objetivos melhorar a circula\u00e7\u00e3o entre andares, promovendo maior sinergia entre as \u00e1reas. Para maior receptividade dos clientes, foram criadas mais salas de reuni\u00f5es e um audit\u00f3rio para 90 pessoas.<\/span><\/p>\n<p style=\"text-align: justify;\"><span style=\"color: #000000;\"><strong>Sustentabilidade<\/strong><\/span><\/p>\n<p style=\"text-align: justify;\"><span style=\"color: #000000;\">A sustentabilidade foi um fator preponderante para a escolha do novo edif\u00edcio, que al\u00e9m do alto padr\u00e3o est\u00e9tico, possui todas as caracter\u00edsticas sustent\u00e1veis dos empreendimentos modernos, estando preparado para receber as mais modernas tecnologias e instala\u00e7\u00f5es de telefonia, fibra \u00f3tica, ilumina\u00e7\u00e3o e energia.<\/span><\/p>\n<p style=\"text-align: justify;\"><span style=\"color: #000000;\">O empreendimento \u00e9 classificado como AAA (triple A), fazendo parte do seleto grupo dos melhores edif\u00edcios da cidade, sendo refer\u00eancia no padr\u00e3o de especifica\u00e7\u00f5es t\u00e9cnicas e imagem corporativa. O condom\u00ednio se beneficia com a redu\u00e7\u00e3o de 14% no consumo de energia e 40% no consumo de \u00e1gua, por meio da utiliza\u00e7\u00e3o de vidros de alto desempenho, elevadores com sistema de frenagem regenerativa, redutores de vaz\u00e3o de \u00e1gua nas torneiras, bacias sanit\u00e1rias de duplo acionamento e um sistema de coleta e reserva de \u00e1gua de chuva para ser utilizada na irriga\u00e7\u00e3o do jardim.<\/span><\/p>\n<p style=\"text-align: justify;\"><span style=\"color: #000000;\">Com isso, a Torre A do EZ Towers conquistou a Certifica\u00e7\u00e3o LEED Gold (Leadership in Energy and Environmental Design), na categoria Core and Shell, atendendo aos protocolos exigidos pela organiza\u00e7\u00e3o americana Green Building Council.<\/span><\/p>\n<p style=\"text-align: justify;\"><span style=\"color: #000000;\">Al\u00e9m do LEED Gold, o empreendimento tamb\u00e9m recebeu o selo Guia de Rodas Platinum de Acessibilidade, depois de visitas t\u00e9cnicas conduzidas por arquitetos especialistas em acessibilidade, acompanhados por pessoas com dificuldade de locomo\u00e7\u00e3o.<\/span><\/p>\n<p style=\"text-align: justify;\"><span style=\"color: #000000;\">No projeto de interiores da Evonik, tamb\u00e9m foram atendidos os pr\u00e9-requisitos de acessibilidade, incluindo a disponibilidade de algumas esta\u00e7\u00f5es espec\u00edficas para pessoas com defici\u00eancia.<\/span><\/p>\n<p style=\"text-align: justify;\"><span style=\"color: #000000;\"><strong>Sobre o EZ Towers<\/strong><\/span><\/p>\n<p style=\"text-align: justify;\"><span style=\"color: #000000;\">Assinado pelo renomado concept designer uruguaio Carlos Ott, o EZ Towers \u00e9 um projeto de design \u00fanico e imponente que o tornou um \u00edcone da cidade. Com 94 mil m\u00b2 de \u00e1rea loc\u00e1vel, \u00e9 composto por duas torres com 26 pavimentos cada, tr\u00eas subsolos, cinco sobressolos e 2.856 vagas de estacionamento.<\/span><\/p>\n<p style=\"text-align: justify;\"><span style=\"color: #000000;\">O EZ Towers &#8211; Torre A possui 47.000 m\u00b2, distribu\u00eddos em 26 andares e conta com 15 elevadores sociais. O edif\u00edcio possui as melhores especifica\u00e7\u00f5es t\u00e9cnicas da atualidade, al\u00e9m de seguir as normas de sustentabilidade do LEED &#8211; USGBC, o tornando a sede de grandes empresas que buscam imagem e qualidade de ocupa\u00e7\u00e3o.<\/span><\/p>\n<p style=\"text-align: justify;\"><span style=\"color: #000000;\">Al\u00e9m da proximidade com importantes avenidas como Na\u00e7\u00f5es Unidas, Jornalista Roberto Marinho, Santo Amaro, Morumbi e Berrini, o empreendimento est\u00e1 localizado pr\u00f3ximo \u00e0 Esta\u00e7\u00e3o Morumbi da CPTM, que conecta-se \u00e0 linha amarela e futura linha lil\u00e1s do metr\u00f4, al\u00e9m de futura esta\u00e7\u00e3o do monotrilho, ligando a regi\u00e3o diretamente ao aeroporto de Congonhas.<\/span><\/p>\n<p>&nbsp;<\/p>\n","protected":false},"excerpt":{"rendered":"<p>Um novo espa\u00e7o moderno, inovador e sustent\u00e1vel promover\u00e1 maior integra\u00e7\u00e3o entre as \u00e1reas e dar\u00e1 suporte \u00e0 estrat\u00e9gia de crescimento regional A partir de 19 de dezembro, a Evonik, uma das l\u00edderes mundiais em especialidades qu\u00edmicas, estar\u00e1 de casa nova. O endere\u00e7o escolhido foi a torre A do moderno empreendimento EZ Towers, localizado na regi\u00e3o [&hellip;]<\/p>\n","protected":false},"author":1,"featured_media":0,"comment_status":"open","ping_status":"open","sticky":false,"template":"","format":"standard","meta":{"_uag_custom_page_level_css":"","footnotes":""},"categories":[27],"tags":[2162,4706,4781,8211,10668,11347,11470,12501],"class_list":["post-4174","post","type-post","status-publish","format-standard","hentry","category-acontece","tag-certificacao-leed-gold-leadership-in-energy-and-environmental-design","tag-evonik","tag-ez-towers","tag-nova-sede","tag-sao-paulo","tag-solucoes-quimicas","tag-sustentabilidade","tag-weber-porto-diretor-presidente-para-regiao-america-do-sul-e-central-da-evonik"],"blocksy_meta":[],"spectra_blocks_featured_image_url":null,"spectra_blocks_author_info":{"display_name":"Jornal da Constru\u00e7\u00e3o Civil","avatar_url":"https:\/\/secure.gravatar.com\/avatar\/973c9774fd44ddaceb026973c4962faa70fc512bc4c9da68e8ebb40fecee6540?s=96&d=mm&r=g","author_link":"https:\/\/construcaocivil.siriusmarketingedesign.com.br\/?author=1","description":"Desde de 2013, levando muitas informa\u00e7\u00f5es, lan\u00e7amentos e produtos de qualidade para toda cadeia produtiva da constru\u00e7\u00e3o. O Futuro da constru\u00e7\u00e3o passa por aqui,"},"uagb_featured_image_src":{"full":false,"thumbnail":false,"medium":false,"medium_large":false,"large":false,"1536x1536":false,"2048x2048":false},"uagb_author_info":{"display_name":"Jornal da Constru\u00e7\u00e3o Civil","author_link":"https:\/\/construcaocivil.siriusmarketingedesign.com.br\/?author=1"},"uagb_comment_info":0,"uagb_excerpt":"Um novo espa\u00e7o moderno, inovador e sustent\u00e1vel promover\u00e1 maior integra\u00e7\u00e3o entre as \u00e1reas e dar\u00e1 suporte \u00e0 estrat\u00e9gia de crescimento regional A partir de 19 de dezembro, a Evonik, uma das l\u00edderes mundiais em especialidades qu\u00edmicas, estar\u00e1 de casa nova. O endere\u00e7o escolhido foi a torre A do moderno empreendimento EZ Towers, localizado na regi\u00e3o&hellip;","_links":{"self":[{"href":"https:\/\/construcaocivil.siriusmarketingedesign.com.br\/index.php?rest_route=\/wp\/v2\/posts\/4174","targetHints":{"allow":["GET"]}}],"collection":[{"href":"https:\/\/construcaocivil.siriusmarketingedesign.com.br\/index.php?rest_route=\/wp\/v2\/posts"}],"about":[{"href":"https:\/\/construcaocivil.siriusmarketingedesign.com.br\/index.php?rest_route=\/wp\/v2\/types\/post"}],"author":[{"embeddable":true,"href":"https:\/\/construcaocivil.siriusmarketingedesign.com.br\/index.php?rest_route=\/wp\/v2\/users\/1"}],"replies":[{"embeddable":true,"href":"https:\/\/construcaocivil.siriusmarketingedesign.com.br\/index.php?rest_route=%2Fwp%2Fv2%2Fcomments&post=4174"}],"version-history":[{"count":0,"href":"https:\/\/construcaocivil.siriusmarketingedesign.com.br\/index.php?rest_route=\/wp\/v2\/posts\/4174\/revisions"}],"wp:attachment":[{"href":"https:\/\/construcaocivil.siriusmarketingedesign.com.br\/index.php?rest_route=%2Fwp%2Fv2%2Fmedia&parent=4174"}],"wp:term":[{"taxonomy":"category","embeddable":true,"href":"https:\/\/construcaocivil.siriusmarketingedesign.com.br\/index.php?rest_route=%2Fwp%2Fv2%2Fcategories&post=4174"},{"taxonomy":"post_tag","embeddable":true,"href":"https:\/\/construcaocivil.siriusmarketingedesign.com.br\/index.php?rest_route=%2Fwp%2Fv2%2Ftags&post=4174"}],"curies":[{"name":"wp","href":"https:\/\/api.w.org\/{rel}","templated":true}]}}