{"id":4186,"date":"2016-11-14T14:57:25","date_gmt":"2016-11-14T17:57:25","guid":{"rendered":"http:\/\/www.jornaldaconstrucaocivil.com.br\/?p=4186"},"modified":"2016-11-14T14:57:25","modified_gmt":"2016-11-14T17:57:25","slug":"industria-do-aco-da-america-latina-contra-comercio-desleal-da-china","status":"publish","type":"post","link":"https:\/\/construcaocivil.siriusmarketingedesign.com.br\/?p=4186","title":{"rendered":"Ind\u00fastria do A\u00e7o da Am\u00e9rica Latina contra com\u00e9rcio desleal da China"},"content":{"rendered":"<p><span style=\"color: #0000ff;\">ALACERO 57 &#8211; 2016 (Texto Original)<\/span><\/p>\n<p style=\"text-align: justify;\"><span style=\"color: #000080;\"><strong>Carta Aberta das Associa\u00e7\u00f5es da Ind\u00fastria do A\u00e7o da Am\u00e9rica Latina aos Chefes de Estado e Governos reunidos em Cartagena, Col\u00f4mbia, pela XXV C\u00fapula Ibero-Americana de Chefes de Estado e de Governo<\/strong><\/span><\/p>\n<p style=\"text-align: justify;\"><span style=\"color: #000000;\">A ind\u00fastria do a\u00e7o da Am\u00e9rica Latina, reunida no Congresso Alacero 57, na cidade do Rio de Janeiro, nos dias 25 e 26 de outubro, dirige-se aos governos, \u00e0s v\u00e9speras da XXV Cupula Ibero-Americana de Chefes de Estado e de Governo, a realizar-se nos pr\u00f3ximos dias 28 e 29 de outubro, na cidade de Cartagena, Col\u00f4mbia, para transmitir-lhes com sentido de urg\u00eancia a dif\u00edcil situa\u00e7\u00e3o por que atravessa nossa ind\u00fastria e sua cadeia de valor metal-mec\u00e2nica.\u00a0<\/span><\/p>\n<p style=\"text-align: justify;\"><span style=\"color: #000000;\"> Nos une uma preocupa\u00e7\u00e3o central que \u00e9 a perda de empregos, o seu impacto nas nossas comunidades, fechamento de empresas, desest\u00edmulo aos investimentos, perdas financeiras e destrui\u00e7\u00e3o da nossa cadeia de valor metal-mec\u00e2nica.<\/span><\/p>\n<p style=\"text-align: justify;\"><span style=\"color: #000000;\"> Esta problem\u00e1tica se origina na ind\u00fastria sider\u00fargica da China (50% da produ\u00e7\u00e3o mundial), suas empresas de propriedade do Estado, sua estrutura de subs\u00eddios, sua capacidade produtiva que supera muito sua demanda interna, suas perdas financeiras crescentes e sua conduta comercial desleal, que n\u00e3o se ajusta \u00e0s regras internacionais de com\u00e9rcio. Em s\u00edntese, a China exporta desemprego.<\/span><\/p>\n<p style=\"text-align: justify;\"><span style=\"color: #000000;\"> Esta \u00e9 uma realidade reconhecida a n\u00edvel mundial, como refor\u00e7a a Declara\u00e7\u00e3o de L\u00edderes do G-20, que no in\u00edcio de setembro manifestou que os subs\u00eddios e a interven\u00e7\u00e3o direta dos governos causam distor\u00e7\u00f5es no mercado, contribuindo a uma sobrecapacidade que causa efeitos negativos no com\u00e9rcio e no que \u00e9 mais grave: nos trabalhadores.<\/span><\/p>\n<p><span style=\"color: #000000;\"> Essa Declara\u00e7\u00e3o prop\u00f5e o estabelecimento de um F\u00f3rum Global para enfrentar essa problem\u00e1tica.<\/span><\/p>\n<p><span style=\"color: #000000;\"> A declara\u00e7\u00e3o dos L\u00edderes do G-20 foi subscrita por v\u00e1rios pa\u00edses da regi\u00e3o, igualmente pela Espanha e Portugal.<\/span><\/p>\n<p><strong><span style=\"color: #000000;\"> Frente a essa situa\u00e7\u00e3o, a ind\u00fastria sider\u00fargica latinoamericana declara:<\/span><\/strong><\/p>\n<p><span style=\"color: #000000;\"> \u25aa <strong><span style=\"color: #993300;\">A China n\u00e3o respeita as regras internacionais de com\u00e9rcio no setor do a\u00e7o.<\/span><\/strong><\/span><br \/>\n<strong><span style=\"color: #993300;\"> \u25aa Suas pr\u00e1ticas de com\u00e9rcio desleal foram penalisadas por mais de 280 medidas antidumping aplicadas por pa\u00edses membros da OMC.<\/span><\/strong><br \/>\n<strong><span style=\"color: #993300;\"> \u25aa As empresas propriedade do estado chin\u00eas devem atuar sob crit\u00e9rios comerciais e de mercado equivalentes \u00e0s empresas latinoamericanas.<\/span><\/strong><br \/>\n<strong><span style=\"color: #993300;\"> \u25aa As empresas sider\u00fargicas chinesas recebem m\u00faltiplos subs\u00eddios e apoios financeiros ilimitados.<\/span><\/strong><br \/>\n<strong><span style=\"color: #993300;\"> \u25aa As exporta\u00e7\u00f5es de produtos chineses com alto conteudo de a\u00e7o est\u00e3o afetando a ind\u00fastria metalmec\u00e2nica da regi\u00e3o.<\/span><\/strong><br \/>\n<strong><span style=\"color: #993300;\"> \u25aa As empresas privadas sider\u00fargicas e metal-mec\u00e2nicas n\u00e3o podem competir contra o governo chin\u00eas porque a china n\u00e3o \u00e9 uma economia de mercado.<\/span><\/strong><\/p>\n<p><strong><span style=\"color: #000000;\"> Tamb\u00e9m fazemos um chamado aos nossos governos para defender nossas ind\u00fastrias das pr\u00e1ticas de com\u00e9rcio desleais:<\/span><\/strong><\/p>\n<p><span style=\"color: #000000;\"> \u25aa<strong><span style=\"color: #993300;\"> Garantir isonomia competitiva frente \u00e0 China.<\/span><\/strong><\/span><br \/>\n<strong><span style=\"color: #993300;\"> \u25aa Refor\u00e7ar os instrumentos de defesa comercial para adequ\u00e1-los \u00e0s novas realidades comerciais.<\/span><\/strong><br \/>\n<strong><span style=\"color: #993300;\"> \u25aa Ter uma estrat\u00e9gia comum e integral frente ao desafio da China.<\/span><\/strong><br \/>\n<strong><span style=\"color: #993300;\"> \u25aa Garantir uma opera\u00e7\u00e3o aduaneira eficiente e efetiva.<\/span><\/strong><br \/>\n<strong><span style=\"color: #993300;\"> \u25aa Aplicar a diplomacia comercial para conseguir que a China, de forma transparente, mostre seus custos reais de produ\u00e7\u00e3o e reduza sua capacidade de forma significativa e real.<\/span><\/strong><br \/>\n<strong><span style=\"color: #993300;\"> \u25aa Defender a cadeia de valor metal-mec\u00e2nica, particularmente as pequenas e m\u00e9dias empresas geradoras de emprego intensivo.<\/span><\/strong><br \/>\n<strong><span style=\"color: #993300;\"> \u25aa Deter o crescente d\u00e9ficit da ind\u00fastria metal-mec\u00e1nica que afeta a cerca de 4 milh\u00f5es de trabalhadores e suas fam\u00edlias.<\/span><\/strong><\/p>\n<p style=\"text-align: justify;\"><span style=\"color: #000000;\"> Na defesa do emprego latino-americano solicitamos aos nossos governos n\u00e3o conceder \u00e0 China o reconhecimento de economia de mercado.\u00a0<\/span><\/p>\n<p style=\"text-align: justify;\"><span style=\"color: #000000;\"> Nossa ind\u00fastria de a\u00e7o e nossa cadeia de valor metal-mec\u00e2nica podem crescer, competir, ser sustent\u00e1veis e continuar sendo fonte de trabalho para nossos jovens e de bem estar para as nossas comunidades se contarmos com regras justas, claras e de aplica\u00e7\u00e3o a todas as empresas sider\u00fargicas no mundo.<\/span><\/p>\n<p><strong><span style=\"color: #800080;\"> <em>Asociaci\u00f3n Latinoamericana del Acero<\/em><em><br \/>\nC\u00e1mara Argentina del Acero<br \/>\nInstituto A\u00e7o Brasil<br \/>\nAlacero Chile<br \/>\nC\u00e1mara Fedemetal<br \/>\nComit\u00e9 Colombiano de Productores de Acero de la ANDI<br \/>\nCanacero<br \/>\nSNI Sociedad Nacional de Industrias Comit\u00e9 Metalmec\u00e1nico<br \/>\nAsociaci\u00f3n Dominicana del Acero\u00a0<\/em><\/span><\/strong><\/p>\n<p>Fonte: Instituto A\u00e7o Brasil<\/p>\n","protected":false},"excerpt":{"rendered":"<p>ALACERO 57 &#8211; 2016 (Texto Original) Carta Aberta das Associa\u00e7\u00f5es da Ind\u00fastria do A\u00e7o da Am\u00e9rica Latina aos Chefes de Estado e Governos reunidos em Cartagena, Col\u00f4mbia, pela XXV C\u00fapula Ibero-Americana de Chefes de Estado e de Governo A ind\u00fastria do a\u00e7o da Am\u00e9rica Latina, reunida no Congresso Alacero 57, na cidade do Rio de [&hellip;]<\/p>\n","protected":false},"author":1,"featured_media":0,"comment_status":"open","ping_status":"open","sticky":false,"template":"","format":"standard","meta":{"_uag_custom_page_level_css":"","footnotes":""},"categories":[12591],"tags":[575,576,751,1482,1719,2457,2746,3208,3501,6203,11075],"class_list":["post-4186","post","type-post","status-publish","format-standard","hentry","category-produtos","tag-alaccero-57","tag-alacero-chile","tag-antidumping-das-siderurgicas-chinesas","tag-boicote-a-china","tag-camara-fedemetal","tag-comercio-desleal-da-china","tag-congresso-alacero-57","tag-crise-na-america-latina","tag-desemprego","tag-instituto-aco-brasil","tag-siderurgicas-e-metal-mecanicas"],"blocksy_meta":[],"spectra_blocks_featured_image_url":null,"spectra_blocks_author_info":{"display_name":"Jornal da Constru\u00e7\u00e3o Civil","avatar_url":"https:\/\/secure.gravatar.com\/avatar\/973c9774fd44ddaceb026973c4962faa70fc512bc4c9da68e8ebb40fecee6540?s=96&d=mm&r=g","author_link":"https:\/\/construcaocivil.siriusmarketingedesign.com.br\/?author=1","description":"Desde de 2013, levando muitas informa\u00e7\u00f5es, lan\u00e7amentos e produtos de qualidade para toda cadeia produtiva da constru\u00e7\u00e3o. O Futuro da constru\u00e7\u00e3o passa por aqui,"},"uagb_featured_image_src":{"full":false,"thumbnail":false,"medium":false,"medium_large":false,"large":false,"1536x1536":false,"2048x2048":false},"uagb_author_info":{"display_name":"Jornal da Constru\u00e7\u00e3o Civil","author_link":"https:\/\/construcaocivil.siriusmarketingedesign.com.br\/?author=1"},"uagb_comment_info":0,"uagb_excerpt":"ALACERO 57 &#8211; 2016 (Texto Original) Carta Aberta das Associa\u00e7\u00f5es da Ind\u00fastria do A\u00e7o da Am\u00e9rica Latina aos Chefes de Estado e Governos reunidos em Cartagena, Col\u00f4mbia, pela XXV C\u00fapula Ibero-Americana de Chefes de Estado e de Governo A ind\u00fastria do a\u00e7o da Am\u00e9rica Latina, reunida no Congresso Alacero 57, na cidade do Rio de&hellip;","_links":{"self":[{"href":"https:\/\/construcaocivil.siriusmarketingedesign.com.br\/index.php?rest_route=\/wp\/v2\/posts\/4186","targetHints":{"allow":["GET"]}}],"collection":[{"href":"https:\/\/construcaocivil.siriusmarketingedesign.com.br\/index.php?rest_route=\/wp\/v2\/posts"}],"about":[{"href":"https:\/\/construcaocivil.siriusmarketingedesign.com.br\/index.php?rest_route=\/wp\/v2\/types\/post"}],"author":[{"embeddable":true,"href":"https:\/\/construcaocivil.siriusmarketingedesign.com.br\/index.php?rest_route=\/wp\/v2\/users\/1"}],"replies":[{"embeddable":true,"href":"https:\/\/construcaocivil.siriusmarketingedesign.com.br\/index.php?rest_route=%2Fwp%2Fv2%2Fcomments&post=4186"}],"version-history":[{"count":0,"href":"https:\/\/construcaocivil.siriusmarketingedesign.com.br\/index.php?rest_route=\/wp\/v2\/posts\/4186\/revisions"}],"wp:attachment":[{"href":"https:\/\/construcaocivil.siriusmarketingedesign.com.br\/index.php?rest_route=%2Fwp%2Fv2%2Fmedia&parent=4186"}],"wp:term":[{"taxonomy":"category","embeddable":true,"href":"https:\/\/construcaocivil.siriusmarketingedesign.com.br\/index.php?rest_route=%2Fwp%2Fv2%2Fcategories&post=4186"},{"taxonomy":"post_tag","embeddable":true,"href":"https:\/\/construcaocivil.siriusmarketingedesign.com.br\/index.php?rest_route=%2Fwp%2Fv2%2Ftags&post=4186"}],"curies":[{"name":"wp","href":"https:\/\/api.w.org\/{rel}","templated":true}]}}