{"id":4196,"date":"2016-11-16T12:19:41","date_gmt":"2016-11-16T15:19:41","guid":{"rendered":"http:\/\/www.jornaldaconstrucaocivil.com.br\/?p=4196"},"modified":"2016-11-16T12:19:41","modified_gmt":"2016-11-16T15:19:41","slug":"congresso-cria-frente-parlamentar-mista-da-engenharia-infraestrutura-e-desenvolvimento","status":"publish","type":"post","link":"https:\/\/construcaocivil.siriusmarketingedesign.com.br\/?p=4196","title":{"rendered":"Congresso cria Frente Parlamentar Mista da Engenharia, Infraestrutura e Desenvolvimento"},"content":{"rendered":"<p><strong><span style=\"color: #000080;\">Ato que ocorrer\u00e1 na pr\u00f3xima ter\u00e7a-feira no Congresso visa colocar em evid\u00eancia mat\u00e9rias que priorizem crescimento e investimentos<\/span><\/strong><\/p>\n<p style=\"text-align: justify;\"><span style=\"color: #993300;\">Novembro, 2016<\/span> &#8211; <span style=\"color: #000000;\">Ser\u00e1 lan\u00e7ada no Congresso na pr\u00f3xima ter\u00e7a-feira, 22\/11, a Frente Parlamentar Mista da Engenharia, Infraestrutura e Desenvolvimento Nacional em iniciativa destinada a priorizar mat\u00e9rias que ajudem na retomada do crescimento e aumento dos investimentos.<\/span><\/p>\n<p style=\"text-align: justify;\"><span style=\"color: #000000;\">O ato ocorre em meio a uma conjuntura econ\u00f4mica marcada por dois anos de recess\u00e3o, desemprego elevado, paralisa\u00e7\u00e3o de obras e indefini\u00e7\u00e3o nos investimentos p\u00fablicos.<\/span><\/p>\n<p style=\"text-align: justify;\"><span style=\"color: #000000;\">A mobiliza\u00e7\u00e3o de uma bancada suprapartid\u00e1ria no Legislativo federal em torno de mat\u00e9rias relacionadas \u00e0 engenharia e \u00e0 infraestrutura visa colocar em evid\u00eancia os desafios que o pa\u00eds enfrenta para voltar a crescer.<\/span><\/p>\n<p style=\"text-align: justify;\"><span style=\"color: #000000;\">A forma\u00e7\u00e3o da Frente Parlamentar \u00e9 uma iniciativa do deputado federal Ronaldo Lessa (PDT\/AL) que conta com o apoio e a participa\u00e7\u00e3o da Federa\u00e7\u00e3o Nacional dos Engenheiros (FNE), presidida pelo engenheiro Murilo Pinheiro.<\/span><\/p>\n<p style=\"text-align: justify;\"><strong><span style=\"color: #000000;\">Solu\u00e7\u00f5es<\/span><\/strong><\/p>\n<p style=\"text-align: justify;\"><span style=\"color: #000000;\">No debate e na busca por solu\u00e7\u00f5es, o projeto <span style=\"color: #993300;\">\u201cCresce Brasil + Engenharia + Desenvolvimento\u201d<\/span>, lan\u00e7ado pela FNE, \u00e9 uma importante contribui\u00e7\u00e3o.<\/span><\/p>\n<p style=\"text-align: justify;\"><span style=\"color: #000000;\">Em sua edi\u00e7\u00e3o deste ano, o \u201cCresce Brasil\u201d se dedicou ao tema \u201cCidades\u201d, apresentando um diagn\u00f3stico para as defici\u00eancias da infraestrutura urbana e indicando solu\u00e7\u00f5es para a melhoria da vida da popula\u00e7\u00e3o. O conte\u00fado do documento pode ser acessado atrav\u00e9s do link <strong><span style=\"color: #0000ff;\">http:\/\/www.crescebrasil.org.br\/<\/span><\/strong><\/span><\/p>\n<p style=\"text-align: justify;\"><span style=\"color: #000000;\">O lan\u00e7amento da Frente Parlamentar Mista de Engenharia, Infraestrutura e Desenvolvimento tem a finalidade de buscar solu\u00e7\u00f5es pr\u00e1ticas, considerando as atribui\u00e7\u00f5es do Parlamento, para os gargalos que o pa\u00eds enfrenta, de forma a acelerar a ado\u00e7\u00e3o de medidas que possam garantir a retomada de um ciclo de expans\u00e3o econ\u00f4mica que viabilize empregos, renda e melhoria da infraestrutura.<\/span><\/p>\n<p><strong><span style=\"color: #000000;\">SERVI\u00c7O<\/span><\/strong><\/p>\n<p><strong><span style=\"color: #000000;\">Lan\u00e7amento da Frente Parlamentar Mista da Engenharia, Infraestrutura e Desenvolvimento<\/span><\/strong><\/p>\n<p><strong><span style=\"color: #000000;\">Data: 22\/11, ter\u00e7a-feira<\/span><\/strong><\/p>\n<p><strong><span style=\"color: #000000;\">Hora:\u00a0 10h30 horas<\/span><\/strong><\/p>\n<p><strong><span style=\"color: #000000;\">Local: C\u00e2mara Federal Anexo 2 \u2013 plen\u00e1rio 2<\/span><\/strong><\/p>\n<p>&nbsp;<\/p>\n","protected":false},"excerpt":{"rendered":"<p>Ato que ocorrer\u00e1 na pr\u00f3xima ter\u00e7a-feira no Congresso visa colocar em evid\u00eancia mat\u00e9rias que priorizem crescimento e investimentos Novembro, 2016 &#8211; Ser\u00e1 lan\u00e7ada no Congresso na pr\u00f3xima ter\u00e7a-feira, 22\/11, a Frente Parlamentar Mista da Engenharia, Infraestrutura e Desenvolvimento Nacional em iniciativa destinada a priorizar mat\u00e9rias que ajudem na retomada do crescimento e aumento dos investimentos. [&hellip;]<\/p>\n","protected":false},"author":1,"featured_media":0,"comment_status":"open","ping_status":"open","sticky":false,"template":"","format":"standard","meta":{"_uag_custom_page_level_css":"","footnotes":""},"categories":[27],"tags":[1569,1720,3507,4907,5247,6105,6710,8636,9936],"class_list":["post-4196","post","type-post","status-publish","format-standard","hentry","category-acontece","tag-brasilia","tag-camara-federal","tag-desemprego-elevado","tag-federacao-nacional-dos-engenheiros-fne","tag-frente-parlamentar-mista-da-engenharia","tag-infraestrutura-e-desenvolvimento","tag-lancamento-do-programa-cresce-brasil-engenharia-desenvolvimento","tag-paralisacao-de-obras-e-indefinicao-nos-investimentos-publicos","tag-recessao"],"blocksy_meta":[],"spectra_blocks_featured_image_url":null,"spectra_blocks_author_info":{"display_name":"Jornal da Constru\u00e7\u00e3o Civil","avatar_url":"https:\/\/secure.gravatar.com\/avatar\/973c9774fd44ddaceb026973c4962faa70fc512bc4c9da68e8ebb40fecee6540?s=96&d=mm&r=g","author_link":"https:\/\/construcaocivil.siriusmarketingedesign.com.br\/?author=1","description":"Desde de 2013, levando muitas informa\u00e7\u00f5es, lan\u00e7amentos e produtos de qualidade para toda cadeia produtiva da constru\u00e7\u00e3o. O Futuro da constru\u00e7\u00e3o passa por aqui,"},"uagb_featured_image_src":{"full":false,"thumbnail":false,"medium":false,"medium_large":false,"large":false,"1536x1536":false,"2048x2048":false},"uagb_author_info":{"display_name":"Jornal da Constru\u00e7\u00e3o Civil","author_link":"https:\/\/construcaocivil.siriusmarketingedesign.com.br\/?author=1"},"uagb_comment_info":0,"uagb_excerpt":"Ato que ocorrer\u00e1 na pr\u00f3xima ter\u00e7a-feira no Congresso visa colocar em evid\u00eancia mat\u00e9rias que priorizem crescimento e investimentos Novembro, 2016 &#8211; Ser\u00e1 lan\u00e7ada no Congresso na pr\u00f3xima ter\u00e7a-feira, 22\/11, a Frente Parlamentar Mista da Engenharia, Infraestrutura e Desenvolvimento Nacional em iniciativa destinada a priorizar mat\u00e9rias que ajudem na retomada do crescimento e aumento dos investimentos.&hellip;","_links":{"self":[{"href":"https:\/\/construcaocivil.siriusmarketingedesign.com.br\/index.php?rest_route=\/wp\/v2\/posts\/4196","targetHints":{"allow":["GET"]}}],"collection":[{"href":"https:\/\/construcaocivil.siriusmarketingedesign.com.br\/index.php?rest_route=\/wp\/v2\/posts"}],"about":[{"href":"https:\/\/construcaocivil.siriusmarketingedesign.com.br\/index.php?rest_route=\/wp\/v2\/types\/post"}],"author":[{"embeddable":true,"href":"https:\/\/construcaocivil.siriusmarketingedesign.com.br\/index.php?rest_route=\/wp\/v2\/users\/1"}],"replies":[{"embeddable":true,"href":"https:\/\/construcaocivil.siriusmarketingedesign.com.br\/index.php?rest_route=%2Fwp%2Fv2%2Fcomments&post=4196"}],"version-history":[{"count":0,"href":"https:\/\/construcaocivil.siriusmarketingedesign.com.br\/index.php?rest_route=\/wp\/v2\/posts\/4196\/revisions"}],"wp:attachment":[{"href":"https:\/\/construcaocivil.siriusmarketingedesign.com.br\/index.php?rest_route=%2Fwp%2Fv2%2Fmedia&parent=4196"}],"wp:term":[{"taxonomy":"category","embeddable":true,"href":"https:\/\/construcaocivil.siriusmarketingedesign.com.br\/index.php?rest_route=%2Fwp%2Fv2%2Fcategories&post=4196"},{"taxonomy":"post_tag","embeddable":true,"href":"https:\/\/construcaocivil.siriusmarketingedesign.com.br\/index.php?rest_route=%2Fwp%2Fv2%2Ftags&post=4196"}],"curies":[{"name":"wp","href":"https:\/\/api.w.org\/{rel}","templated":true}]}}