{"id":4240,"date":"2016-11-18T12:39:41","date_gmt":"2016-11-18T15:39:41","guid":{"rendered":"http:\/\/www.jornaldaconstrucaocivil.com.br\/?p=4240"},"modified":"2016-11-18T12:39:41","modified_gmt":"2016-11-18T15:39:41","slug":"i-encontro-dos-profissionais-de-seguranca-e-saude-no-trabalho-da-regiao-centro-oeste","status":"publish","type":"post","link":"https:\/\/construcaocivil.siriusmarketingedesign.com.br\/?p=4240","title":{"rendered":"I Encontro dos Profissionais de Seguran\u00e7a e Sa\u00fade no Trabalho da Regi\u00e3o Centro-Oeste"},"content":{"rendered":"<p>Seguran\u00e7a do Trabalho<\/p>\n<p style=\"text-align: justify;\"><span style=\"color: #993300;\">Novembro, 2016 &#8211;<\/span> <span style=\"color: #000000;\">Buscando uma maior integra\u00e7\u00e3o entre os profissionais que atuam na \u00e1rea de Seguran\u00e7a e Sa\u00fade no Trabalho (SST), a Fundacentro realizar\u00e1 nos dias 1\u00ba e 2 de dezembro, das 8h \u00e0s 17h, no audit\u00f3rio do Crea-DF, em Bras\u00edlia, o &#8220;I Encontro dos Profissionais de Seguran\u00e7a e Sa\u00fade no Trabalho da Regi\u00e3o Centro-Oeste&#8221;. Durante o evento ser\u00e3o realizadas palestras baseadas no tema: Integra\u00e7\u00e3o e Valoriza\u00e7\u00e3o dos Profissionais de Seguran\u00e7a e Sa\u00fade do Trabalho. Como parte das atividades ser\u00e1 elaborado um documento com os resultados do encontro intitulado: &#8220;Carta de Bras\u00edlia&#8221;. Para mais informa\u00e7\u00f5es e inscri\u00e7\u00f5es,<\/span><a href=\"http:\/\/cbic.us11.list-manage.com\/track\/click?u=0a0e557e1f19bd31aef34f334&amp;id=4d80bc0c8a&amp;e=8c553587bc\" target=\"_blank\">\u00a0clique aqui.<\/a><\/p>\n<p style=\"text-align: justify;\"><span style=\"color: #993300;\">Fonte: Boletim CBIC<\/span><\/p>\n","protected":false},"excerpt":{"rendered":"<p>Seguran\u00e7a do Trabalho Novembro, 2016 &#8211; Buscando uma maior integra\u00e7\u00e3o entre os profissionais que atuam na \u00e1rea de Seguran\u00e7a e Sa\u00fade no Trabalho (SST), a Fundacentro realizar\u00e1 nos dias 1\u00ba e 2 de dezembro, das 8h \u00e0s 17h, no audit\u00f3rio do Crea-DF, em Bras\u00edlia, o &#8220;I Encontro dos Profissionais de Seguran\u00e7a e Sa\u00fade no Trabalho [&hellip;]<\/p>\n","protected":false},"author":1,"featured_media":0,"comment_status":"open","ping_status":"open","sticky":false,"template":"","format":"standard","meta":{"_uag_custom_page_level_css":"","footnotes":""},"categories":[27],"tags":[1569,2079,2826,3142,5280,9551,10696,10770],"class_list":["post-4240","post","type-post","status-publish","format-standard","hentry","category-acontece","tag-brasilia","tag-centro-oeste","tag-construcao-civil","tag-crea-df","tag-fundacentro","tag-profissionais-de-seguranca-e-saude-no-trabalho","tag-saude-do-trabalhador","tag-seguranca"],"blocksy_meta":[],"spectra_blocks_featured_image_url":null,"spectra_blocks_author_info":{"display_name":"Jornal da Constru\u00e7\u00e3o Civil","avatar_url":"https:\/\/secure.gravatar.com\/avatar\/973c9774fd44ddaceb026973c4962faa70fc512bc4c9da68e8ebb40fecee6540?s=96&d=mm&r=g","author_link":"https:\/\/construcaocivil.siriusmarketingedesign.com.br\/?author=1","description":"Desde de 2013, levando muitas informa\u00e7\u00f5es, lan\u00e7amentos e produtos de qualidade para toda cadeia produtiva da constru\u00e7\u00e3o. O Futuro da constru\u00e7\u00e3o passa por aqui,"},"uagb_featured_image_src":{"full":false,"thumbnail":false,"medium":false,"medium_large":false,"large":false,"1536x1536":false,"2048x2048":false},"uagb_author_info":{"display_name":"Jornal da Constru\u00e7\u00e3o Civil","author_link":"https:\/\/construcaocivil.siriusmarketingedesign.com.br\/?author=1"},"uagb_comment_info":0,"uagb_excerpt":"Seguran\u00e7a do Trabalho Novembro, 2016 &#8211; Buscando uma maior integra\u00e7\u00e3o entre os profissionais que atuam na \u00e1rea de Seguran\u00e7a e Sa\u00fade no Trabalho (SST), a Fundacentro realizar\u00e1 nos dias 1\u00ba e 2 de dezembro, das 8h \u00e0s 17h, no audit\u00f3rio do Crea-DF, em Bras\u00edlia, o &#8220;I Encontro dos Profissionais de Seguran\u00e7a e Sa\u00fade no Trabalho&hellip;","_links":{"self":[{"href":"https:\/\/construcaocivil.siriusmarketingedesign.com.br\/index.php?rest_route=\/wp\/v2\/posts\/4240","targetHints":{"allow":["GET"]}}],"collection":[{"href":"https:\/\/construcaocivil.siriusmarketingedesign.com.br\/index.php?rest_route=\/wp\/v2\/posts"}],"about":[{"href":"https:\/\/construcaocivil.siriusmarketingedesign.com.br\/index.php?rest_route=\/wp\/v2\/types\/post"}],"author":[{"embeddable":true,"href":"https:\/\/construcaocivil.siriusmarketingedesign.com.br\/index.php?rest_route=\/wp\/v2\/users\/1"}],"replies":[{"embeddable":true,"href":"https:\/\/construcaocivil.siriusmarketingedesign.com.br\/index.php?rest_route=%2Fwp%2Fv2%2Fcomments&post=4240"}],"version-history":[{"count":0,"href":"https:\/\/construcaocivil.siriusmarketingedesign.com.br\/index.php?rest_route=\/wp\/v2\/posts\/4240\/revisions"}],"wp:attachment":[{"href":"https:\/\/construcaocivil.siriusmarketingedesign.com.br\/index.php?rest_route=%2Fwp%2Fv2%2Fmedia&parent=4240"}],"wp:term":[{"taxonomy":"category","embeddable":true,"href":"https:\/\/construcaocivil.siriusmarketingedesign.com.br\/index.php?rest_route=%2Fwp%2Fv2%2Fcategories&post=4240"},{"taxonomy":"post_tag","embeddable":true,"href":"https:\/\/construcaocivil.siriusmarketingedesign.com.br\/index.php?rest_route=%2Fwp%2Fv2%2Ftags&post=4240"}],"curies":[{"name":"wp","href":"https:\/\/api.w.org\/{rel}","templated":true}]}}