{"id":4251,"date":"2016-11-18T13:15:08","date_gmt":"2016-11-18T16:15:08","guid":{"rendered":"http:\/\/www.jornaldaconstrucaocivil.com.br\/?p=4251"},"modified":"2016-11-18T13:15:08","modified_gmt":"2016-11-18T16:15:08","slug":"engenheiros-realizam-encontro-nacional-para-debater-retomada-do-crescimento","status":"publish","type":"post","link":"https:\/\/construcaocivil.siriusmarketingedesign.com.br\/?p=4251","title":{"rendered":"Engenheiros realizam encontro nacional  para debater retomada do crescimento"},"content":{"rendered":"<p style=\"text-align: justify;\"><strong><span style=\"color: #000080;\">Federa\u00e7\u00e3o Nacional dos Engenheiros re\u00fane entidades representativas da categoria em Barra Bonita\/SP; objetivo \u00e9 discutir grave crise econ\u00f4mica e protagonismo dos engenheiros<\/span><\/strong><\/p>\n<p style=\"text-align: justify;\"><span style=\"color: #000000;\"><span style=\"color: #993300;\">Novembro, 2016 &#8211;<\/span> A Federa\u00e7\u00e3o Nacional dos Engenheiros (FNE) reunir\u00e1 as entidades representativas da categoria na quinta, sexta e s\u00e1bado da semana que vem, dias 24, 25 e 26 de novembro, em encontro nacional na cidade de Barra Bonita, S\u00e3o Paulo.<\/span><\/p>\n<p style=\"text-align: justify;\"><span style=\"color: #000000;\">O evento marca o in\u00edcio de uma mobiliza\u00e7\u00e3o nacional da categoria pela ado\u00e7\u00e3o de medidas capazes de fazer a economia voltar a crescer, gerando mais investimentos produtivos, oportunidades de trabalho e renda.<\/span><\/p>\n<p style=\"text-align: justify;\"><span style=\"color: #000000;\">O encontro nacional ocorrer\u00e1 no \u00e2mbito do <span style=\"color: #0000ff;\">\u201cMovimento Engenharia Unida\u201d<\/span> de valoriza\u00e7\u00e3o dos profissionais da engenharia e visa unir as entidades ligadas aos profissionais da \u00e1rea tecnol\u00f3gica para debater a grave crise enfrentada pelo pa\u00eds, caracterizada por dois anos de recess\u00e3o, desemprego elevado e risco de retrocessos em conquistas hist\u00f3ricas.<\/span><\/p>\n<p style=\"text-align: justify;\"><span style=\"color: #000000;\">Diante das dificuldades impostas pela conjuntura econ\u00f4mica, a Federa\u00e7\u00e3o Nacional dos Engenheiros considera que a coes\u00e3o da categoria \u00e9 essencial para o protagonismo dos engenheiros e a\u00e7\u00e3o desses profissionais na busca da supera\u00e7\u00e3o dos atuais problemas.<\/span><\/p>\n<p style=\"text-align: justify;\"><span style=\"color: #000000;\">O objetivo da mobiliza\u00e7\u00e3o em Barra Bonita \u00e9 congregar conselhos profissionais, entes e \u00f3rg\u00e3os p\u00fablicos, sindicatos, associa\u00e7\u00f5es, centros de pesquisa e ensino, empres\u00e1rios e profissionais de todos os segmentos da engenharia.<\/span><\/p>\n<p style=\"text-align: justify;\"><span style=\"color: #000000;\">Durante os tr\u00eas dias do evento ser\u00e3o realizados os seguintes debates:<span style=\"color: #0000ff;\"> \u201cEngenharia e desenvolvimento nacional: o protagonismo no enfrentamento da crise\u201d<\/span>, <span style=\"color: #0000ff;\">\u201cEconomia no rumo do crescimento\u201d<\/span>, <span style=\"color: #0000ff;\">\u201cPreserva\u00e7\u00e3o de direitos e valoriza\u00e7\u00e3o do trabalho\u201d<\/span>. Ao fim do evento ser\u00e1 realizada uma plen\u00e1ria para a aprova\u00e7\u00e3o da<strong><span style=\"color: #993300;\"> \u201cCarta de Barra Bonita\u201d<\/span><\/strong>.<\/span><\/p>\n<p style=\"text-align: justify;\"><span style=\"color: #000000;\"><strong>Lan\u00e7amento da Frente Parlamentar Mista da Engenharia<\/strong> \u2013 O encontro nacional dos engenheiros no interior de S\u00e3o Paulo ser\u00e1 refor\u00e7ado pela Frente Parlamentar Mista da Engenharia, Infraestrutura e Desenvolvimento Nacional que ser\u00e1 lan\u00e7ada na pr\u00f3xima ter\u00e7a-feira no Congresso Nacional, em Bras\u00edlia.<\/span><\/p>\n<p style=\"text-align: justify;\"><span style=\"color: #000000;\">A frente, que conta com o apoio da Federa\u00e7\u00e3o Nacional dos Engenheiros, ir\u00e1 acelerar a an\u00e1lise de mat\u00e9rias no Congresso capazes de ajudar a economia a retomar um novo ciclo de expans\u00e3o.<\/span><\/p>\n<p style=\"text-align: justify;\">Para mais informa\u00e7\u00f5es:<strong><span style=\"color: #0000ff;\"> www.fne.org.br<\/span><\/strong><\/p>\n<p style=\"text-align: justify;\">Emails: <span style=\"color: #0000ff;\">secretaria@fne.org.br \u00a0ou\u00a0sindical@seesp.org.br<\/span><\/p>\n<p>&nbsp;<\/p>\n","protected":false},"excerpt":{"rendered":"<p>Federa\u00e7\u00e3o Nacional dos Engenheiros re\u00fane entidades representativas da categoria em Barra Bonita\/SP; objetivo \u00e9 discutir grave crise econ\u00f4mica e protagonismo dos engenheiros Novembro, 2016 &#8211; A Federa\u00e7\u00e3o Nacional dos Engenheiros (FNE) reunir\u00e1 as entidades representativas da categoria na quinta, sexta e s\u00e1bado da semana que vem, dias 24, 25 e 26 de novembro, em encontro [&hellip;]<\/p>\n","protected":false},"author":1,"featured_media":0,"comment_status":"open","ping_status":"open","sticky":false,"template":"","format":"standard","meta":{"_uag_custom_page_level_css":"","footnotes":""},"categories":[27],"tags":[1293,1569,2758,3198,3894,4347,4908,6695,7926],"class_list":["post-4251","post","type-post","status-publish","format-standard","hentry","category-acontece","tag-barra-bonita-sp","tag-brasilia","tag-congresso-nacional","tag-crise","tag-economia-no-rumo-do-crescimento","tag-engenharia-e-desenvolvimento-nacional","tag-federacao-nacional-dos-engenheirosfne","tag-lancamento-da-frente-parlamentar-mista-da-engenharia","tag-movimento-engenharia-unida"],"blocksy_meta":[],"spectra_blocks_featured_image_url":null,"spectra_blocks_author_info":{"display_name":"Jornal da Constru\u00e7\u00e3o Civil","avatar_url":"https:\/\/secure.gravatar.com\/avatar\/973c9774fd44ddaceb026973c4962faa70fc512bc4c9da68e8ebb40fecee6540?s=96&d=mm&r=g","author_link":"https:\/\/construcaocivil.siriusmarketingedesign.com.br\/?author=1","description":"Desde de 2013, levando muitas informa\u00e7\u00f5es, lan\u00e7amentos e produtos de qualidade para toda cadeia produtiva da constru\u00e7\u00e3o. O Futuro da constru\u00e7\u00e3o passa por aqui,"},"uagb_featured_image_src":{"full":false,"thumbnail":false,"medium":false,"medium_large":false,"large":false,"1536x1536":false,"2048x2048":false},"uagb_author_info":{"display_name":"Jornal da Constru\u00e7\u00e3o Civil","author_link":"https:\/\/construcaocivil.siriusmarketingedesign.com.br\/?author=1"},"uagb_comment_info":0,"uagb_excerpt":"Federa\u00e7\u00e3o Nacional dos Engenheiros re\u00fane entidades representativas da categoria em Barra Bonita\/SP; objetivo \u00e9 discutir grave crise econ\u00f4mica e protagonismo dos engenheiros Novembro, 2016 &#8211; A Federa\u00e7\u00e3o Nacional dos Engenheiros (FNE) reunir\u00e1 as entidades representativas da categoria na quinta, sexta e s\u00e1bado da semana que vem, dias 24, 25 e 26 de novembro, em encontro&hellip;","_links":{"self":[{"href":"https:\/\/construcaocivil.siriusmarketingedesign.com.br\/index.php?rest_route=\/wp\/v2\/posts\/4251","targetHints":{"allow":["GET"]}}],"collection":[{"href":"https:\/\/construcaocivil.siriusmarketingedesign.com.br\/index.php?rest_route=\/wp\/v2\/posts"}],"about":[{"href":"https:\/\/construcaocivil.siriusmarketingedesign.com.br\/index.php?rest_route=\/wp\/v2\/types\/post"}],"author":[{"embeddable":true,"href":"https:\/\/construcaocivil.siriusmarketingedesign.com.br\/index.php?rest_route=\/wp\/v2\/users\/1"}],"replies":[{"embeddable":true,"href":"https:\/\/construcaocivil.siriusmarketingedesign.com.br\/index.php?rest_route=%2Fwp%2Fv2%2Fcomments&post=4251"}],"version-history":[{"count":0,"href":"https:\/\/construcaocivil.siriusmarketingedesign.com.br\/index.php?rest_route=\/wp\/v2\/posts\/4251\/revisions"}],"wp:attachment":[{"href":"https:\/\/construcaocivil.siriusmarketingedesign.com.br\/index.php?rest_route=%2Fwp%2Fv2%2Fmedia&parent=4251"}],"wp:term":[{"taxonomy":"category","embeddable":true,"href":"https:\/\/construcaocivil.siriusmarketingedesign.com.br\/index.php?rest_route=%2Fwp%2Fv2%2Fcategories&post=4251"},{"taxonomy":"post_tag","embeddable":true,"href":"https:\/\/construcaocivil.siriusmarketingedesign.com.br\/index.php?rest_route=%2Fwp%2Fv2%2Ftags&post=4251"}],"curies":[{"name":"wp","href":"https:\/\/api.w.org\/{rel}","templated":true}]}}