{"id":4255,"date":"2016-11-18T18:34:47","date_gmt":"2016-11-18T21:34:47","guid":{"rendered":"http:\/\/www.jornaldaconstrucaocivil.com.br\/?p=4255"},"modified":"2016-11-18T18:34:47","modified_gmt":"2016-11-18T21:34:47","slug":"invista-o-13o-em-itens-que-trazem-economia","status":"publish","type":"post","link":"https:\/\/construcaocivil.siriusmarketingedesign.com.br\/?p=4255","title":{"rendered":"Invista o 13\u00ba em itens que trazem economia"},"content":{"rendered":"<p style=\"text-align: justify;\"><strong><span style=\"color: #000000;\">Brasil\u00a0<\/span><\/strong><\/p>\n<p style=\"text-align: justify;\"><span style=\"color: #000000;\"><span style=\"color: #993300;\">Novembro, 2016<\/span> &#8211; Est\u00e1 chegando o fim do ano e logo os trabalhadores receber\u00e3o o 13\u00ba sal\u00e1rio. Muita gente pode aproveitar esse benef\u00edcio para investir em bens que ser\u00e3o usados tanto nas festas que se aproximam como ao longo dos pr\u00f3ximos anos. S\u00e3o produtos \u00fateis para uma pequena reforma; continuidade de uma obra; ou que tornam mais segura ou \u00e1gil as atividades do dia a dia.<\/span><\/p>\n<p style=\"text-align: justify;\"><span style=\"color: #000000;\">Fato \u00e9 que investir o 13\u00ba sal\u00e1rio em bens dur\u00e1veis traz economia ao or\u00e7amento dom\u00e9stico. Um produto que dura mais tamb\u00e9m demora mais para receber manuten\u00e7\u00e3o ou ser descartado. Ao investir em itens que tragam valor em longo prazo, o consumidor reduz o descarte no meio ambiente, contribuindo para o desenvolvimento sustent\u00e1vel.<\/span><\/p>\n<p style=\"text-align: justify;\"><strong><span style=\"color: #000000;\">Confira a seguir alguns produtos que valem o investimento:<\/span><\/strong><\/p>\n<p><span style=\"color: #993300;\"><strong>Em dia com a instala\u00e7\u00e3o el\u00e9trica?<\/strong><\/span><\/p>\n<p><a href=\"http:\/\/www.jornaldaconstrucaocivil.com.br\/wp-content\/uploads\/2016\/11\/SIL.jpg\"><img loading=\"lazy\" decoding=\"async\" class=\"size-full wp-image-4256 alignleft\" src=\"http:\/\/www.jornaldaconstrucaocivil.com.br\/wp-content\/uploads\/2016\/11\/SIL.jpg\" alt=\"sil\" width=\"113\" height=\"85\" \/><\/a><\/p>\n<p style=\"text-align: justify;\"><span style=\"color: #000000;\"><strong><span style=\"color: #ff0000;\">N\u00e3o?<\/span><\/strong> Ent\u00e3o corra e providencie aquele refor\u00e7o t\u00e3o indispens\u00e1vel para garantir uma instala\u00e7\u00e3o el\u00e9trica mais econ\u00f4mica e segura. Nas lojas de material el\u00e9trico ou de constru\u00e7\u00e3o \u00e9 poss\u00edvel encontrar rolos de cabos flex\u00edveis em embalagens <span style=\"color: #0000ff;\">\u201cmini\u201d<\/span>, o <strong><span style=\"color: #0000ff;\">Pocket Pack SIL<\/span><\/strong>, que tornam mais pr\u00e1ticos e f\u00e1ceis o acondicionamento e o manuseio para quem busca um produto destinado a pequenas reformas de instala\u00e7\u00f5es el\u00e9tricas, adequado ao bolso. Est\u00e1 dispon\u00edvel nas se\u00e7\u00f5es nominais: do 1,5mm\u00b2 ao 10mm\u00b2 nas metragens 10, 15 e 25. O cabo FlexSil 750V \u00e9 ofertado nas cores preto, branco, azul claro, cinza, vermelho, verde, amarelo e verde-amarelo, e o cord\u00e3o flex\u00edvel paralelo SIL 300V nas cores marrom e branco. Site:\u00a0<strong><a href=\"http:\/\/www.sil.com.br\/\" target=\"_blank\"><i>www.sil.com.br<\/i><\/a><\/strong><\/span><\/p>\n<p><a href=\"http:\/\/www.jornaldaconstrucaocivil.com.br\/wp-content\/uploads\/2016\/11\/Tramontina.jpg\"><img loading=\"lazy\" decoding=\"async\" class=\"size-full wp-image-4257 alignright\" src=\"http:\/\/www.jornaldaconstrucaocivil.com.br\/wp-content\/uploads\/2016\/11\/Tramontina.jpg\" alt=\"tramontina\" width=\"60\" height=\"88\" \/><\/a><\/p>\n<p style=\"text-align: justify;\"><span style=\"color: #000000;\">Outro item fundamental para garantir a funcionalidade e a seguran\u00e7a el\u00e9trica da resid\u00eancia \u00e9 o <strong><span style=\"color: #000080;\">interrupto<\/span><span style=\"color: #000080;\">r<\/span><\/strong>. A linha <strong>Giz<\/strong>, fabricada pela Tramontina Eletrik, combina tecnologia e design inovador, proporcionando conforto e praticidade ao dia a dia dos usu\u00e1rios, j\u00e1 que \u00e9 100% modular, com placas e suportes independentes, o que facilita a escolha e a instala\u00e7\u00e3o. As nove cores do cat\u00e1logo aumentam o potencial de destaque da linha Giz na decora\u00e7\u00e3o: azul jeans, branco, caf\u00e9, fendi, grafite, p\u00e9rola, p\u00farpura, rosa e verde ard\u00f3sia. Dispon\u00edvel nos formatos 4&#215;2 (3 postos) e 4&#215;4 (6 postos), em diferentes configura\u00e7\u00f5es de interruptores e tomadas, atendendo todas as necessidades de uma instala\u00e7\u00e3o residencial. A linha Giz acompanha o conceito de modularidade de outras sete linhas de interruptores da Tramontina Eletrik e utiliza os mesmos m\u00f3dulos nas cores branco brilho e grafite. Site:\u00a0<strong><span style=\"color: #0000ff;\"><a style=\"color: #0000ff;\" href=\"http:\/\/www.tramontina.com.br\/\" target=\"_blank\"><i>www.tramontina.com.br<\/i><\/a><\/span><\/strong><\/span><\/p>\n<p><span style=\"color: #993300;\"><strong>X\u00f4 mosquitos<\/strong><\/span><\/p>\n<p><a href=\"http:\/\/www.jornaldaconstrucaocivil.com.br\/wp-content\/uploads\/2016\/11\/Tela-Mosqeteira.jpg\"><img loading=\"lazy\" decoding=\"async\" class=\"size-full wp-image-4258 alignleft\" src=\"http:\/\/www.jornaldaconstrucaocivil.com.br\/wp-content\/uploads\/2016\/11\/Tela-Mosqeteira.jpg\" alt=\"tela-mosqeteira\" width=\"113\" height=\"98\" \/><\/a><\/p>\n<p style=\"text-align: justify;\"><span style=\"color: #000000;\">Com a chegada da \u00e9poca mais quente do ano, volta tamb\u00e9m a preocupa\u00e7\u00e3o com o mosquito Aedes Aegypti. O uso de <span style=\"color: #0000ff;\"><strong>Tela Mosquiteira<\/strong><\/span> pode ser \u00fatil n\u00e3o s\u00f3 no ver\u00e3o, mas o ano todo, pois ela protege a fam\u00edlia ao prevenir a entrada de insetos nos ambientes de uma casa, ajuda a reduzir o uso de repelentes e mant\u00e9m o local arejado e a luminosidade natural. Para uso em banheiros de im\u00f3veis urbanos, rural ou do litoral, vale investir na<span style=\"color: #0000ff;\"> <strong>Janela Maxim-Ar<\/strong><\/span> com <strong><span style=\"color: #0000ff;\">Tela Mosquiteira Retr\u00e1til Integrada da Linha Alumifort da Sasazaki<\/span><\/strong>, dispon\u00edvel com <strong><span style=\"color: #0000ff;\">vidro miniboreal<\/span><\/strong> ou <strong><span style=\"color: #0000ff;\">vidro Smart Reflex<\/span><\/strong>, exclusivo da marca, que protege o ambiente dos raios UV em at\u00e9 80% e reduz em 60% a entrada de calor. Tem pintura de acabamento na cor branca e tela feita de fibra de vidro, mais dur\u00e1vel do que os similares dispon\u00edveis no mercado. Site:<strong><span style=\"color: #0000ff;\"><span style=\"color: #000000;\">\u00a0<\/span><a style=\"color: #0000ff;\" href=\"http:\/\/www.sasazaki.com.br\/\" target=\"_blank\"><i>www.sasazaki.com.br<\/i><\/a><\/span><\/strong><\/span><\/p>\n<p><span style=\"color: #993300;\"><strong>Casa limpa com economia de \u00e1gua<\/strong><\/span><\/p>\n<p><a href=\"http:\/\/www.jornaldaconstrucaocivil.com.br\/wp-content\/uploads\/2016\/11\/JACTO-CLEAN.jpg\"><img loading=\"lazy\" decoding=\"async\" class=\"size-full wp-image-4259 alignright\" src=\"http:\/\/www.jornaldaconstrucaocivil.com.br\/wp-content\/uploads\/2016\/11\/JACTO-CLEAN.jpg\" alt=\"jacto-clean\" width=\"53\" height=\"113\" \/><\/a><\/p>\n<p style=\"text-align: justify;\"><span style=\"color: #000000;\">Depois de uma obra, \u00e9 hora de fazer aquela faxina. Para limpar \u00e1reas externas, vale a pena investir numa <strong><span style=\"color: #0000ff;\">Lavadora de Alta Press\u00e3o<\/span><\/strong>. Esse equipamento economiza at\u00e9 80% de \u00e1gua \u2013 quando comparado a uma torneira comum &#8211; e consome pouca energia el\u00e9trica e reduz o uso de produtos qu\u00edmicos. O <strong><span style=\"color: #0000ff;\">modelo J6000, da JactoClean<\/span><\/strong>, traz essas caracter\u00edsticas, \u00e9 nacional e dur\u00e1vel: tem 3 anos de garantia, original de f\u00e1brica. Lava os itens que ser\u00e3o utilizados nas festas de final de ano, tais como churrasqueira, m\u00f3veis exteriores, estruturas met\u00e1licas, \u00e1reas de piscina e de lazer, mas pode ser usada o ano todo na limpeza de canil, ve\u00edculos, pisos, paredes, ralos, cal\u00e7adas, toldos, etc. Permite ainda a utiliza\u00e7\u00e3o com \u00e1gua de re\u00faso.<\/span><\/p>\n<p style=\"text-align: justify;\"><span style=\"color: #000000;\">Site:<\/span>\u00a0<span style=\"color: #0000ff;\"><strong><a style=\"color: #0000ff;\" href=\"http:\/\/www.jactoclean.com.br\/\" target=\"_blank\"><i>www.jactoclean.com.br<\/i><\/a><\/strong><\/span><\/p>\n<p><span style=\"color: #993300;\"><strong>Armazene e reaproveite \u00e1gua<\/strong><\/span><\/p>\n<p style=\"text-align: justify;\"><a href=\"http:\/\/www.jornaldaconstrucaocivil.com.br\/wp-content\/uploads\/2016\/11\/SANSUY.jpg\"><img loading=\"lazy\" decoding=\"async\" class=\"size-full wp-image-4260 alignleft\" src=\"http:\/\/www.jornaldaconstrucaocivil.com.br\/wp-content\/uploads\/2016\/11\/SANSUY.jpg\" alt=\"sansuy\" width=\"151\" height=\"83\" \/><\/a><\/p>\n<p style=\"text-align: justify;\"><span style=\"color: #000000;\">Aproveitar a \u00e1gua das chuvas de ver\u00e3o ou de m\u00e1quinas de lavar para re\u00faso \u00e9 uma a\u00e7\u00e3o que ajuda o meio ambiente e ainda diminui a conta de \u00e1gua, mas precisa ser feita de maneira segura. Para isso, solu\u00e7\u00f5es criativas ganham espa\u00e7o nas resid\u00eancias. Um exemplo \u00e9 o<\/span> <strong><span style=\"color: #0000ff;\">\u00c1guaCapta<\/span><\/strong> <span style=\"color: #000000;\">oferecido pela<\/span><strong><span style=\"color: #0000ff;\"> Sansuy<\/span><\/strong><span style=\"color: #000000;\">: um reservat\u00f3rio flex\u00edvel, em formato de tambor, leve e eficiente que, como o pr\u00f3prio nome diz, capta a \u00e1gua da chuva de telhados e calhas e armazena em seu interior. O equipamento evita o uso de \u00e1gua tratada para irrigar plantas, lavar carro, quintal e outras finalidades dom\u00e9sticas. \u00c1guaCapta pode ser adquirido diretamente pelo site<\/span><strong><span style=\"color: #0000ff;\"> www.aguaeconsumo.com.br<\/span><\/strong><span style=\"color: #000000;\"> ou pelo Site<\/span><strong><span style=\"color: #0000ff;\"><span style=\"color: #000000;\">:<\/span>\u00a0<a style=\"color: #0000ff;\" href=\"http:\/\/www.sansuy.com.br\/\" target=\"_blank\"><i><span lang=\"EN-US\">www.sansuy.com.br<\/span><\/i><\/a><\/span><\/strong><\/p>\n<p>&nbsp;<\/p>\n<p>&nbsp;<\/p>\n<p>&nbsp;<\/p>\n","protected":false},"excerpt":{"rendered":"<p>Brasil\u00a0 Novembro, 2016 &#8211; Est\u00e1 chegando o fim do ano e logo os trabalhadores receber\u00e3o o 13\u00ba sal\u00e1rio. Muita gente pode aproveitar esse benef\u00edcio para investir em bens que ser\u00e3o usados tanto nas festas que se aproximam como ao longo dos pr\u00f3ximos anos. S\u00e3o produtos \u00fateis para uma pequena reforma; continuidade de uma obra; ou [&hellip;]<\/p>\n","protected":false},"author":1,"featured_media":0,"comment_status":"open","ping_status":"open","sticky":false,"template":"","format":"standard","meta":{"_uag_custom_page_level_css":"","footnotes":""},"categories":[33],"tags":[555,1928,2578,3856,5003,6455,6462,7349,10612,10690,11081,11868],"class_list":["post-4255","post","type-post","status-publish","format-standard","hentry","category-mercado","tag-agua-e-consumo","tag-casa-e-apartamento","tag-compras","tag-economia","tag-festas-de-natal","tag-jactoclean","tag-janelas","tag-materiais-eletricos","tag-sansuy","tag-sasazaki","tag-sil","tag-tramontina"],"blocksy_meta":[],"spectra_blocks_featured_image_url":null,"spectra_blocks_author_info":{"display_name":"Jornal da Constru\u00e7\u00e3o Civil","avatar_url":"https:\/\/secure.gravatar.com\/avatar\/973c9774fd44ddaceb026973c4962faa70fc512bc4c9da68e8ebb40fecee6540?s=96&d=mm&r=g","author_link":"https:\/\/construcaocivil.siriusmarketingedesign.com.br\/?author=1","description":"Desde de 2013, levando muitas informa\u00e7\u00f5es, lan\u00e7amentos e produtos de qualidade para toda cadeia produtiva da constru\u00e7\u00e3o. O Futuro da constru\u00e7\u00e3o passa por aqui,"},"uagb_featured_image_src":{"full":false,"thumbnail":false,"medium":false,"medium_large":false,"large":false,"1536x1536":false,"2048x2048":false},"uagb_author_info":{"display_name":"Jornal da Constru\u00e7\u00e3o Civil","author_link":"https:\/\/construcaocivil.siriusmarketingedesign.com.br\/?author=1"},"uagb_comment_info":0,"uagb_excerpt":"Brasil\u00a0 Novembro, 2016 &#8211; Est\u00e1 chegando o fim do ano e logo os trabalhadores receber\u00e3o o 13\u00ba sal\u00e1rio. Muita gente pode aproveitar esse benef\u00edcio para investir em bens que ser\u00e3o usados tanto nas festas que se aproximam como ao longo dos pr\u00f3ximos anos. S\u00e3o produtos \u00fateis para uma pequena reforma; continuidade de uma obra; ou&hellip;","_links":{"self":[{"href":"https:\/\/construcaocivil.siriusmarketingedesign.com.br\/index.php?rest_route=\/wp\/v2\/posts\/4255","targetHints":{"allow":["GET"]}}],"collection":[{"href":"https:\/\/construcaocivil.siriusmarketingedesign.com.br\/index.php?rest_route=\/wp\/v2\/posts"}],"about":[{"href":"https:\/\/construcaocivil.siriusmarketingedesign.com.br\/index.php?rest_route=\/wp\/v2\/types\/post"}],"author":[{"embeddable":true,"href":"https:\/\/construcaocivil.siriusmarketingedesign.com.br\/index.php?rest_route=\/wp\/v2\/users\/1"}],"replies":[{"embeddable":true,"href":"https:\/\/construcaocivil.siriusmarketingedesign.com.br\/index.php?rest_route=%2Fwp%2Fv2%2Fcomments&post=4255"}],"version-history":[{"count":0,"href":"https:\/\/construcaocivil.siriusmarketingedesign.com.br\/index.php?rest_route=\/wp\/v2\/posts\/4255\/revisions"}],"wp:attachment":[{"href":"https:\/\/construcaocivil.siriusmarketingedesign.com.br\/index.php?rest_route=%2Fwp%2Fv2%2Fmedia&parent=4255"}],"wp:term":[{"taxonomy":"category","embeddable":true,"href":"https:\/\/construcaocivil.siriusmarketingedesign.com.br\/index.php?rest_route=%2Fwp%2Fv2%2Fcategories&post=4255"},{"taxonomy":"post_tag","embeddable":true,"href":"https:\/\/construcaocivil.siriusmarketingedesign.com.br\/index.php?rest_route=%2Fwp%2Fv2%2Ftags&post=4255"}],"curies":[{"name":"wp","href":"https:\/\/api.w.org\/{rel}","templated":true}]}}