{"id":4265,"date":"2016-11-21T14:28:14","date_gmt":"2016-11-21T17:28:14","guid":{"rendered":"http:\/\/www.jornaldaconstrucaocivil.com.br\/?p=4265"},"modified":"2016-11-21T14:28:14","modified_gmt":"2016-11-21T17:28:14","slug":"rio-de-janeiro-recebe-conferencia-internacional-sobre-museus-nesta-segunda-feira-21","status":"publish","type":"post","link":"https:\/\/construcaocivil.siriusmarketingedesign.com.br\/?p=4265","title":{"rendered":"Rio de Janeiro recebe confer\u00eancia internacional sobre museus nesta segunda-feira (21)"},"content":{"rendered":"<p style=\"text-align: justify;\"><strong>Brasil<\/strong><\/p>\n<p style=\"text-align: justify;\"><span style=\"color: #993300;\">Novembro, 2016<\/span> &#8211;<span style=\"color: #000000;\"> O British Council e o Museu do Amanh\u00e3 realizam, nesta segunda, dia 21, e ter\u00e7a, 22 de novembro, a confer\u00eancia<\/span> <span style=\"color: #000080;\"><strong>\u201cMuseus Para Qu\u00ea?\u201d<\/strong><\/span>,<span style=\"color: #000000;\"> no Museu do Amanh\u00e3. O encontro vai reunir especialistas de nove pa\u00edses e 14 estados brasileiros que v\u00e3o discutir o papel do museu hoje. O encontro marca a conclus\u00e3o do programa de interc\u00e2mbio entre Brasil e Reino Unido lan\u00e7ado h\u00e1 quatro anos pelo British Council como legado cultural da Olimp\u00edada de Londres.<\/span><\/p>\n<p style=\"text-align: justify;\"><span style=\"color: #000000;\">A abertura acontece hoje, dia 21, \u00e0s 18h, com o diretor do British Council Brasil, Martin Dowle, o diretor do Museu do Amanh\u00e3, Ricardo Piquet, a chefe do Departamento de Cultura, Entretenimento e Turismo do BNDES, Luciane Gorgulho, e a diretora-adjunta de Artes do British Council, Lucimara Letelier.<\/span><\/p>\n<p style=\"text-align: justify;\"><span style=\"color: #000080;\"><em>\u201cMuseus t\u00eam um papel fundamental em desenvolver e educar a sociedade. O Reino Unido tem ampla experi\u00eancia em desenvolver p\u00fablico, atraindo grupos como pessoas jovens e exclu\u00eddas para aproveitar o que os museus t\u00eam para oferecer\u201d<\/em><\/span><span style=\"color: #000000;\">, afirma Martin Dowle, diretor do British Council no Brasil.<\/span><\/p>\n<p style=\"text-align: justify;\"><span style=\"color: #000000;\">Alexandre Fernandes, diretor de Desenvolvimento de P\u00fablicos do Museu do Amanh\u00e3, destaca que uma das miss\u00f5es da institui\u00e7\u00e3o \u00e9 oferecer insumos para que o p\u00fablico desenvolva um senso de pertencimento \u00e0s causas do Museu.<\/span> <span style=\"color: #000080;\"><em>\u201cQueremos estimular o pensamento cr\u00edtico de cada um, a consci\u00eancia sobre a import\u00e2ncia das nossas atitudes, e principalmente incentivar o engajamento em causas importantes\u201d<\/em><\/span>, <span style=\"color: #000000;\">refor\u00e7a.<\/span><\/p>\n<p style=\"text-align: justify;\"><span style=\"color: #000000;\">No dia 22, a partir das 8h30m, haver\u00e1 pain\u00e9is com conferencistas como\u00a0<strong>Richard Benjamin (International Slavery Museum), Maria Ignez Mantovani (ICOM Brasil), Martin Bellamy (Glasgow Museums), Ray\u00e9n Guti\u00e9rrez (Museo de la Memoria Y Los Derechos Humanos), Mar\u00edlia Bonas (Museu da Imigra\u00e7\u00e3o), Joanne Orr (Museums i&amp; Galleries Scotland), Eneida Braga (IBRAM), Renata Motta (Secretaria de Cultura do Estado de S\u00e3o Paulo), Victoria Pinnington (Horniman Museum &amp; Gardens), Eduardo Sarmento (Pa\u00e7o do Frevo), Rob Baker (Tate), Jonathan Newby (Science Museum).<\/strong><\/span><\/p>\n<p style=\"text-align: justify;\"><span style=\"color: #000000;\">Lucimara Letelier, curadora da Confer\u00eancia e Diretora Adjunta de Artes do British Council, explica que em todo o mundo o papel do museu passa por uma ressignifica\u00e7\u00e3o.<\/span><span style=\"color: #000080;\"><em> \u201cO museu atual n\u00e3o est\u00e1 centrado no objeto e expande sua atua\u00e7\u00e3o para muito al\u00e9m de suas instala\u00e7\u00f5es f\u00edsicas para se tornar mediador entre a sociedade e as transforma\u00e7\u00f5es que precisam acontecer. A Confer\u00eancia vai falar do museu vivo, ativo, conectado \u00e0 vida das pessoas e \u00e0s causas mais urgentes para todos\u201d<\/em><\/span>,<span style=\"color: #000000;\"> diz.<\/span><\/p>\n<p style=\"text-align: justify;\"><span style=\"color: #000000;\">A Confer\u00eancia celebra quatro anos do programa Transform de Museus, que reuniu mais de 2.000 profissionais de 200 organiza\u00e7\u00f5es do Reino Unido e Brasil em semin\u00e1rios, cursos, f\u00f3runs, visitas de estudos, parcerias entre museus e Universidades.\u00a0 Resultado do legado cultural entre as Olimp\u00edadas de Londres e do Rio de Janeiro, o Transform aconteceu de 2012 a 2016, tamb\u00e9m nas \u00e1reas de economia criativa, cinema, dan\u00e7a, literatura, m\u00fasica e teatro.<\/span><\/p>\n<p><strong>SERVI\u00c7O<\/strong><\/p>\n<p><strong>CONFER\u00caNCIA INTERNACIONAL &#8220;Museus para Qu\u00ea?\u201d\u00a0<\/strong><\/p>\n<p style=\"line-height: 9.5pt; background: white;\"><span style=\"color: #0000ff;\"><strong><span style=\"font-size: 8.5pt; font-family: Verdana, sans-serif;\">21 e 22 de Novembro de 2016<\/span><\/strong><\/span><\/p>\n<p style=\"line-height: 9.5pt; background: white; font-variant-ligatures: normal; font-variant-caps: normal; orphans: 2; text-align: start; widows: 2; -webkit-text-stroke-width: 0px; word-spacing: 0px;\"><strong><span style=\"font-size: 8.5pt; font-family: Verdana, sans-serif; color: #993300;\">Local: Museu do Amanh\u00e3 (Pra\u00e7a Mau\u00e1, n\u00ba 1)<\/span><\/strong><\/p>\n<p style=\"line-height: 9.5pt; background: white; font-variant-ligatures: normal; font-variant-caps: normal; orphans: 2; text-align: start; widows: 2; -webkit-text-stroke-width: 0px; word-spacing: 0px;\"><span style=\"font-size: 8.5pt; font-family: Verdana, sans-serif; color: #0000ff;\"><a style=\"color: #0000ff;\" href=\"http:\/\/www.museusparaque\/\" target=\"_blank\"><strong><span style=\"font-family: Verdana, sans-serif;\">www.museusparaque<\/span><\/strong><\/a><strong><span style=\"font-family: 'Verdana','sans-serif';\">.com.br<\/span><\/strong><\/span><\/p>\n<p style=\"line-height: 9.5pt; background: white; font-variant-ligatures: normal; font-variant-caps: normal; orphans: 2; text-align: start; widows: 2; -webkit-text-stroke-width: 0px; word-spacing: 0px;\"><span style=\"font-size: 8.5pt; font-family: Verdana, sans-serif; color: #0000ff;\"><strong>#MuseusParaQue?<\/strong> <strong>#TransformArts<\/strong><\/span><\/p>\n<p style=\"line-height: 9.5pt; background: white; font-variant-ligatures: normal; font-variant-caps: normal; orphans: 2; text-align: start; widows: 2; -webkit-text-stroke-width: 0px; word-spacing: 0px;\"><strong><span style=\"font-size: 8.5pt; font-family: Verdana, sans-serif; color: #0000ff;\">Realiza\u00e7\u00e3o: British Council &#8211; Correaliza\u00e7\u00e3o: Museu do Amanh\u00e3<\/span><\/strong><\/p>\n","protected":false},"excerpt":{"rendered":"<p>Brasil Novembro, 2016 &#8211; O British Council e o Museu do Amanh\u00e3 realizam, nesta segunda, dia 21, e ter\u00e7a, 22 de novembro, a confer\u00eancia \u201cMuseus Para Qu\u00ea?\u201d, no Museu do Amanh\u00e3. O encontro vai reunir especialistas de nove pa\u00edses e 14 estados brasileiros que v\u00e3o discutir o papel do museu hoje. O encontro marca a [&hellip;]<\/p>\n","protected":false},"author":1,"featured_media":0,"comment_status":"open","ping_status":"open","sticky":false,"template":"","format":"standard","meta":{"_uag_custom_page_level_css":"","footnotes":""},"categories":[27],"tags":[1464,1535,1605,2728,5854,8026,8029,8031,8564,10158,10359,12577],"class_list":["post-4265","post","type-post","status-publish","format-standard","hentry","category-acontece","tag-bndes","tag-brasil","tag-british-council","tag-conferencia-internacional-sobre-museus","tag-ibram","tag-museu-do-amanha","tag-museums-i-galleries-scotland","tag-museus-para-que","tag-paco-do-frevo","tag-reino-unido","tag-ricardo-piquet-diretor-museu-do-amanha","tag-zona-portuaria"],"blocksy_meta":[],"spectra_blocks_featured_image_url":null,"spectra_blocks_author_info":{"display_name":"Jornal da Constru\u00e7\u00e3o Civil","avatar_url":"https:\/\/secure.gravatar.com\/avatar\/973c9774fd44ddaceb026973c4962faa70fc512bc4c9da68e8ebb40fecee6540?s=96&d=mm&r=g","author_link":"https:\/\/construcaocivil.siriusmarketingedesign.com.br\/?author=1","description":"Desde de 2013, levando muitas informa\u00e7\u00f5es, lan\u00e7amentos e produtos de qualidade para toda cadeia produtiva da constru\u00e7\u00e3o. O Futuro da constru\u00e7\u00e3o passa por aqui,"},"uagb_featured_image_src":{"full":false,"thumbnail":false,"medium":false,"medium_large":false,"large":false,"1536x1536":false,"2048x2048":false},"uagb_author_info":{"display_name":"Jornal da Constru\u00e7\u00e3o Civil","author_link":"https:\/\/construcaocivil.siriusmarketingedesign.com.br\/?author=1"},"uagb_comment_info":0,"uagb_excerpt":"Brasil Novembro, 2016 &#8211; O British Council e o Museu do Amanh\u00e3 realizam, nesta segunda, dia 21, e ter\u00e7a, 22 de novembro, a confer\u00eancia \u201cMuseus Para Qu\u00ea?\u201d, no Museu do Amanh\u00e3. O encontro vai reunir especialistas de nove pa\u00edses e 14 estados brasileiros que v\u00e3o discutir o papel do museu hoje. O encontro marca a&hellip;","_links":{"self":[{"href":"https:\/\/construcaocivil.siriusmarketingedesign.com.br\/index.php?rest_route=\/wp\/v2\/posts\/4265","targetHints":{"allow":["GET"]}}],"collection":[{"href":"https:\/\/construcaocivil.siriusmarketingedesign.com.br\/index.php?rest_route=\/wp\/v2\/posts"}],"about":[{"href":"https:\/\/construcaocivil.siriusmarketingedesign.com.br\/index.php?rest_route=\/wp\/v2\/types\/post"}],"author":[{"embeddable":true,"href":"https:\/\/construcaocivil.siriusmarketingedesign.com.br\/index.php?rest_route=\/wp\/v2\/users\/1"}],"replies":[{"embeddable":true,"href":"https:\/\/construcaocivil.siriusmarketingedesign.com.br\/index.php?rest_route=%2Fwp%2Fv2%2Fcomments&post=4265"}],"version-history":[{"count":0,"href":"https:\/\/construcaocivil.siriusmarketingedesign.com.br\/index.php?rest_route=\/wp\/v2\/posts\/4265\/revisions"}],"wp:attachment":[{"href":"https:\/\/construcaocivil.siriusmarketingedesign.com.br\/index.php?rest_route=%2Fwp%2Fv2%2Fmedia&parent=4265"}],"wp:term":[{"taxonomy":"category","embeddable":true,"href":"https:\/\/construcaocivil.siriusmarketingedesign.com.br\/index.php?rest_route=%2Fwp%2Fv2%2Fcategories&post=4265"},{"taxonomy":"post_tag","embeddable":true,"href":"https:\/\/construcaocivil.siriusmarketingedesign.com.br\/index.php?rest_route=%2Fwp%2Fv2%2Ftags&post=4265"}],"curies":[{"name":"wp","href":"https:\/\/api.w.org\/{rel}","templated":true}]}}