{"id":4282,"date":"2016-11-22T13:46:32","date_gmt":"2016-11-22T16:46:32","guid":{"rendered":"http:\/\/www.jornaldaconstrucaocivil.com.br\/?p=4282"},"modified":"2016-11-22T13:46:32","modified_gmt":"2016-11-22T16:46:32","slug":"viva-zumbi-celebrou-o-mes-da-consciencia-negra-com-muita-festa-literatura-exposicao-e-musica-em-niteroi","status":"publish","type":"post","link":"https:\/\/construcaocivil.siriusmarketingedesign.com.br\/?p=4282","title":{"rendered":"VIVA ZUMBI celebrou o m\u00eas da consci\u00eancia negra com muita festa, literatura, exposi\u00e7\u00e3o e m\u00fasica em Niter\u00f3i"},"content":{"rendered":"<p style=\"text-align: justify;\"><span style=\"color: #0000ff;\">Brasil<\/span><\/p>\n<figure id=\"attachment_4283\" aria-describedby=\"caption-attachment-4283\" style=\"width: 304px\" class=\"wp-caption alignleft\"><a href=\"http:\/\/www.jornaldaconstrucaocivil.com.br\/wp-content\/uploads\/2016\/11\/VIVA-ZUMBI-OK.jpg\"><img loading=\"lazy\" decoding=\"async\" class=\"wp-image-4283\" src=\"http:\/\/www.jornaldaconstrucaocivil.com.br\/wp-content\/uploads\/2016\/11\/VIVA-ZUMBI-OK.jpg\" alt=\"viva-zumbi-ok\" width=\"304\" height=\"228\" \/><\/a><figcaption id=\"caption-attachment-4283\" class=\"wp-caption-text\"><strong><span style=\"color: #993300;\">Clima familiar, alegre e festivo marcou a 8\u00aa edi\u00e7\u00e3o do VIVA ZUMBI, em Niter\u00f3i. <\/span><\/strong><span style=\"color: #993300;\">Foto: JCC<\/span><\/figcaption><\/figure>\n<p style=\"text-align: justify;\"><span style=\"color: #000000;\"><span style=\"color: #993300;\">Niter\u00f3i, Novembro, 2016<\/span> &#8211; Em sua 8\u00aa edi\u00e7\u00e3o consecutiva o evento VIVA ZUMBI homenageou no dia(20), a luta da popula\u00e7\u00e3o negra por direitos iguais na sociedade brasileira.\u00a0 O evento contou com shows, literatura, mostra de fotografia, moda afro, culin\u00e1ria e outras express\u00f5es culturais de matrizes africanas. A feijoada, como sempre foi o ponto alto da festa, al\u00e9m da anima\u00e7\u00e3o de milhares de pessoas que estiveram na Pra\u00e7a da Cantareira -S\u00e3o Domingos, durante todo o domingo de sol para festejar o feriado.<\/span><\/p>\n<figure id=\"attachment_4284\" aria-describedby=\"caption-attachment-4284\" style=\"width: 209px\" class=\"wp-caption alignright\"><a href=\"http:\/\/www.jornaldaconstrucaocivil.com.br\/wp-content\/uploads\/2016\/11\/VERONIVA-LIMA.jpg\"><img loading=\"lazy\" decoding=\"async\" class=\"wp-image-4284\" src=\"http:\/\/www.jornaldaconstrucaocivil.com.br\/wp-content\/uploads\/2016\/11\/VERONIVA-LIMA.jpg\" alt=\"veroniva-lima\" width=\"209\" height=\"310\" \/><\/a><figcaption id=\"caption-attachment-4284\" class=\"wp-caption-text\"><strong><span style=\"color: #993300;\">Ver\u00f4nica Lima(vereadora) realizadora do projeto VIVA ZUMBI.<\/span><\/strong><span style=\"color: #993300;\"> Foto: JCC<\/span><\/figcaption><\/figure>\n<p style=\"text-align: justify;\"><span style=\"color: #000000;\">Para Ver\u00f4nica Lima (vereadora reeleita) por Niter\u00f3i e organizadora do encontro h\u00e1 08 anos,\u00a0 o momento pede luta e resist\u00eancia para mantermos os direitos sociais adquiridos nos \u00faltimos anos para os mais pobres, em especial, a popula\u00e7\u00e3o negra.<\/span><\/p>\n<p style=\"text-align: justify;\"><span style=\"color: #000000;\"><span style=\"color: #000080;\"><em>\u201cNosso evento est\u00e1 na sua 08\u00aa Edi\u00e7\u00e3o, muito bonito e crescendo muito. Aqui em Niter\u00f3i, este evento \u2013 VIVA ZUMBI \u00e9 uma oportunidade imensa para n\u00f3s, \u00e9 um momento de resist\u00eancia e reivindica\u00e7\u00e3o das demandas do povo negro na sociedade brasileira, por isso estamos no dia de hoje homenageando Zumbi, her\u00f3i negro e do povo brasileiro\u201d<\/em><\/span>, disse a vereadora.\u00a0<\/span><\/p>\n<p style=\"text-align: justify;\"><span style=\"color: #000000;\">Na parte final da festa, a cantora Mariene de Castro e Mulato Velho, e o Baile Black Bom deram um clima especial ao evento.<\/span><\/p>\n","protected":false},"excerpt":{"rendered":"<p>Brasil Niter\u00f3i, Novembro, 2016 &#8211; Em sua 8\u00aa edi\u00e7\u00e3o consecutiva o evento VIVA ZUMBI homenageou no dia(20), a luta da popula\u00e7\u00e3o negra por direitos iguais na sociedade brasileira.\u00a0 O evento contou com shows, literatura, mostra de fotografia, moda afro, culin\u00e1ria e outras express\u00f5es culturais de matrizes africanas. A feijoada, como sempre foi o ponto alto [&hellip;]<\/p>\n","protected":false},"author":1,"featured_media":4283,"comment_status":"open","ping_status":"open","sticky":false,"template":"","format":"standard","meta":{"_uag_custom_page_level_css":"","footnotes":""},"categories":[27],"tags":[3595,3606,3706,3965,4149,6935,7297,7783,8128,9181,9195,10693,11070,12359,12446],"class_list":["post-4282","post","type-post","status-publish","format-standard","has-post-thumbnail","hentry","category-acontece","tag-dia-20","tag-dia-de-zumbi","tag-direitos-iguais","tag-educacao","tag-emprego","tag-literatura","tag-mariene-de-castro","tag-moda-afro","tag-niteroi-rj","tag-povo-negro","tag-praca-da-cantareira","tag-saude","tag-shows","tag-veronica-lima","tag-viva-zumi"],"blocksy_meta":[],"spectra_blocks_featured_image_url":[],"spectra_blocks_author_info":{"display_name":"Jornal da Constru\u00e7\u00e3o Civil","avatar_url":"https:\/\/secure.gravatar.com\/avatar\/973c9774fd44ddaceb026973c4962faa70fc512bc4c9da68e8ebb40fecee6540?s=96&d=mm&r=g","author_link":"https:\/\/construcaocivil.siriusmarketingedesign.com.br\/?author=1","description":"Desde de 2013, levando muitas informa\u00e7\u00f5es, lan\u00e7amentos e produtos de qualidade para toda cadeia produtiva da constru\u00e7\u00e3o. O Futuro da constru\u00e7\u00e3o passa por aqui,"},"uagb_featured_image_src":{"full":false,"thumbnail":false,"medium":false,"medium_large":false,"large":false,"1536x1536":false,"2048x2048":false},"uagb_author_info":{"display_name":"Jornal da Constru\u00e7\u00e3o Civil","author_link":"https:\/\/construcaocivil.siriusmarketingedesign.com.br\/?author=1"},"uagb_comment_info":0,"uagb_excerpt":"Brasil Niter\u00f3i, Novembro, 2016 &#8211; Em sua 8\u00aa edi\u00e7\u00e3o consecutiva o evento VIVA ZUMBI homenageou no dia(20), a luta da popula\u00e7\u00e3o negra por direitos iguais na sociedade brasileira.\u00a0 O evento contou com shows, literatura, mostra de fotografia, moda afro, culin\u00e1ria e outras express\u00f5es culturais de matrizes africanas. A feijoada, como sempre foi o ponto alto&hellip;","_links":{"self":[{"href":"https:\/\/construcaocivil.siriusmarketingedesign.com.br\/index.php?rest_route=\/wp\/v2\/posts\/4282","targetHints":{"allow":["GET"]}}],"collection":[{"href":"https:\/\/construcaocivil.siriusmarketingedesign.com.br\/index.php?rest_route=\/wp\/v2\/posts"}],"about":[{"href":"https:\/\/construcaocivil.siriusmarketingedesign.com.br\/index.php?rest_route=\/wp\/v2\/types\/post"}],"author":[{"embeddable":true,"href":"https:\/\/construcaocivil.siriusmarketingedesign.com.br\/index.php?rest_route=\/wp\/v2\/users\/1"}],"replies":[{"embeddable":true,"href":"https:\/\/construcaocivil.siriusmarketingedesign.com.br\/index.php?rest_route=%2Fwp%2Fv2%2Fcomments&post=4282"}],"version-history":[{"count":0,"href":"https:\/\/construcaocivil.siriusmarketingedesign.com.br\/index.php?rest_route=\/wp\/v2\/posts\/4282\/revisions"}],"wp:attachment":[{"href":"https:\/\/construcaocivil.siriusmarketingedesign.com.br\/index.php?rest_route=%2Fwp%2Fv2%2Fmedia&parent=4282"}],"wp:term":[{"taxonomy":"category","embeddable":true,"href":"https:\/\/construcaocivil.siriusmarketingedesign.com.br\/index.php?rest_route=%2Fwp%2Fv2%2Fcategories&post=4282"},{"taxonomy":"post_tag","embeddable":true,"href":"https:\/\/construcaocivil.siriusmarketingedesign.com.br\/index.php?rest_route=%2Fwp%2Fv2%2Ftags&post=4282"}],"curies":[{"name":"wp","href":"https:\/\/api.w.org\/{rel}","templated":true}]}}