{"id":4323,"date":"2016-11-24T11:44:15","date_gmt":"2016-11-24T14:44:15","guid":{"rendered":"http:\/\/www.jornaldaconstrucaocivil.com.br\/?p=4323"},"modified":"2016-11-24T11:44:15","modified_gmt":"2016-11-24T14:44:15","slug":"enaex-2016-evento-discute-um-dos-principais-segmentos-do-comercio-exterior","status":"publish","type":"post","link":"https:\/\/construcaocivil.siriusmarketingedesign.com.br\/?p=4323","title":{"rendered":"ENAEX 2016: evento discute um dos principais segmentos do com\u00e9rcio exterior"},"content":{"rendered":"<p style=\"text-align: justify;\"><span style=\"color: #000080;\"><strong>Debates apontam principais quest\u00f5es que envolvem o setor<\/strong><\/span><\/p>\n<p style=\"text-align: justify;\"><span style=\"color: #993300;\">Rio, novembro, 2016 &#8211;<\/span> <span style=\"color: #000000;\">Caracterizado por uma conta estruturalmente deficit\u00e1ria e um segmento em que o Brasil est\u00e1 em 32\u00ba entre os exportadores mundiais e em 19\u00ba entre os importadores, o com\u00e9rcio exterior de servi\u00e7os foi o tema do primeiro painel de hoje do Encontro Nacional de Com\u00e9rcio Exterior (ENAEX 2016), promovido pela Associa\u00e7\u00e3o de Com\u00e9rcio Exterior do Brasil. O painel<\/span> <span style=\"color: #993300;\">\u201cExporta\u00e7\u00e3o de Servi\u00e7os, um mundo a ser conquistado\u201d<\/span>, <span style=\"color: #000000;\">reuniu Edna Cesetti, diretora de Competitividade Internacional em Com\u00e9rcio e Servi\u00e7os da Secretaria de Com\u00e9rcio e Servi\u00e7os do minist\u00e9rio de Desenvolvimento, Ind\u00fastria e Com\u00e9rcio Exterior (SCS-MDIC), e Javier Pe\u00f1a Capobianco, secret\u00e1rio-geral da Associa\u00e7\u00e3o Latino Americana de Exportadores de Servi\u00e7os (ALES) e modera\u00e7\u00e3o de Darci Piana, vice-presidente Administrativo da Confedera\u00e7\u00e3o Nacional do Com\u00e9rcio (CNC) e presidente da Fecom\u00e9rcio-PR.<\/span><\/p>\n<p style=\"text-align: justify;\"><span style=\"color: #000000;\">Segundo Edna Cesetti, a participa\u00e7\u00e3o da Secretaria de Com\u00e9rcio e Servi\u00e7os (SCS) neste Painel teve como objetivo destacar a import\u00e2ncia do setor de servi\u00e7os e a sua inter-rela\u00e7\u00e3o com os demais setores (industrial e agr\u00edcola).<\/span><span style=\"color: #000080;\"><em> \u201cO ENAEX \u00e9 um espa\u00e7o importante para destacarmos as pol\u00edticas p\u00fablicas coordenadas pelo MDIC para o setor de servi\u00e7os, assim como para apresentarmos um cen\u00e1rio do com\u00e9rcio exterior de servi\u00e7os do Brasil, seus desafios e potencialidades<span style=\"color: #000000;\">\u201d<\/span><\/em><\/span><span style=\"color: #000000;\">, afirmou<\/span>.<\/p>\n<p style=\"text-align: justify;\"><span style=\"color: #000000;\">Javier Capobianco, na ocasi\u00e3o, falou da import\u00e2ncia da AEB ter passado a integrar a ALES. O trabalho foi desenvolvido pelo MDIC, visando fortalecer o papel da entidade como stakeholder no com\u00e9rcio exterior de bens e servi\u00e7os e a estrat\u00e9gia de posicionar como uma regi\u00e3o exportadora de servi\u00e7os.\u00a0 A entidade atua para promover a Am\u00e9rica Latina como uma plataforma de servi\u00e7os globais e fomentar um melhor posicionamento da regi\u00e3o no mercado internacional de servi\u00e7os. S\u00e3o 17 institui\u00e7\u00f5es p\u00fablicas e privadas de 17 pa\u00edses: al\u00e9m do Brasil fazem parte Argentina, Bol\u00edvia, Chile, Col\u00f4mbia, Costa Rica, Equador, El Salvador, Guatemala, Honduras, M\u00e9xico, Nicar\u00e1gua, Panam\u00e1, Paraguai, Peru, Rep\u00fablica Dominicana e Uruguai.<\/span><\/p>\n<p style=\"text-align: justify;\"><strong>Servi\u00e7o:<\/strong><\/p>\n<p style=\"text-align: justify;\"><strong>Encontro Nacional de Com\u00e9rcio Exterior (ENAEX 2016)<\/strong><\/p>\n<p style=\"text-align: justify;\"><strong>Data: 23 e 24 de novembro de 2016<\/strong><\/p>\n<p style=\"text-align: justify;\"><strong>Hor\u00e1rio: 8h a 19h (23\/11) e 8h a 17h (24\/11)<\/strong><\/p>\n<p style=\"text-align: justify;\"><strong>Local: Centro de Conven\u00e7\u00f5es SulAm\u00e9rica (Av. Paulo de Frontin, 1 \u2013 Cidade Nova \u2013 Rio de Janeiro \u2013 RJ)<\/strong><\/p>\n<p style=\"text-align: justify;\"><strong>Informa\u00e7\u00f5es e inscri\u00e7\u00f5es:<\/strong><span style=\"color: #0000ff;\"> www.enaex.com.br\/enaex2016<\/span><\/p>\n","protected":false},"excerpt":{"rendered":"<p>Debates apontam principais quest\u00f5es que envolvem o setor Rio, novembro, 2016 &#8211; Caracterizado por uma conta estruturalmente deficit\u00e1ria e um segmento em que o Brasil est\u00e1 em 32\u00ba entre os exportadores mundiais e em 19\u00ba entre os importadores, o com\u00e9rcio exterior de servi\u00e7os foi o tema do primeiro painel de hoje do Encontro Nacional de [&hellip;]<\/p>\n","protected":false},"author":1,"featured_media":0,"comment_status":"open","ping_status":"open","sticky":false,"template":"","format":"standard","meta":{"_uag_custom_page_level_css":"","footnotes":""},"categories":[27],"tags":[525,681,1485,2211,2428,2455,4266,4758,5960,6076,7403],"class_list":["post-4323","post","type-post","status-publish","format-standard","hentry","category-acontece","tag-agricola","tag-america-latina","tag-bolivia","tag-chile","tag-colombia","tag-comercio","tag-encontro-nacional-de-comercio-exterior-enaex-2016","tag-exportacao","tag-importacao","tag-industrial","tag-mdic"],"blocksy_meta":[],"spectra_blocks_featured_image_url":null,"spectra_blocks_author_info":{"display_name":"Jornal da Constru\u00e7\u00e3o Civil","avatar_url":"https:\/\/secure.gravatar.com\/avatar\/973c9774fd44ddaceb026973c4962faa70fc512bc4c9da68e8ebb40fecee6540?s=96&d=mm&r=g","author_link":"https:\/\/construcaocivil.siriusmarketingedesign.com.br\/?author=1","description":"Desde de 2013, levando muitas informa\u00e7\u00f5es, lan\u00e7amentos e produtos de qualidade para toda cadeia produtiva da constru\u00e7\u00e3o. O Futuro da constru\u00e7\u00e3o passa por aqui,"},"uagb_featured_image_src":{"full":false,"thumbnail":false,"medium":false,"medium_large":false,"large":false,"1536x1536":false,"2048x2048":false},"uagb_author_info":{"display_name":"Jornal da Constru\u00e7\u00e3o Civil","author_link":"https:\/\/construcaocivil.siriusmarketingedesign.com.br\/?author=1"},"uagb_comment_info":0,"uagb_excerpt":"Debates apontam principais quest\u00f5es que envolvem o setor Rio, novembro, 2016 &#8211; Caracterizado por uma conta estruturalmente deficit\u00e1ria e um segmento em que o Brasil est\u00e1 em 32\u00ba entre os exportadores mundiais e em 19\u00ba entre os importadores, o com\u00e9rcio exterior de servi\u00e7os foi o tema do primeiro painel de hoje do Encontro Nacional de&hellip;","_links":{"self":[{"href":"https:\/\/construcaocivil.siriusmarketingedesign.com.br\/index.php?rest_route=\/wp\/v2\/posts\/4323","targetHints":{"allow":["GET"]}}],"collection":[{"href":"https:\/\/construcaocivil.siriusmarketingedesign.com.br\/index.php?rest_route=\/wp\/v2\/posts"}],"about":[{"href":"https:\/\/construcaocivil.siriusmarketingedesign.com.br\/index.php?rest_route=\/wp\/v2\/types\/post"}],"author":[{"embeddable":true,"href":"https:\/\/construcaocivil.siriusmarketingedesign.com.br\/index.php?rest_route=\/wp\/v2\/users\/1"}],"replies":[{"embeddable":true,"href":"https:\/\/construcaocivil.siriusmarketingedesign.com.br\/index.php?rest_route=%2Fwp%2Fv2%2Fcomments&post=4323"}],"version-history":[{"count":0,"href":"https:\/\/construcaocivil.siriusmarketingedesign.com.br\/index.php?rest_route=\/wp\/v2\/posts\/4323\/revisions"}],"wp:attachment":[{"href":"https:\/\/construcaocivil.siriusmarketingedesign.com.br\/index.php?rest_route=%2Fwp%2Fv2%2Fmedia&parent=4323"}],"wp:term":[{"taxonomy":"category","embeddable":true,"href":"https:\/\/construcaocivil.siriusmarketingedesign.com.br\/index.php?rest_route=%2Fwp%2Fv2%2Fcategories&post=4323"},{"taxonomy":"post_tag","embeddable":true,"href":"https:\/\/construcaocivil.siriusmarketingedesign.com.br\/index.php?rest_route=%2Fwp%2Fv2%2Ftags&post=4323"}],"curies":[{"name":"wp","href":"https:\/\/api.w.org\/{rel}","templated":true}]}}