{"id":4333,"date":"2016-11-24T17:58:45","date_gmt":"2016-11-24T20:58:45","guid":{"rendered":"http:\/\/www.jornaldaconstrucaocivil.com.br\/?p=4333"},"modified":"2016-11-24T17:58:45","modified_gmt":"2016-11-24T20:58:45","slug":"funai-gastou-apenas-r-25-por-indigena-em-2016","status":"publish","type":"post","link":"https:\/\/construcaocivil.siriusmarketingedesign.com.br\/?p=4333","title":{"rendered":"Funai gastou apenas R$ 25 por ind\u00edgena em 2016"},"content":{"rendered":"<p style=\"text-align: justify;\">Brasil<\/p>\n<p style=\"text-align: justify;\"><span style=\"color: #000000;\"><span style=\"color: #993300;\">Novembro, 2016<\/span> &#8211; O or\u00e7amento da <strong><span style=\"color: #0000ff;\"><a class=\"external-link\" style=\"color: #0000ff;\" href=\"http:\/\/www.funai.gov.br\/\" target=\"_blank\">Funda\u00e7\u00e3o Nacional do \u00cdndio (Funai<\/a>)<\/span><\/strong>\u00a0\u00e9 um dos mais atrofiados e irris\u00f3rios do governo federal e pode ficar ainda mais apertado com a aprova\u00e7\u00e3o da Proposta de Emenda Constitucional (PEC) 55, que congela gastos p\u00fablicos pelos pr\u00f3ximos 20 anos. At\u00e9 novembro de 2016, a Funai gastou cerca de R$ 21 milh\u00f5es com os 817.963 ind\u00edgenas que vivem no pa\u00eds, com a\u00e7\u00f5es realizadas no ano como demarca\u00e7\u00f5es e fiscaliza\u00e7\u00e3o de terras, gest\u00e3o territorial e promo\u00e7\u00e3o de direitos sociais, culturais e de cidadania. Isso d\u00e1 algo em torno de R$ 25 por ind\u00edgena.<\/span><\/p>\n<p style=\"text-align: justify;\"><span style=\"color: #000000;\">O or\u00e7amento total autorizado da Funai para 2016 \u00e9 de R$ 542,2 milh\u00f5es &#8211; apena<\/span>s <strong><span style=\"color: #0000ff;\">0,018% do Or\u00e7amento Geral da Uni\u00e3o<\/span> <\/strong><span style=\"color: #000000;\">do ano. Cerca de 90% desse total est\u00e1 comprometido com a manuten\u00e7\u00e3o da estrutura do \u00f3rg\u00e3o, com pagamento de sal\u00e1rios, infraestrutura, alugu\u00e9is. O pouco que sobra ainda tem que honrar os chamados<\/span> <span style=\"color: #993300;\">&#8216;restos a pagar&#8217;,<\/span> <span style=\"color: #000000;\">que referem-se a a\u00e7\u00f5es realizadas em anos anteriores.<\/span><\/p>\n<p style=\"text-align: justify;\"><span style=\"color: #000000;\">Os dados fazem parte da <strong><span style=\"color: #0000ff;\"><a class=\"external-link\" style=\"color: #0000ff;\" href=\"http:\/\/www.inesc.org.br\/noticias\/biblioteca\/publicacoes\/notas-tecnicas\/nts-2016\/nota-tecnica-190-orcamento-e-direitos-indigenas-na-encruzilhada-da-pec-55\/view\" target=\"_blank\">Nota T\u00e9cnica &#8220;Or\u00e7amento e Direitos Ind\u00edgenas na Encruzilhada da PEC 55&#8221;<\/a><\/span><\/strong>, publicada esta semana por Alessandra Cardoso, assessora pol\u00edtica do Inesc, e Marcela Vecchione Gon\u00e7alves, professora do\u00a0<span style=\"text-decoration: underline;\"><strong><span style=\"color: #0000ff; text-decoration: underline;\"> <a class=\"external-link\" style=\"color: #0000ff; text-decoration: underline;\" href=\"http:\/\/www.naea.ufpa.br\/naea\/novosite\/\" target=\"_blank\">N\u00facleo de Altos Estudos Amaz\u00f4nicos da Universidade Federal do Par\u00e1 (NAEA-UFPA)<\/a><\/span><\/strong><\/span>.<\/span><\/p>\n<p><span style=\"text-decoration: underline;\"><span style=\"color: #0000ff; text-decoration: underline;\">http:\/\/www.inesc.org.br\/noticias\/noticias-do-inesc\/2016\/novembro\/funai-gastou-apenas-r-25-por-indigena-no-brasil-em-2016<\/span><\/span><\/p>\n<p style=\"text-align: justify;\"><span style=\"color: #000000;\"><em>&#8220;Obviamente esse c\u00e1lculo \u00e9 meramente ilustrativo, inclusive porque inclui 39% dos ind\u00edgenas que vivem nas cidades, e para os quais a pol\u00edtica indigenista \u00e9 uma promessa ainda mais distante, quando n\u00e3o cambaleante, em obst\u00e1culos de preconceito e racismo institucional. Os n\u00fameros mostram assim a situa\u00e7\u00e3o de degrada\u00e7\u00e3o em que se encontra a pol\u00edtica indigenista hoje no Brasil&#8221;<\/em> , afirma Alessandra, lembrando que a <strong>PEC 55<\/strong> ter\u00e1 um impacto perverso sobre o or\u00e7amento da Funai, porque cortar\u00e1 violentamente os gastos prim\u00e1rios, que s\u00e3o os que o governo faz com pol\u00edticas p\u00fablicas, deixando a situa\u00e7\u00e3o do \u00f3rg\u00e3o ainda mais desesperadora a partir de 2017.<\/span><\/p>\n<p style=\"text-align: justify;\"><span style=\"text-decoration: underline;\"><span style=\"color: #0000ff; text-decoration: underline;\"><strong>Leia aqui a \u00edntegra da Nota T\u00e9cnica &#8220;Or\u00e7amento e Direitos Ind\u00edgenas na Encruzilhada da PEC 55&#8221;.<\/strong><\/span><\/span><\/p>\n<p style=\"text-align: justify;\"><strong>Um trecho:<\/strong><\/p>\n<p style=\"text-align: justify;\"><span style=\"color: #993300;\"><em>Essa PEC cortar\u00e1 brutalmente os gastos prim\u00e1rios, que s\u00e3o todos os gastos do governo com pol\u00edticas p\u00fablicas, com o \u00fanico prop\u00f3sito de liberar espa\u00e7o no or\u00e7amento p\u00fablico para o pagamento dos juros da d\u00edvida p\u00fablica federal. Ou seja: na sua ess\u00eancia, a PEC 55 tem a inten\u00e7\u00e3o de garantir que aqueles que de fato t\u00eam poder no Brasil &#8211; os grandes bancos e investidores que ganham dinheiro com a d\u00edvida p\u00fablica -, possam dormir tranquilos com a certeza constitucional de que seus rendimentos<strong> \u201ca pre\u00e7o de ouro\u201d<\/strong> estar\u00e3o seguros e protegidos acima dos direitos de toda a sociedade, incluindo os direitos dos povos ind\u00edgenas.<\/em><\/span><\/p>\n<p style=\"text-align: justify;\"><span style=\"color: #0000ff;\"><strong>O que podemos esperar, no caso da Funai, se a PEC 55 for aprovada?<\/strong><\/span><\/p>\n<p style=\"text-align: justify;\"><em><span style=\"color: #000000;\">1)\u00a0\u00a0\u00a0 Que os recursos do \u00f3rg\u00e3o, que representa<strong><span style=\"color: #0000ff;\"> 0,018% do Or\u00e7amento Geral da Uni\u00e3o<\/span><\/strong>, ser\u00e3o congelados juntamente com dos demais gastos prim\u00e1rios no n\u00edvel de 2016.<\/span><\/em><\/p>\n<p style=\"text-align: justify;\"><em><span style=\"color: #000000;\">2)\u00a0\u00a0\u00a0 Que o \u00f3rg\u00e3o, que j\u00e1 est\u00e1 institucionalmente debilitado gra\u00e7as ao insignificante or\u00e7amento que det\u00eam, cujo valor est\u00e1 90% comprometido com a manuten\u00e7\u00e3o da institui\u00e7\u00e3o, estar\u00e1 fadado ou \u00e0 extin\u00e7\u00e3o ou a ocupar um t\u00edtulo meramente figurativo no governo federal;<\/span><\/em><\/p>\n<p style=\"text-align: justify;\"><em><span style=\"color: #000000;\">3)\u00a0\u00a0\u00a0 Que para reverter esse quadro de crise or\u00e7ament\u00e1ria e institucional, seria preciso retirar dinheiro de outra politica p\u00fablica ou de outro \u00f3rg\u00e3o executor do governo federal;<\/span><\/em><\/p>\n<p style=\"text-align: justify;\"><em><span style=\"color: #000000;\">4)\u00a0\u00a0\u00a0 O que, ent\u00e3o, nos coloca a seguinte quest\u00e3o: qual poder e prioridade tem, hoje e nos anos que vir\u00e3o, a Funai e a quest\u00e3o ind\u00edgena no Brasil para disputar recursos com outros \u00f3rg\u00e3os e politicas p\u00fablicas para conseguir ampliar seu or\u00e7amento?<\/span><\/em><\/p>\n<p style=\"text-align: justify;\"><span style=\"color: #000000;\"><em>Essas quest\u00f5es evidenciam o desastre que a PEC 55 representa \u00e0 sociedade como um todo e aos povos ind\u00edgenas especificamente. Ela submeter\u00e1 as pol\u00edticas, os \u00f3rg\u00e3os p\u00fablicos e a sociedade a uma disputa fratricida por recursos que estar\u00e3o congelados no tempo. Mas \u00e9 bom sempre lembrar que a pol\u00edtica e os interesses n\u00e3o estar\u00e3o congelados como os recursos. Na pr\u00e1tica, isso significa que os \u00f3rg\u00e3os que t\u00eam menos poder s\u00e3o os que mais sair\u00e3o perdendo nessa briga \u2013 justamente os \u00f3rg\u00e3os que representam os interesses e direitos de quem mais precisa do Estado.<\/em><\/span><\/p>\n<p style=\"text-align: justify;\"><span style=\"color: #000000;\">E n\u00e3o precisamos esperar 20 anos para ter certeza disso. Se olharmos o or\u00e7amento da Funai de 2016 e 2017, j\u00e1 teremos um boa vis\u00e3o da encruzilhada.<\/span><\/p>\n<p style=\"text-align: justify;\"><strong><span style=\"color: #993300;\">Fonte: Inesc<\/span><\/strong><\/p>\n","protected":false},"excerpt":{"rendered":"<p>Brasil Novembro, 2016 &#8211; O or\u00e7amento da Funda\u00e7\u00e3o Nacional do \u00cdndio (Funai)\u00a0\u00e9 um dos mais atrofiados e irris\u00f3rios do governo federal e pode ficar ainda mais apertado com a aprova\u00e7\u00e3o da Proposta de Emenda Constitucional (PEC) 55, que congela gastos p\u00fablicos pelos pr\u00f3ximos 20 anos. At\u00e9 novembro de 2016, a Funai gastou cerca de R$ [&hellip;]<\/p>\n","protected":false},"author":1,"featured_media":0,"comment_status":"open","ping_status":"open","sticky":false,"template":"","format":"standard","meta":{"_uag_custom_page_level_css":"","footnotes":""},"categories":[27],"tags":[5258,6090,8513,8751,9063,9881,11722,12033],"class_list":["post-4333","post","type-post","status-publish","format-standard","hentry","category-acontece","tag-funai","tag-inesc","tag-orcamento-menor-da-uniao","tag-pec-55","tag-politica-indigenista","tag-racismo-institucional","tag-terras-indigenas","tag-ufpa"],"blocksy_meta":[],"spectra_blocks_featured_image_url":null,"spectra_blocks_author_info":{"display_name":"Jornal da Constru\u00e7\u00e3o Civil","avatar_url":"https:\/\/secure.gravatar.com\/avatar\/973c9774fd44ddaceb026973c4962faa70fc512bc4c9da68e8ebb40fecee6540?s=96&d=mm&r=g","author_link":"https:\/\/construcaocivil.siriusmarketingedesign.com.br\/?author=1","description":"Desde de 2013, levando muitas informa\u00e7\u00f5es, lan\u00e7amentos e produtos de qualidade para toda cadeia produtiva da constru\u00e7\u00e3o. O Futuro da constru\u00e7\u00e3o passa por aqui,"},"uagb_featured_image_src":{"full":false,"thumbnail":false,"medium":false,"medium_large":false,"large":false,"1536x1536":false,"2048x2048":false},"uagb_author_info":{"display_name":"Jornal da Constru\u00e7\u00e3o Civil","author_link":"https:\/\/construcaocivil.siriusmarketingedesign.com.br\/?author=1"},"uagb_comment_info":0,"uagb_excerpt":"Brasil Novembro, 2016 &#8211; O or\u00e7amento da Funda\u00e7\u00e3o Nacional do \u00cdndio (Funai)\u00a0\u00e9 um dos mais atrofiados e irris\u00f3rios do governo federal e pode ficar ainda mais apertado com a aprova\u00e7\u00e3o da Proposta de Emenda Constitucional (PEC) 55, que congela gastos p\u00fablicos pelos pr\u00f3ximos 20 anos. At\u00e9 novembro de 2016, a Funai gastou cerca de R$&hellip;","_links":{"self":[{"href":"https:\/\/construcaocivil.siriusmarketingedesign.com.br\/index.php?rest_route=\/wp\/v2\/posts\/4333","targetHints":{"allow":["GET"]}}],"collection":[{"href":"https:\/\/construcaocivil.siriusmarketingedesign.com.br\/index.php?rest_route=\/wp\/v2\/posts"}],"about":[{"href":"https:\/\/construcaocivil.siriusmarketingedesign.com.br\/index.php?rest_route=\/wp\/v2\/types\/post"}],"author":[{"embeddable":true,"href":"https:\/\/construcaocivil.siriusmarketingedesign.com.br\/index.php?rest_route=\/wp\/v2\/users\/1"}],"replies":[{"embeddable":true,"href":"https:\/\/construcaocivil.siriusmarketingedesign.com.br\/index.php?rest_route=%2Fwp%2Fv2%2Fcomments&post=4333"}],"version-history":[{"count":0,"href":"https:\/\/construcaocivil.siriusmarketingedesign.com.br\/index.php?rest_route=\/wp\/v2\/posts\/4333\/revisions"}],"wp:attachment":[{"href":"https:\/\/construcaocivil.siriusmarketingedesign.com.br\/index.php?rest_route=%2Fwp%2Fv2%2Fmedia&parent=4333"}],"wp:term":[{"taxonomy":"category","embeddable":true,"href":"https:\/\/construcaocivil.siriusmarketingedesign.com.br\/index.php?rest_route=%2Fwp%2Fv2%2Fcategories&post=4333"},{"taxonomy":"post_tag","embeddable":true,"href":"https:\/\/construcaocivil.siriusmarketingedesign.com.br\/index.php?rest_route=%2Fwp%2Fv2%2Ftags&post=4333"}],"curies":[{"name":"wp","href":"https:\/\/api.w.org\/{rel}","templated":true}]}}