{"id":436,"date":"2015-11-20T02:14:41","date_gmt":"2015-11-20T02:14:41","guid":{"rendered":"http:\/\/www.jornaldaconstrucaocivil.com.br\/?p=436"},"modified":"2015-11-20T02:14:41","modified_gmt":"2015-11-20T02:14:41","slug":"porto-maravilhario-comemora-dia-nacional-da-consciencia-negra","status":"publish","type":"post","link":"https:\/\/construcaocivil.siriusmarketingedesign.com.br\/?p=436","title":{"rendered":"Porto Maravilha:Rio Comemora Dia Nacional Da Consci\u00eancia Negra"},"content":{"rendered":"<p><strong><span style=\"color: #000000;\">Rodas de samba e de conversa, dan\u00e7a do samba ao passinho, teatro, m\u00fasica, cinema, conta\u00e7\u00e3o de hist\u00f3rias, visitas guiadas, cortejo, oficinas e apresenta\u00e7\u00f5es durante todo o Dia Nacional da Consci\u00eancia Negra, 20 de novembro, d\u00e3o o tom da comemora\u00e7\u00e3o no Circuito Hist\u00f3rico e Arqueol\u00f3gico de Celebra\u00e7\u00e3o da Heran\u00e7a Africana, na Regi\u00e3o Portu\u00e1ria. <\/span><\/strong><\/p>\n<p><span style=\"color: #000000;\">Parceria entre Coordenadoria Especial de Promo\u00e7\u00e3o das Pol\u00edticas de Igualdade Social (Ceppir-Rio), Companhia de Desenvolvimento Urbano da Regi\u00e3o do Porto do Rio de Janeiro (Cdurp), Secretaria Municipal de Cultural (SMC) e institui\u00e7\u00f5es da sociedade civil, as atividades culturais s\u00e3o gratuitas<\/span><\/p>\n<figure id=\"attachment_437\" aria-describedby=\"caption-attachment-437\" style=\"width: 260px\" class=\"wp-caption alignleft\"><a href=\"http:\/\/www.jornaldaconstrucaocivil.com.br\/wp-content\/uploads\/2015\/11\/PORTO-BATUQUE.jpg\"><img loading=\"lazy\" decoding=\"async\" class=\"wp-image-437\" src=\"http:\/\/www.jornaldaconstrucaocivil.com.br\/wp-content\/uploads\/2015\/11\/PORTO-BATUQUE-300x200.jpg\" alt=\"PORTO BATUQUE\" width=\"260\" height=\"173\" \/><\/a><figcaption id=\"caption-attachment-437\" class=\"wp-caption-text\"><span style=\"color: #993300;\">Filhos de Gandi se apresentam no Cais do Valongo. Foto: Boletim CDURP<\/span><\/figcaption><\/figure>\n<p><span style=\"color: #000000;\">O evento Rio Afro450, que faz parte do calend\u00e1rio comemorativo dos 450 anos idealizado pelo Comit\u00ea Rio450, \u00e9 coordenado por jovens para jovens de todas as idades e trar\u00e1 atividades voltadas ao conceito de que a sociedade \u00e9 composta por muitos grupos e que cada um carrega multiplicidade de hist\u00f3rias. <\/span><\/p>\n<p><span style=\"color: #000000;\">Dentro das comemora\u00e7\u00f5es dos 450 anos do Rio, as celebra\u00e7\u00f5es pela Consci\u00eancia Negra se estendem at\u00e9 5 de dezembro, quando o Trem do Samba parte da Central do Brasil em dire\u00e7\u00e3o a Oswaldo Cruz. A programa\u00e7\u00e3o completa inclui shows, semin\u00e1rios e exposi\u00e7\u00f5es espalhados por toda a Cidade.<\/span><\/p>\n<p><span style=\"color: #000000;\">Acesse a programa\u00e7\u00e3o no site:\u00a0<strong><span style=\"color: #3366ff;\">http:\/\/portomaravilha.com.br\/\u00a0<\/span><\/strong><\/span><\/p>\n<p><strong><span style=\"color: #0000ff;\">Fonte: Boletim CDURP<\/span><\/strong><\/p>\n","protected":false},"excerpt":{"rendered":"<p>Rodas de samba e de conversa, dan\u00e7a do samba ao passinho, teatro, m\u00fasica, cinema, conta\u00e7\u00e3o de hist\u00f3rias, visitas guiadas, cortejo, oficinas e apresenta\u00e7\u00f5es durante todo o Dia Nacional da Consci\u00eancia Negra, 20 de novembro, d\u00e3o o tom da comemora\u00e7\u00e3o no Circuito Hist\u00f3rico e Arqueol\u00f3gico de Celebra\u00e7\u00e3o da Heran\u00e7a Africana, na Regi\u00e3o Portu\u00e1ria. Parceria entre Coordenadoria [&hellip;]<\/p>\n","protected":false},"author":1,"featured_media":0,"comment_status":"open","ping_status":"open","sticky":false,"template":"","format":"standard","meta":{"_uag_custom_page_level_css":"","footnotes":""},"categories":[37],"tags":[1539,2044,2451,10366],"class_list":["post-436","post","type-post","status-publish","format-standard","hentry","category-sustentabilidade","tag-brasil-2015","tag-cdurp","tag-comemoracao-dia-da-consciencia-negra","tag-rio"],"blocksy_meta":[],"spectra_blocks_featured_image_url":null,"spectra_blocks_author_info":{"display_name":"Jornal da Constru\u00e7\u00e3o Civil","avatar_url":"https:\/\/secure.gravatar.com\/avatar\/973c9774fd44ddaceb026973c4962faa70fc512bc4c9da68e8ebb40fecee6540?s=96&d=mm&r=g","author_link":"https:\/\/construcaocivil.siriusmarketingedesign.com.br\/?author=1","description":"Desde de 2013, levando muitas informa\u00e7\u00f5es, lan\u00e7amentos e produtos de qualidade para toda cadeia produtiva da constru\u00e7\u00e3o. O Futuro da constru\u00e7\u00e3o passa por aqui,"},"uagb_featured_image_src":{"full":false,"thumbnail":false,"medium":false,"medium_large":false,"large":false,"1536x1536":false,"2048x2048":false},"uagb_author_info":{"display_name":"Jornal da Constru\u00e7\u00e3o Civil","author_link":"https:\/\/construcaocivil.siriusmarketingedesign.com.br\/?author=1"},"uagb_comment_info":0,"uagb_excerpt":"Rodas de samba e de conversa, dan\u00e7a do samba ao passinho, teatro, m\u00fasica, cinema, conta\u00e7\u00e3o de hist\u00f3rias, visitas guiadas, cortejo, oficinas e apresenta\u00e7\u00f5es durante todo o Dia Nacional da Consci\u00eancia Negra, 20 de novembro, d\u00e3o o tom da comemora\u00e7\u00e3o no Circuito Hist\u00f3rico e Arqueol\u00f3gico de Celebra\u00e7\u00e3o da Heran\u00e7a Africana, na Regi\u00e3o Portu\u00e1ria. Parceria entre Coordenadoria&hellip;","_links":{"self":[{"href":"https:\/\/construcaocivil.siriusmarketingedesign.com.br\/index.php?rest_route=\/wp\/v2\/posts\/436","targetHints":{"allow":["GET"]}}],"collection":[{"href":"https:\/\/construcaocivil.siriusmarketingedesign.com.br\/index.php?rest_route=\/wp\/v2\/posts"}],"about":[{"href":"https:\/\/construcaocivil.siriusmarketingedesign.com.br\/index.php?rest_route=\/wp\/v2\/types\/post"}],"author":[{"embeddable":true,"href":"https:\/\/construcaocivil.siriusmarketingedesign.com.br\/index.php?rest_route=\/wp\/v2\/users\/1"}],"replies":[{"embeddable":true,"href":"https:\/\/construcaocivil.siriusmarketingedesign.com.br\/index.php?rest_route=%2Fwp%2Fv2%2Fcomments&post=436"}],"version-history":[{"count":0,"href":"https:\/\/construcaocivil.siriusmarketingedesign.com.br\/index.php?rest_route=\/wp\/v2\/posts\/436\/revisions"}],"wp:attachment":[{"href":"https:\/\/construcaocivil.siriusmarketingedesign.com.br\/index.php?rest_route=%2Fwp%2Fv2%2Fmedia&parent=436"}],"wp:term":[{"taxonomy":"category","embeddable":true,"href":"https:\/\/construcaocivil.siriusmarketingedesign.com.br\/index.php?rest_route=%2Fwp%2Fv2%2Fcategories&post=436"},{"taxonomy":"post_tag","embeddable":true,"href":"https:\/\/construcaocivil.siriusmarketingedesign.com.br\/index.php?rest_route=%2Fwp%2Fv2%2Ftags&post=436"}],"curies":[{"name":"wp","href":"https:\/\/api.w.org\/{rel}","templated":true}]}}