{"id":439,"date":"2015-11-20T02:21:26","date_gmt":"2015-11-20T02:21:26","guid":{"rendered":"http:\/\/www.jornaldaconstrucaocivil.com.br\/?p=439"},"modified":"2015-11-20T02:21:26","modified_gmt":"2015-11-20T02:21:26","slug":"sinduscon-sp-obtem-liminar-que-desvincula-iss-para-obtencao-do-habite-se","status":"publish","type":"post","link":"https:\/\/construcaocivil.siriusmarketingedesign.com.br\/?p=439","title":{"rendered":"SindusCon-SP obt\u00e9m liminar que desvincula ISS  para obten\u00e7\u00e3o do Habite-se"},"content":{"rendered":"<p><strong><span style=\"color: #000000;\"><em>Expectativa da entidade \u00e9 que a prefeitura adote nova postura<\/em><\/span><\/strong><\/p>\n<p><span style=\"color: #000000;\">O Juiz da 2\u00aa Vara da Fazenda P\u00fablica de S\u00e3o Paulo concedeu liminar ao Sindicato da Ind\u00fastria da Constru\u00e7\u00e3o Civil do Estado de S\u00e3o Paulo (SindusCon-SP) que suspende a exig\u00eancia de comprova\u00e7\u00e3o de quita\u00e7\u00e3o de Imposto sobre Servi\u00e7os (ISS) para a emiss\u00e3o do <strong>&#8220;Habite-se&#8221;<\/strong>.<\/span><\/p>\n<p><span style=\"color: #000000;\">Em sua decis\u00e3o, o juiz Marcelo Sergio destaca que a obriga\u00e7\u00e3o de comprova\u00e7\u00e3o de quita\u00e7\u00e3o de d\u00e9bitos fiscais ou trabalhistas foge \u00e0 natureza do Habite-se.\u00a0<\/span><\/p>\n<p><span style=\"color: #000000;\">O presidente do SindusCon-SP, Jos\u00e9 Romeu Ferraz Neto, celebra a decis\u00e3o da justi\u00e7a. <em>\u201cIsso mostra que o nosso pleito \u00e9 correto e coerente.\u201d<\/em> A expectativa do sindicato \u00e9 que com essa decis\u00e3o, a prefeitura assuma que a vincula\u00e7\u00e3o da emiss\u00e3o do Habite-se com o ISS n\u00e3o \u00e9 correta. <em>\u201cGanhar essa discuss\u00e3o \u00e9 significativo, mas ainda mais importante \u00e9 que a prefeitura adote esta nova postura.\u201d<\/em><\/span><\/p>\n<p><span style=\"color: #000000;\">Diferente do proposto pelo SindusCon-SP, o juiz disse que a a\u00e7\u00e3o n\u00e3o era coletiva, reduzindo o benef\u00edcio de 500 empresas para 23 que participaram da Assembleia Geral Extraordin\u00e1ria (AGE) do sindicato ocorrida em oito de dezembro de 2014. Ap\u00f3s a prefeitura ser notificada, as empresas que est\u00e3o nessa lista ter\u00e3o o direito assegurado.<\/span><\/p>\n<p><span style=\"color: #000000;\"><em>\u201cAo longo de muitos anos, alertamos a Prefeitura de S\u00e3o Paulo sobre quanto essa vincula\u00e7\u00e3o do ISS ao Habite-se estava prejudicando a constru\u00e7\u00e3o civil, e quanto isto era pernicioso para o setor, mas nunca nos deram retorno. Vamos fazer um novo contato com a prefeitura para que essa decis\u00e3o seja permanente\u201d<\/em>, destaca o presidente do SindusCon-SP.<\/span><\/p>\n<p><span style=\"color: #000000;\">O tempo para expedi\u00e7\u00e3o do Habite-se varia de empresa para empresa, mas algumas podem levar meses esperando pela certid\u00e3o de quita\u00e7\u00e3o. <em>\u201cPor conta dessa vincula\u00e7\u00e3o \u00e9 que se criou um ambiente prop\u00edcio para se criar a m\u00e1fia do ISS\u201d<\/em>, explica o coordenador do Conselho Jur\u00eddico do SindusCon-SP, Alexandre Tadeu Navarro.<\/span><\/p>\n<p><span style=\"color: #000000;\"><strong>Sobre o SindusCon-SP<\/strong><\/span><br \/>\n<span style=\"color: #000000;\">O Sindicato da Ind\u00fastria da Constru\u00e7\u00e3o Civil do Estado de S\u00e3o Paulo (SindusCon-SP) \u00e9 a maior associa\u00e7\u00e3o de empresas do setor na Am\u00e9rica Latina. Congrega e representa 650 construtoras associadas e 15 mil filiadas em todo o estado. A constru\u00e7\u00e3o paulista representa 34% da constru\u00e7\u00e3o brasileira, que por sua vez equivale a 5,5% do Produto Interno Bruto do Brasil.<\/span><\/p>\n<p><span style=\"color: #000000;\"><strong>Fonte: Assessoria de imprensa SindusCon-SP<\/strong><\/span><\/p>\n","protected":false},"excerpt":{"rendered":"<p>Expectativa da entidade \u00e9 que a prefeitura adote nova postura O Juiz da 2\u00aa Vara da Fazenda P\u00fablica de S\u00e3o Paulo concedeu liminar ao Sindicato da Ind\u00fastria da Constru\u00e7\u00e3o Civil do Estado de S\u00e3o Paulo (SindusCon-SP) que suspende a exig\u00eancia de comprova\u00e7\u00e3o de quita\u00e7\u00e3o de Imposto sobre Servi\u00e7os (ISS) para a emiss\u00e3o do &#8220;Habite-se&#8221;. Em [&hellip;]<\/p>\n","protected":false},"author":1,"featured_media":0,"comment_status":"open","ping_status":"open","sticky":false,"template":"","format":"quote","meta":{"_uag_custom_page_level_css":"","footnotes":""},"categories":[31],"tags":[5738,6416,6604,11168],"class_list":["post-439","post","type-post","status-publish","format-quote","hentry","category-infraestrutura","tag-habite-se","tag-iss","tag-justica-de-sao-paulo","tag-sinduscon-sp","post_format-post-format-quote"],"blocksy_meta":[],"spectra_blocks_featured_image_url":null,"spectra_blocks_author_info":{"display_name":"Jornal da Constru\u00e7\u00e3o Civil","avatar_url":"https:\/\/secure.gravatar.com\/avatar\/973c9774fd44ddaceb026973c4962faa70fc512bc4c9da68e8ebb40fecee6540?s=96&d=mm&r=g","author_link":"https:\/\/construcaocivil.siriusmarketingedesign.com.br\/?author=1","description":"Desde de 2013, levando muitas informa\u00e7\u00f5es, lan\u00e7amentos e produtos de qualidade para toda cadeia produtiva da constru\u00e7\u00e3o. O Futuro da constru\u00e7\u00e3o passa por aqui,"},"uagb_featured_image_src":{"full":false,"thumbnail":false,"medium":false,"medium_large":false,"large":false,"1536x1536":false,"2048x2048":false},"uagb_author_info":{"display_name":"Jornal da Constru\u00e7\u00e3o Civil","author_link":"https:\/\/construcaocivil.siriusmarketingedesign.com.br\/?author=1"},"uagb_comment_info":0,"uagb_excerpt":"Expectativa da entidade \u00e9 que a prefeitura adote nova postura O Juiz da 2\u00aa Vara da Fazenda P\u00fablica de S\u00e3o Paulo concedeu liminar ao Sindicato da Ind\u00fastria da Constru\u00e7\u00e3o Civil do Estado de S\u00e3o Paulo (SindusCon-SP) que suspende a exig\u00eancia de comprova\u00e7\u00e3o de quita\u00e7\u00e3o de Imposto sobre Servi\u00e7os (ISS) para a emiss\u00e3o do &#8220;Habite-se&#8221;. Em&hellip;","_links":{"self":[{"href":"https:\/\/construcaocivil.siriusmarketingedesign.com.br\/index.php?rest_route=\/wp\/v2\/posts\/439","targetHints":{"allow":["GET"]}}],"collection":[{"href":"https:\/\/construcaocivil.siriusmarketingedesign.com.br\/index.php?rest_route=\/wp\/v2\/posts"}],"about":[{"href":"https:\/\/construcaocivil.siriusmarketingedesign.com.br\/index.php?rest_route=\/wp\/v2\/types\/post"}],"author":[{"embeddable":true,"href":"https:\/\/construcaocivil.siriusmarketingedesign.com.br\/index.php?rest_route=\/wp\/v2\/users\/1"}],"replies":[{"embeddable":true,"href":"https:\/\/construcaocivil.siriusmarketingedesign.com.br\/index.php?rest_route=%2Fwp%2Fv2%2Fcomments&post=439"}],"version-history":[{"count":0,"href":"https:\/\/construcaocivil.siriusmarketingedesign.com.br\/index.php?rest_route=\/wp\/v2\/posts\/439\/revisions"}],"wp:attachment":[{"href":"https:\/\/construcaocivil.siriusmarketingedesign.com.br\/index.php?rest_route=%2Fwp%2Fv2%2Fmedia&parent=439"}],"wp:term":[{"taxonomy":"category","embeddable":true,"href":"https:\/\/construcaocivil.siriusmarketingedesign.com.br\/index.php?rest_route=%2Fwp%2Fv2%2Fcategories&post=439"},{"taxonomy":"post_tag","embeddable":true,"href":"https:\/\/construcaocivil.siriusmarketingedesign.com.br\/index.php?rest_route=%2Fwp%2Fv2%2Ftags&post=439"}],"curies":[{"name":"wp","href":"https:\/\/api.w.org\/{rel}","templated":true}]}}