{"id":4390,"date":"2016-11-29T11:36:42","date_gmt":"2016-11-29T14:36:42","guid":{"rendered":"http:\/\/www.jornaldaconstrucaocivil.com.br\/?p=4390"},"modified":"2016-11-29T11:36:42","modified_gmt":"2016-11-29T14:36:42","slug":"prorrogada-as-inscricoes-para-o-premio-do-caurj-e-iabrj-para-jovens-arquitetos-e-urbanistas","status":"publish","type":"post","link":"https:\/\/construcaocivil.siriusmarketingedesign.com.br\/?p=4390","title":{"rendered":"Prorrogada as inscri\u00e7\u00f5es para o pr\u00eamio do CAU\/RJ e IAB\/RJ para jovens arquitetos e urbanistas"},"content":{"rendered":"<p style=\"text-align: justify;\"><span style=\"color: #000080;\"><strong>O novo prazo \u00e9 at\u00e9 sexta-feira, 2 de dezembro; trabalhos de conclus\u00e3o de curso concorrem a uma viagem para Paris<\/strong><\/span><\/p>\n<p><span style=\"color: #ff0000;\">Novembro, 2016<\/span> &#8211;<span style=\"color: #000000;\"> O CAU\/RJ e o IAB RJ uniram for\u00e7as para estimular a produ\u00e7\u00e3o de projetos de conclus\u00e3o de curso de qualidade na \u00e1rea que arquitetura e urbanismo. O concurso Arquitetos do Amanh\u00e3 do IAB\/RJ \u00e9 o acesso pr\u00eamio <strong><span style=\"color: #0000ff;\">Grandjean de Montigny do CAU\/RJ<\/span><\/strong>, que levar\u00e1 um estudante carioca para conhecer a arquitetura de Paris. A comiss\u00e3o julgadora, formada pelos arquitetos e urbanistas Ruy Ohtake, Maria Elisa Baptista e Luiz Fernando Janot, ir\u00e1 escolher o trabalho vencedor entre os selecionados pelo IAB.<span style=\"color: #000080;\"><em> \u201cO pr\u00eamio Arquiteto do Amanh\u00e3 do IAB \u00e9 uma refer\u00eancia no mercado de trabalho, pois ajuda a impulsionar a carreira desses jovens profissionais brasileiros. E agora eles tamb\u00e9m ter\u00e3o a oportunidade de conhecer a arquitetura parisiense por meio do <strong>Grandjean de Montigny\u201d<\/strong><\/em><\/span>, diz Jer\u00f4nimo de Moraes Neto, presidente do CAU\/RJ.<\/span><\/p>\n<p><span style=\"color: #000000;\">As inscri\u00e7\u00f5es est\u00e3o abertas para os trabalhos de conclus\u00e3o de curso de profissionais rec\u00e9m-formados que tenham conclu\u00eddo o curso de Arquitetura e Urbanismo e a estudantes, a partir do 8\u00ba per\u00edodo no site<\/span> <strong><span style=\"color: #0000ff;\">http:\/\/www.iabrj.org.br\/Amanha2016.htm.<\/span><\/strong> <span style=\"color: #000000;\">Cada participante poder\u00e1 concorrer individualmente ou em equipe, com no m\u00e1ximo um projeto por categoria (arquitetura e edifica\u00e7\u00f5es ou urbanismo e paisagismo). Os trabalhos apresentados dever\u00e3o ter sido realizados obrigatoriamente em disciplina curricular durante o segundo semestre letivo de 2015 ou no primeiro semestre letivo de 2016.\u00a0<\/span><\/p>\n<p style=\"text-align: justify;\">\n","protected":false},"excerpt":{"rendered":"<p>O novo prazo \u00e9 at\u00e9 sexta-feira, 2 de dezembro; trabalhos de conclus\u00e3o de curso concorrem a uma viagem para Paris Novembro, 2016 &#8211; O CAU\/RJ e o IAB RJ uniram for\u00e7as para estimular a produ\u00e7\u00e3o de projetos de conclus\u00e3o de curso de qualidade na \u00e1rea que arquitetura e urbanismo. O concurso Arquitetos do Amanh\u00e3 do [&hellip;]<\/p>\n","protected":false},"author":1,"featured_media":0,"comment_status":"open","ping_status":"open","sticky":false,"template":"","format":"standard","meta":{"_uag_custom_page_level_css":"","footnotes":""},"categories":[27],"tags":[928,2020,2670,4632,5597,5835,8595,12120],"class_list":["post-4390","post","type-post","status-publish","format-standard","hentry","category-acontece","tag-arquitetura-edificacoes","tag-caurj","tag-concurso-arquitetos-do-amanha-do-iabrj","tag-estudantes-de-arquitetura-e-urbanismo","tag-grandjean-de-montigny","tag-iab-rj","tag-paisagismo","tag-urbanismo"],"blocksy_meta":[],"spectra_blocks_featured_image_url":null,"spectra_blocks_author_info":{"display_name":"Jornal da Constru\u00e7\u00e3o Civil","avatar_url":"https:\/\/secure.gravatar.com\/avatar\/973c9774fd44ddaceb026973c4962faa70fc512bc4c9da68e8ebb40fecee6540?s=96&d=mm&r=g","author_link":"https:\/\/construcaocivil.siriusmarketingedesign.com.br\/?author=1","description":"Desde de 2013, levando muitas informa\u00e7\u00f5es, lan\u00e7amentos e produtos de qualidade para toda cadeia produtiva da constru\u00e7\u00e3o. O Futuro da constru\u00e7\u00e3o passa por aqui,"},"uagb_featured_image_src":{"full":false,"thumbnail":false,"medium":false,"medium_large":false,"large":false,"1536x1536":false,"2048x2048":false},"uagb_author_info":{"display_name":"Jornal da Constru\u00e7\u00e3o Civil","author_link":"https:\/\/construcaocivil.siriusmarketingedesign.com.br\/?author=1"},"uagb_comment_info":0,"uagb_excerpt":"O novo prazo \u00e9 at\u00e9 sexta-feira, 2 de dezembro; trabalhos de conclus\u00e3o de curso concorrem a uma viagem para Paris Novembro, 2016 &#8211; O CAU\/RJ e o IAB RJ uniram for\u00e7as para estimular a produ\u00e7\u00e3o de projetos de conclus\u00e3o de curso de qualidade na \u00e1rea que arquitetura e urbanismo. O concurso Arquitetos do Amanh\u00e3 do&hellip;","_links":{"self":[{"href":"https:\/\/construcaocivil.siriusmarketingedesign.com.br\/index.php?rest_route=\/wp\/v2\/posts\/4390","targetHints":{"allow":["GET"]}}],"collection":[{"href":"https:\/\/construcaocivil.siriusmarketingedesign.com.br\/index.php?rest_route=\/wp\/v2\/posts"}],"about":[{"href":"https:\/\/construcaocivil.siriusmarketingedesign.com.br\/index.php?rest_route=\/wp\/v2\/types\/post"}],"author":[{"embeddable":true,"href":"https:\/\/construcaocivil.siriusmarketingedesign.com.br\/index.php?rest_route=\/wp\/v2\/users\/1"}],"replies":[{"embeddable":true,"href":"https:\/\/construcaocivil.siriusmarketingedesign.com.br\/index.php?rest_route=%2Fwp%2Fv2%2Fcomments&post=4390"}],"version-history":[{"count":0,"href":"https:\/\/construcaocivil.siriusmarketingedesign.com.br\/index.php?rest_route=\/wp\/v2\/posts\/4390\/revisions"}],"wp:attachment":[{"href":"https:\/\/construcaocivil.siriusmarketingedesign.com.br\/index.php?rest_route=%2Fwp%2Fv2%2Fmedia&parent=4390"}],"wp:term":[{"taxonomy":"category","embeddable":true,"href":"https:\/\/construcaocivil.siriusmarketingedesign.com.br\/index.php?rest_route=%2Fwp%2Fv2%2Fcategories&post=4390"},{"taxonomy":"post_tag","embeddable":true,"href":"https:\/\/construcaocivil.siriusmarketingedesign.com.br\/index.php?rest_route=%2Fwp%2Fv2%2Ftags&post=4390"}],"curies":[{"name":"wp","href":"https:\/\/api.w.org\/{rel}","templated":true}]}}