{"id":4393,"date":"2016-11-29T12:46:55","date_gmt":"2016-11-29T15:46:55","guid":{"rendered":"http:\/\/www.jornaldaconstrucaocivil.com.br\/?p=4393"},"modified":"2016-11-29T12:46:55","modified_gmt":"2016-11-29T15:46:55","slug":"salve-chapecoense","status":"publish","type":"post","link":"https:\/\/construcaocivil.siriusmarketingedesign.com.br\/?p=4393","title":{"rendered":"Salve Chapecoense !"},"content":{"rendered":"<p><strong>Trag\u00e9dia\u00a0<\/strong><\/p>\n<p style=\"text-align: justify;\"><a href=\"http:\/\/www.jornaldaconstrucaocivil.com.br\/wp-content\/uploads\/2016\/11\/LUTO-CHAPECOENSE-II.png\"><img loading=\"lazy\" decoding=\"async\" class=\"wp-image-4394 alignleft\" src=\"http:\/\/www.jornaldaconstrucaocivil.com.br\/wp-content\/uploads\/2016\/11\/LUTO-CHAPECOENSE-II.png\" alt=\"luto-chapecoense-ii\" width=\"308\" height=\"293\" \/><\/a><\/p>\n<p style=\"text-align: justify;\"><span style=\"color: #000000;\">Neste dia triste para o esporte mundial, o Jornal da Constru\u00e7\u00e3o Civil est\u00e1 de luto pelas v\u00edtimas do acidente a\u00e9reo na Col\u00f4mbia que vitimou a delega\u00e7\u00e3o de futebol da Chapecoense:jogadores, dirigentes, roupeiros, departamento m\u00e9dico, fisioterapeutas, preparadores f\u00edsicos, jornalistas e aeronautas&#8230;.. Deus ponha todos em um bom lugar !<\/span><\/p>\n<p style=\"text-align: justify;\">\n","protected":false},"excerpt":{"rendered":"<p>Trag\u00e9dia\u00a0 Neste dia triste para o esporte mundial, o Jornal da Constru\u00e7\u00e3o Civil est\u00e1 de luto pelas v\u00edtimas do acidente a\u00e9reo na Col\u00f4mbia que vitimou a delega\u00e7\u00e3o de futebol da Chapecoense:jogadores, dirigentes, roupeiros, departamento m\u00e9dico, fisioterapeutas, preparadores f\u00edsicos, jornalistas e aeronautas&#8230;.. Deus ponha todos em um bom lugar !<\/p>\n","protected":false},"author":1,"featured_media":4394,"comment_status":"open","ping_status":"open","sticky":false,"template":"","format":"standard","meta":{"_uag_custom_page_level_css":"","footnotes":""},"categories":[27],"tags":[377,2197,2251,2428,2502,3718,6528,6549,11760,12436],"class_list":["post-4393","post","type-post","status-publish","format-standard","has-post-thumbnail","hentry","category-acontece","tag-acidente-aereo","tag-chapecoense","tag-cidade-de-chapeco","tag-colombia","tag-comissao-tecnica","tag-diretoria","tag-jogadores","tag-jornalistas","tag-time-de-futebol","tag-vitimas"],"blocksy_meta":[],"spectra_blocks_featured_image_url":[],"spectra_blocks_author_info":{"display_name":"Jornal da Constru\u00e7\u00e3o Civil","avatar_url":"https:\/\/secure.gravatar.com\/avatar\/973c9774fd44ddaceb026973c4962faa70fc512bc4c9da68e8ebb40fecee6540?s=96&d=mm&r=g","author_link":"https:\/\/construcaocivil.siriusmarketingedesign.com.br\/?author=1","description":"Desde de 2013, levando muitas informa\u00e7\u00f5es, lan\u00e7amentos e produtos de qualidade para toda cadeia produtiva da constru\u00e7\u00e3o. O Futuro da constru\u00e7\u00e3o passa por aqui,"},"uagb_featured_image_src":{"full":false,"thumbnail":false,"medium":false,"medium_large":false,"large":false,"1536x1536":false,"2048x2048":false},"uagb_author_info":{"display_name":"Jornal da Constru\u00e7\u00e3o Civil","author_link":"https:\/\/construcaocivil.siriusmarketingedesign.com.br\/?author=1"},"uagb_comment_info":0,"uagb_excerpt":"Trag\u00e9dia\u00a0 Neste dia triste para o esporte mundial, o Jornal da Constru\u00e7\u00e3o Civil est\u00e1 de luto pelas v\u00edtimas do acidente a\u00e9reo na Col\u00f4mbia que vitimou a delega\u00e7\u00e3o de futebol da Chapecoense:jogadores, dirigentes, roupeiros, departamento m\u00e9dico, fisioterapeutas, preparadores f\u00edsicos, jornalistas e aeronautas&#8230;.. Deus ponha todos em um bom lugar !","_links":{"self":[{"href":"https:\/\/construcaocivil.siriusmarketingedesign.com.br\/index.php?rest_route=\/wp\/v2\/posts\/4393","targetHints":{"allow":["GET"]}}],"collection":[{"href":"https:\/\/construcaocivil.siriusmarketingedesign.com.br\/index.php?rest_route=\/wp\/v2\/posts"}],"about":[{"href":"https:\/\/construcaocivil.siriusmarketingedesign.com.br\/index.php?rest_route=\/wp\/v2\/types\/post"}],"author":[{"embeddable":true,"href":"https:\/\/construcaocivil.siriusmarketingedesign.com.br\/index.php?rest_route=\/wp\/v2\/users\/1"}],"replies":[{"embeddable":true,"href":"https:\/\/construcaocivil.siriusmarketingedesign.com.br\/index.php?rest_route=%2Fwp%2Fv2%2Fcomments&post=4393"}],"version-history":[{"count":0,"href":"https:\/\/construcaocivil.siriusmarketingedesign.com.br\/index.php?rest_route=\/wp\/v2\/posts\/4393\/revisions"}],"wp:attachment":[{"href":"https:\/\/construcaocivil.siriusmarketingedesign.com.br\/index.php?rest_route=%2Fwp%2Fv2%2Fmedia&parent=4393"}],"wp:term":[{"taxonomy":"category","embeddable":true,"href":"https:\/\/construcaocivil.siriusmarketingedesign.com.br\/index.php?rest_route=%2Fwp%2Fv2%2Fcategories&post=4393"},{"taxonomy":"post_tag","embeddable":true,"href":"https:\/\/construcaocivil.siriusmarketingedesign.com.br\/index.php?rest_route=%2Fwp%2Fv2%2Ftags&post=4393"}],"curies":[{"name":"wp","href":"https:\/\/api.w.org\/{rel}","templated":true}]}}