{"id":4402,"date":"2016-12-01T11:31:04","date_gmt":"2016-12-01T14:31:04","guid":{"rendered":"http:\/\/www.jornaldaconstrucaocivil.com.br\/?p=4402"},"modified":"2016-12-01T11:31:04","modified_gmt":"2016-12-01T14:31:04","slug":"espaco-interno-dos-moveis-com-solucoes-inteligentes","status":"publish","type":"post","link":"https:\/\/construcaocivil.siriusmarketingedesign.com.br\/?p=4402","title":{"rendered":"Espa\u00e7o interno dos m\u00f3veis com solu\u00e7\u00f5es inteligentes"},"content":{"rendered":"<p style=\"text-align: justify;\"><strong>Casa e Decora\u00e7\u00e3o\u00a0<\/strong><\/p>\n<figure id=\"attachment_4413\" aria-describedby=\"caption-attachment-4413\" style=\"width: 375px\" class=\"wp-caption alignleft\"><a href=\"http:\/\/www.jornaldaconstrucaocivil.com.br\/wp-content\/uploads\/2016\/12\/MG_0022_foto_Haruo-Mikami-OK.jpg\"><img loading=\"lazy\" decoding=\"async\" class=\"wp-image-4413\" src=\"http:\/\/www.jornaldaconstrucaocivil.com.br\/wp-content\/uploads\/2016\/12\/MG_0022_foto_Haruo-Mikami-OK-1024x683.jpg\" alt=\"_mg_0022_foto_haruo-mikami-ok\" width=\"375\" height=\"250\" \/><\/a><figcaption id=\"caption-attachment-4413\" class=\"wp-caption-text\"><span style=\"color: #333300;\"><strong>Foto: Haruo Mikami<\/strong><\/span><\/figcaption><\/figure>\n<p style=\"text-align: justify;\"><span style=\"color: #000000;\"><span style=\"color: #993300;\">Dezembro, 2016<\/span> &#8211; Arquitetos, decoradores e, principalmente, consumidores, sabem que o cuidado com os detalhes faz toda diferen\u00e7a na composi\u00e7\u00e3o dos melhores projetos e ambientes. No caso das cozinhas, por exemplo, os acess\u00f3rios e acabamentos internos s\u00e3o os respons\u00e1veis por otimizar o aproveitamento de espa\u00e7o com um toque extra de funcionalidade. Escolhe-los com cuidado \u00e9, portanto, fundamental para quem procura solu\u00e7\u00f5es inteligentes em sua rotina. Atendendo a essas necessidades com excel\u00eancia, a <span style=\"color: #993300;\">Evviva Bertolini<\/span> agrega ao mobili\u00e1rio planejado que executa utilit\u00e1rios ideais no desafio da busca pela praticidade no cotidiano.<span style=\"color: #0000ff;\"> Conhe\u00e7a:<\/span><\/span><\/p>\n<p style=\"text-align: justify;\"><span style=\"color: #000000;\"><strong>Sistema organizador e diferenciais na montagem e acabamento<\/strong><\/span><\/p>\n<p style=\"text-align: justify;\"><span style=\"color: #000000;\">A praticidade de uma cozinha bem ordenada, com mantimentos e utens\u00edlios sempre prontos para o uso, est\u00e1, literalmente, ao alcance de suas m\u00e3os. A<\/span> <span style=\"color: #993300;\">Evviva Bertolin<\/span>i <span style=\"color: #000000;\">oferece uma solu\u00e7\u00e3o que \u00e9 funcionalidade pura: o sistema organizador para o interior de gavetas. Composto por divis\u00f3rias fabricadas em a\u00e7o, de resist\u00eancia e durabilidade, permite acomodar os mantimentos de forma ordenada \u2013 e, melhor de tudo, personalizada. Sua disposi\u00e7\u00e3o interna \u00e9 flex\u00edvel e pode ser configurada quantas vezes forem necess\u00e1rias para melhor guardar diferentes tipos e variedades de produtos. O resultado \u00e9 uma alternativa que permite o aproveitamento total dos espa\u00e7os.<\/span><\/p>\n<figure id=\"attachment_4414\" aria-describedby=\"caption-attachment-4414\" style=\"width: 353px\" class=\"wp-caption alignright\"><a href=\"http:\/\/www.jornaldaconstrucaocivil.com.br\/wp-content\/uploads\/2016\/12\/COZINHA-II.jpg\"><img loading=\"lazy\" decoding=\"async\" class=\"wp-image-4414\" src=\"http:\/\/www.jornaldaconstrucaocivil.com.br\/wp-content\/uploads\/2016\/12\/COZINHA-II.jpg\" alt=\"cozinha-ii\" width=\"353\" height=\"529\" \/><\/a><figcaption id=\"caption-attachment-4414\" class=\"wp-caption-text\"><span style=\"color: #003300;\"><strong>Divulga\u00e7\u00e3o<\/strong><\/span><\/figcaption><\/figure>\n<p style=\"text-align: justify;\"><span style=\"color: #000000;\">O sistema \u00e9 um dos opcionais que a<span style=\"color: #993300;\"> Evviva<\/span> oferece em sua linha de planejados e pode ser requisitado em qualquer projeto. \u00c9 poss\u00edvel, tamb\u00e9m, optar pelo sistema especial de amortecimento, pelo acionamento por toque e ilumina\u00e7\u00e3o em LED, o que facilita ainda mais o manuseio. Outro destaque s\u00e3o as dobradi\u00e7as internas que oferecem tr\u00eas vezes mais durabilidade, bem como um sistema de basculantes com ampla abertura e diversas tipologias. O portf\u00f3lio traz, ainda, uma cole\u00e7\u00e3o de acess\u00f3rios gourmet, como escorredor de pratos em a\u00e7o inox, barra de acess\u00f3rios de parede, organizadores de talheres, lixeiras embutidas, entre outras facilidades. A torre de tomadas \u00e9 um dos destaques, pois permite o uso de v\u00e1rios equipamentos ao mesmo tempo, com facilidade e comodidade. Quando n\u00e3o estiver em uso pode ficar escondida na bancada, sendo acionada facilmente sempre que preciso.<strong>\u00a0<\/strong><\/span><\/p>\n<p style=\"text-align: left;\"><strong>Praticidade chega tamb\u00e9m aos dormit\u00f3rios<\/strong><\/p>\n<p style=\"text-align: justify;\"><span style=\"color: #000000;\">A proposta de agregar inova\u00e7\u00e3o e conforto por meio de solu\u00e7\u00f5es inteligentes no mobili\u00e1rio da marca chega, tamb\u00e9m, aos dormit\u00f3rios. A Evviva possui acess\u00f3rios e utilit\u00e1rios especiais para esse c\u00f4modo: divisores de pe\u00e7as \u00edntimas, tapetes de couro ecol\u00f3gico, cabideiros em LED, sapateiras e prateleiras deslizantes, organizadores de gavetas internos em camur\u00e7a e acr\u00edlico compon\u00edveis conforme a necessidade. Para conhecer a linha completa, acesse<\/span> <strong><span style=\"color: #0000ff;\"><a style=\"color: #0000ff;\" href=\"http:\/\/www.evviva.com.br\">www.evviva.com.br<\/a><\/span><\/strong><\/p>\n","protected":false},"excerpt":{"rendered":"<p>Casa e Decora\u00e7\u00e3o\u00a0 Dezembro, 2016 &#8211; Arquitetos, decoradores e, principalmente, consumidores, sabem que o cuidado com os detalhes faz toda diferen\u00e7a na composi\u00e7\u00e3o dos melhores projetos e ambientes. No caso das cozinhas, por exemplo, os acess\u00f3rios e acabamentos internos s\u00e3o os respons\u00e1veis por otimizar o aproveitamento de espa\u00e7o com um toque extra de funcionalidade. Escolhe-los [&hellip;]<\/p>\n","protected":false},"author":1,"featured_media":4413,"comment_status":"open","ping_status":"open","sticky":false,"template":"","format":"standard","meta":{"_uag_custom_page_level_css":"","footnotes":""},"categories":[28],"tags":[1933,3121,3801,4710,5903,11331],"class_list":["post-4402","post","type-post","status-publish","format-standard","has-post-thumbnail","hentry","category-arquitetura","tag-casa-e-decoracao","tag-cozinhas","tag-dormitorios","tag-evviva-bertolini","tag-iluminacao-led","tag-solucoes-inteligentes"],"blocksy_meta":[],"spectra_blocks_featured_image_url":[],"spectra_blocks_author_info":{"display_name":"Jornal da Constru\u00e7\u00e3o Civil","avatar_url":"https:\/\/secure.gravatar.com\/avatar\/973c9774fd44ddaceb026973c4962faa70fc512bc4c9da68e8ebb40fecee6540?s=96&d=mm&r=g","author_link":"https:\/\/construcaocivil.siriusmarketingedesign.com.br\/?author=1","description":"Desde de 2013, levando muitas informa\u00e7\u00f5es, lan\u00e7amentos e produtos de qualidade para toda cadeia produtiva da constru\u00e7\u00e3o. O Futuro da constru\u00e7\u00e3o passa por aqui,"},"uagb_featured_image_src":{"full":false,"thumbnail":false,"medium":false,"medium_large":false,"large":false,"1536x1536":false,"2048x2048":false},"uagb_author_info":{"display_name":"Jornal da Constru\u00e7\u00e3o Civil","author_link":"https:\/\/construcaocivil.siriusmarketingedesign.com.br\/?author=1"},"uagb_comment_info":0,"uagb_excerpt":"Casa e Decora\u00e7\u00e3o\u00a0 Dezembro, 2016 &#8211; Arquitetos, decoradores e, principalmente, consumidores, sabem que o cuidado com os detalhes faz toda diferen\u00e7a na composi\u00e7\u00e3o dos melhores projetos e ambientes. No caso das cozinhas, por exemplo, os acess\u00f3rios e acabamentos internos s\u00e3o os respons\u00e1veis por otimizar o aproveitamento de espa\u00e7o com um toque extra de funcionalidade. Escolhe-los&hellip;","_links":{"self":[{"href":"https:\/\/construcaocivil.siriusmarketingedesign.com.br\/index.php?rest_route=\/wp\/v2\/posts\/4402","targetHints":{"allow":["GET"]}}],"collection":[{"href":"https:\/\/construcaocivil.siriusmarketingedesign.com.br\/index.php?rest_route=\/wp\/v2\/posts"}],"about":[{"href":"https:\/\/construcaocivil.siriusmarketingedesign.com.br\/index.php?rest_route=\/wp\/v2\/types\/post"}],"author":[{"embeddable":true,"href":"https:\/\/construcaocivil.siriusmarketingedesign.com.br\/index.php?rest_route=\/wp\/v2\/users\/1"}],"replies":[{"embeddable":true,"href":"https:\/\/construcaocivil.siriusmarketingedesign.com.br\/index.php?rest_route=%2Fwp%2Fv2%2Fcomments&post=4402"}],"version-history":[{"count":0,"href":"https:\/\/construcaocivil.siriusmarketingedesign.com.br\/index.php?rest_route=\/wp\/v2\/posts\/4402\/revisions"}],"wp:attachment":[{"href":"https:\/\/construcaocivil.siriusmarketingedesign.com.br\/index.php?rest_route=%2Fwp%2Fv2%2Fmedia&parent=4402"}],"wp:term":[{"taxonomy":"category","embeddable":true,"href":"https:\/\/construcaocivil.siriusmarketingedesign.com.br\/index.php?rest_route=%2Fwp%2Fv2%2Fcategories&post=4402"},{"taxonomy":"post_tag","embeddable":true,"href":"https:\/\/construcaocivil.siriusmarketingedesign.com.br\/index.php?rest_route=%2Fwp%2Fv2%2Ftags&post=4402"}],"curies":[{"name":"wp","href":"https:\/\/api.w.org\/{rel}","templated":true}]}}