{"id":441,"date":"2015-11-20T03:19:25","date_gmt":"2015-11-20T03:19:25","guid":{"rendered":"http:\/\/www.jornaldaconstrucaocivil.com.br\/?p=441"},"modified":"2015-11-20T03:19:25","modified_gmt":"2015-11-20T03:19:25","slug":"consciencia-negra-educacao-promove-atividades-para-marcar-a-data","status":"publish","type":"post","link":"https:\/\/construcaocivil.siriusmarketingedesign.com.br\/?p=441","title":{"rendered":"Consci\u00eancia Negra: Educa\u00e7\u00e3o promove atividades para marcar a data"},"content":{"rendered":"<p><span style=\"color: #993366;\">Por Joice Trindade<\/span><\/p>\n<p><span style=\"color: #000000;\"><strong>A programa\u00e7\u00e3o da Consci\u00eancia Negra, cuja data alusiva \u00e9 nesta sexta-feira (20),\u00a0 est\u00e1\u00a0 sendo marcada por diversas\u00a0 programa\u00e7\u00f5es voltadas para alunos e comunidade escolar. At\u00e9 a pr\u00f3xima sexta-feira (27) ser\u00e3o realizadas atividades que visam levar reflex\u00f5es quanto \u00e0 import\u00e2ncia\u00a0 do papel e hist\u00f3ria do negro na sociedade.<\/strong><\/span><\/p>\n<figure id=\"attachment_442\" aria-describedby=\"caption-attachment-442\" style=\"width: 254px\" class=\"wp-caption alignleft\"><a href=\"http:\/\/www.jornaldaconstrucaocivil.com.br\/wp-content\/uploads\/2015\/11\/MACAE-NEGRAS.jpg\"><img loading=\"lazy\" decoding=\"async\" class=\" wp-image-442\" src=\"http:\/\/www.jornaldaconstrucaocivil.com.br\/wp-content\/uploads\/2015\/11\/MACAE-NEGRAS-300x200.jpg\" alt=\"Programa\u00e7\u00e3o da Consci\u00eacia Negra no CIEP Maring\u00e1. Data: 19\/11\/2015. Foto: Bruno Campos\/Prefeitura de Maca\u00e9\" width=\"254\" height=\"169\" \/><\/a><figcaption id=\"caption-attachment-442\" class=\"wp-caption-text\"><span style=\"color: #0000ff;\">Programa\u00e7\u00e3o da Consci\u00eacia Negra no CIEP Maring\u00e1. Data: 19\/11\/2015. Foto: Bruno Campos\/Prefeitura de Maca\u00e9<\/span><\/figcaption><\/figure>\n<p>Antecipando a data, nesta quinta-feira (19), o Ciep Municipalizado Maring\u00e1 (Campo do Oeste)\u00a0 realizou a culmin\u00e2ncia\u00a0 do projeto\u00a0 Consci\u00eancia Negra, com exposi\u00e7\u00e3o de trabalhos como fotografia e m\u00e1scaras referentes a 440 pa\u00edses da\u00a0 \u00c1frica. Cerca de 500 alunos das turmas do 6\u00ba ao 9\u00ba ano apresentaram\u00a0 as atividades art\u00edsticas que foram alvos de elogios de cerca de 1 mil alunos da unidade.<\/p>\n<p><span style=\"color: #000000;\">O evento foi marcado ainda pelo concurso Beleza Negra em que os participantes foram avaliados segundo\u00a0 quesitos como simpatia, originalidade e criatividade. Entre as mais animadas estavam\u00a0 as alunas Adrielly de Oliveira, 16 anos, Ass\u00edria Souza, 14 anos e Gabriela Montes, 15 anos. <strong>&#8220;Gostei de fazer parte de toda a programa\u00e7\u00e3o. Pesquisamos sobre a \u00c1frica, em especial a Angola, produzimos cartazes, murais , adere\u00e7os e m\u00e1scaras. Esta semana \u00e9 muito importante&#8221;<\/strong>, afirmou Adrielly. Esbanjando charme e simpatia, elas fizeram quest\u00e3o de colocar roupas, colares e adere\u00e7os que lembram a \u00c1frica. <strong>\u201cEste desfile ser\u00e1 inesquec\u00edvel\u201d<\/strong>, contou Ass\u00edria, que tinha torcida organizada.<\/span><\/p>\n<figure id=\"attachment_443\" aria-describedby=\"caption-attachment-443\" style=\"width: 263px\" class=\"wp-caption alignright\"><a href=\"http:\/\/www.jornaldaconstrucaocivil.com.br\/wp-content\/uploads\/2015\/11\/MACAE-PRETO.jpg\"><img loading=\"lazy\" decoding=\"async\" class=\" wp-image-443\" src=\"http:\/\/www.jornaldaconstrucaocivil.com.br\/wp-content\/uploads\/2015\/11\/MACAE-PRETO-300x200.jpg\" alt=\"Programa\u00e7\u00e3o da Consci\u00eacia Negra no CIEP Maring\u00e1. Data: 19\/11\/2015. Foto: Bruno Campos\/Prefeitura de Maca\u00e9\" width=\"263\" height=\"175\" \/><\/a><figcaption id=\"caption-attachment-443\" class=\"wp-caption-text\"><span style=\"color: #0000ff;\">Programa\u00e7\u00e3o da Consci\u00eacia Negra no CIEP Maring\u00e1. Data: 19\/11\/2015. Foto: Bruno Campos\/Prefeitura de Maca\u00e9<\/span><\/figcaption><\/figure>\n<p><span style=\"color: #000000;\">Para os professores do Ciep Maring\u00e1,\u00a0 Gabriel Laurindo e Douglas Rodrigues, a programa\u00e7\u00e3o serviu para trocar experi\u00eancias e refor\u00e7ar o processo de ensino junto aos alunos sobre a quest\u00e3o que\u00a0 enfoca a Africanidade .<\/span><\/p>\n<p><span style=\"color: #000000;\"><span style=\"color: #ff0000;\">Programa\u00e7\u00e3o<\/span><strong>\u00a0<\/strong>&#8211; As atividades voltadas para o m\u00eas da Consci\u00eancia Negra\u00a0 foram marcadas em unidades municipais variadas. Entre elas est\u00e3o Neuza Goulart, Col\u00e9gio de Aplica\u00e7\u00e3o (CAp), que desenvolveu a V Mostra Cultural de Diversidade \u00c9tnica Racial.<\/span><\/p>\n<p><span style=\"color: #000000;\">O Ciep Municipalizado Oscar Cordeiro tamb\u00e9m ministrou palestra sobre o tema. J\u00e1\u00a0 a Escola Municipal Parque Maria Ang\u00e9lica agitou a unidade com o desfile <strong>\u201cA mais bela negra da escola\u201d<\/strong>. A Escola Municipal Aroeira tamb\u00e9m desenvolveu a a\u00e7\u00e3o. A unidade municipal Professora Maria Isabel Damasceno Sim\u00e3o ministrou a palestra<\/span><span style=\"color: #000000;\"><strong>\u00a0&#8220;P\u00e9rolas Negras\u201d.<\/strong><\/span><\/p>\n<p><span style=\"color: #000000;\">Na lista de escolas tamb\u00e9m est\u00e3o o Col\u00e9gio Municipal Elza Ibrahim ministrou o projeto <strong>\u201cConsci\u00eancia Negra\u201d<\/strong>, exposi\u00e7\u00e3o \u00c1frica e desfile <strong>\u201cBeleza Negra&#8221;<\/strong>.<\/span><\/p>\n<p><span style=\"color: #000000;\">Ensino &#8211; A rede municipal conta com o programa de\u00a0Cultura<\/span><br \/>\n<span style=\"color: #000000;\">Afro-Brasileira e Ind\u00edgena, que\u00a0 est\u00e1 sendo intensificado na rede<\/span><br \/>\n<span style=\"color: #000000;\">municipal.\u00a0 A proposta do programa\u00a0 \u00e9 instrumentalizar os educadores\u00a0com as novas metodologias e informa\u00e7\u00f5es para trabalhar\u00a0com a tem\u00e1tica das rela\u00e7\u00f5es raciais, inserindo o ind\u00edgena (Lei11645\/08). Esta\u00a0 \u00e9 uma lei complementar \u00e0 Lei 10.639\/03, que institui\u00a0a obrigatoriedade do ensino da hist\u00f3ria e\u00a0cultura\u00a0afro-brasileira nas\u00a0escolas.<\/span><\/p>\n<p><span style=\"color: #000000;\">Al\u00e9m disso, a equipe respons\u00e1vel pelo programa, que \u00e9 vinculado \u00e0\u00a0Subsecretaria de Educa\u00e7\u00e3o na Sa\u00fade,\u00a0Cultura\u00a0e Esporte, realiza visitas\u00a0t\u00e9cnicas nas escolas municipais, conforme cronograma espec\u00edfico.\u00a0<\/span><\/p>\n<p><span style=\"color: #000000;\">Segundo o\u00a0 Secret\u00e1rio de Educa\u00e7\u00e3o, Guto Garcia, a proposta \u00e9 intensificar a forma\u00e7\u00e3o integral voltada para\u00a0reconhecimento das etnias, diversidade\u00a0cultural\u00a0e usar as escolas\u00a0municipais como cen\u00e1rios \u00a0de produ\u00e7\u00e3o de\u00a0cultura, conscientiza\u00e7\u00e3o e \u00a0valoriza\u00e7\u00e3o\u00a0<span style=\"line-height: 1.5;\">da identidade. <\/span><\/span><\/p>\n<p><span style=\"color: #000000; line-height: 1.5;\">J\u00e1 a\u00a0 subsecret\u00e1ria de Educa\u00e7\u00e3o na Sa\u00fade,Cultura\u00a0e Esporte, Andrea Martins, comenta que\u00a0 a inten\u00e7\u00e3o \u00e9 destacar\u00a0o ensino da hist\u00f3ria e\u00a0cultura\u00a0afro-brasileira e in\u00fameras etnias que\u00a0fazem parte da sociedade.<\/span><\/p>\n<p><span style=\"color: #000000;\">Fonte: ASCOM\/MACA\u00c9-RJ<\/span><\/p>\n","protected":false},"excerpt":{"rendered":"<p>Por Joice Trindade A programa\u00e7\u00e3o da Consci\u00eancia Negra, cuja data alusiva \u00e9 nesta sexta-feira (20),\u00a0 est\u00e1\u00a0 sendo marcada por diversas\u00a0 programa\u00e7\u00f5es voltadas para alunos e comunidade escolar. At\u00e9 a pr\u00f3xima sexta-feira (27) ser\u00e3o realizadas atividades que visam levar reflex\u00f5es quanto \u00e0 import\u00e2ncia\u00a0 do papel e hist\u00f3ria do negro na sociedade. Antecipando a data, nesta quinta-feira [&hellip;]<\/p>\n","protected":false},"author":1,"featured_media":442,"comment_status":"open","ping_status":"open","sticky":false,"template":"","format":"standard","meta":{"_uag_custom_page_level_css":"","footnotes":""},"categories":[27],"tags":[3533,3599,6573,7107],"class_list":["post-441","post","type-post","status-publish","format-standard","has-post-thumbnail","hentry","category-acontece","tag-desfile","tag-dia-da-consciencia-negra","tag-jovens","tag-macae-2015"],"blocksy_meta":[],"spectra_blocks_featured_image_url":[],"spectra_blocks_author_info":{"display_name":"Jornal da Constru\u00e7\u00e3o Civil","avatar_url":"https:\/\/secure.gravatar.com\/avatar\/973c9774fd44ddaceb026973c4962faa70fc512bc4c9da68e8ebb40fecee6540?s=96&d=mm&r=g","author_link":"https:\/\/construcaocivil.siriusmarketingedesign.com.br\/?author=1","description":"Desde de 2013, levando muitas informa\u00e7\u00f5es, lan\u00e7amentos e produtos de qualidade para toda cadeia produtiva da constru\u00e7\u00e3o. O Futuro da constru\u00e7\u00e3o passa por aqui,"},"uagb_featured_image_src":{"full":false,"thumbnail":false,"medium":false,"medium_large":false,"large":false,"1536x1536":false,"2048x2048":false},"uagb_author_info":{"display_name":"Jornal da Constru\u00e7\u00e3o Civil","author_link":"https:\/\/construcaocivil.siriusmarketingedesign.com.br\/?author=1"},"uagb_comment_info":0,"uagb_excerpt":"Por Joice Trindade A programa\u00e7\u00e3o da Consci\u00eancia Negra, cuja data alusiva \u00e9 nesta sexta-feira (20),\u00a0 est\u00e1\u00a0 sendo marcada por diversas\u00a0 programa\u00e7\u00f5es voltadas para alunos e comunidade escolar. At\u00e9 a pr\u00f3xima sexta-feira (27) ser\u00e3o realizadas atividades que visam levar reflex\u00f5es quanto \u00e0 import\u00e2ncia\u00a0 do papel e hist\u00f3ria do negro na sociedade. Antecipando a data, nesta quinta-feira&hellip;","_links":{"self":[{"href":"https:\/\/construcaocivil.siriusmarketingedesign.com.br\/index.php?rest_route=\/wp\/v2\/posts\/441","targetHints":{"allow":["GET"]}}],"collection":[{"href":"https:\/\/construcaocivil.siriusmarketingedesign.com.br\/index.php?rest_route=\/wp\/v2\/posts"}],"about":[{"href":"https:\/\/construcaocivil.siriusmarketingedesign.com.br\/index.php?rest_route=\/wp\/v2\/types\/post"}],"author":[{"embeddable":true,"href":"https:\/\/construcaocivil.siriusmarketingedesign.com.br\/index.php?rest_route=\/wp\/v2\/users\/1"}],"replies":[{"embeddable":true,"href":"https:\/\/construcaocivil.siriusmarketingedesign.com.br\/index.php?rest_route=%2Fwp%2Fv2%2Fcomments&post=441"}],"version-history":[{"count":0,"href":"https:\/\/construcaocivil.siriusmarketingedesign.com.br\/index.php?rest_route=\/wp\/v2\/posts\/441\/revisions"}],"wp:featuredmedia":[{"embeddable":true,"href":"https:\/\/construcaocivil.siriusmarketingedesign.com.br\/index.php?rest_route=\/wp\/v2\/media\/442"}],"wp:attachment":[{"href":"https:\/\/construcaocivil.siriusmarketingedesign.com.br\/index.php?rest_route=%2Fwp%2Fv2%2Fmedia&parent=441"}],"wp:term":[{"taxonomy":"category","embeddable":true,"href":"https:\/\/construcaocivil.siriusmarketingedesign.com.br\/index.php?rest_route=%2Fwp%2Fv2%2Fcategories&post=441"},{"taxonomy":"post_tag","embeddable":true,"href":"https:\/\/construcaocivil.siriusmarketingedesign.com.br\/index.php?rest_route=%2Fwp%2Fv2%2Ftags&post=441"}],"curies":[{"name":"wp","href":"https:\/\/api.w.org\/{rel}","templated":true}]}}