{"id":4419,"date":"2016-12-01T11:53:56","date_gmt":"2016-12-01T14:53:56","guid":{"rendered":"http:\/\/www.jornaldaconstrucaocivil.com.br\/?p=4419"},"modified":"2016-12-01T11:53:56","modified_gmt":"2016-12-01T14:53:56","slug":"plantio-inaugural-do-amazonia-live-e-realizado-em-encontro","status":"publish","type":"post","link":"https:\/\/construcaocivil.siriusmarketingedesign.com.br\/?p=4419","title":{"rendered":"Plantio inaugural do Amazonia Live \u00e9 realizado em encontro"},"content":{"rendered":"<p style=\"text-align: justify;\"><strong><span style=\"color: #000080;\">Projeto \u00e9 parceria do Rock in Rio com Funbio, ISA, e Conserva\u00e7\u00e3o Internacional Brasil<\/span><\/strong><\/p>\n<figure id=\"attachment_4420\" aria-describedby=\"caption-attachment-4420\" style=\"width: 355px\" class=\"wp-caption alignleft\"><a href=\"http:\/\/www.jornaldaconstrucaocivil.com.br\/wp-content\/uploads\/2016\/12\/300810_663674_coletores_puderam_ver__pela_primeira_vez__areas_que_foram_recuperadas.jpeg\"><img loading=\"lazy\" decoding=\"async\" class=\"wp-image-4420\" src=\"http:\/\/www.jornaldaconstrucaocivil.com.br\/wp-content\/uploads\/2016\/12\/300810_663674_coletores_puderam_ver__pela_primeira_vez__areas_que_foram_recuperadas.jpeg\" alt=\"coletores_puderam_ver__pela_primeira_vez__areas_que_foram_recuperadas\" width=\"355\" height=\"237\" \/><\/a><figcaption id=\"caption-attachment-4420\" class=\"wp-caption-text\"><strong><span style=\"color: #0000ff;\">Coletores puderam ver pela primeira vez \u00e1reas que foram recuperada.<\/span><\/strong><span style=\"color: #0000ff;\"> Cr\u00e9ditos: ISA\/Rog\u00e9rio Assis<\/span><\/figcaption><\/figure>\n<p style=\"text-align: justify;\"><span style=\"color: #000000;\">Rio de Janeiro, Dezembro, 2016 \u2014 A m\u00e3o est\u00e1 na massa, ou melhor, na terra! Acaba de come\u00e7ar o plantio de mais de 200 mil \u00e1rvores do projeto <span style=\"color: #993300;\">Amazonia Live<\/span>, do<span style=\"color: #993300;\"> Rock in Rio<\/span>. Em um dia de nuvens carregadas, anunciando a proximidade do inverno amaz\u00f4nico, os ind\u00edgenas, agricultores familiares e outros coletores da Rede de Sementes do Xingu participaram da atividade na Fazenda Rancho 60, em Bom Jesus do Araguaia (MT). A meta \u00e9 chegar a quatro milh\u00f5es de \u00e1rvores com o envolvimento do p\u00fablico. A iniciativa vai restaurar mais de 400 hectares de floresta desmatada nas cabeceiras e nascentes do Rio Xingu, entre outras \u00e1reas emergenciais. O projeto foi lan\u00e7ado em abril de 2016 e, em agosto, teve como marco inicial um show in\u00e9dito em um palco flutuante montado no meio do Rio Negro, na Floresta Amaz\u00f4nica, em Manaus, transmitido pela TV e pela Web para o mundo, chamando aten\u00e7\u00e3o para as quest\u00f5es ambientais.<\/span><\/p>\n<figure id=\"attachment_4421\" aria-describedby=\"caption-attachment-4421\" style=\"width: 361px\" class=\"wp-caption alignright\"><a href=\"http:\/\/www.jornaldaconstrucaocivil.com.br\/wp-content\/uploads\/2016\/12\/300810_663685_coleta_e_limpeza_do_buriti._credito_rogerio_assis3.jpeg\"><img loading=\"lazy\" decoding=\"async\" class=\"wp-image-4421 \" src=\"http:\/\/www.jornaldaconstrucaocivil.com.br\/wp-content\/uploads\/2016\/12\/300810_663685_coleta_e_limpeza_do_buriti._credito_rogerio_assis3.jpeg\" alt=\"coleta_e_limpeza_do_buriti-_credito_rogerio_assis\" width=\"361\" height=\"240\" \/><\/a><figcaption id=\"caption-attachment-4421\" class=\"wp-caption-text\"><span style=\"color: #0000ff;\"><strong>Coleta e limpeza do Buriti. Cr\u00e9dito:<\/strong> ISA\/ Rog\u00e9rio Assis<\/span><\/figcaption><\/figure>\n<p style=\"text-align: justify;\"><span style=\"color: #000000;\">Mais de uma tonelada de sementes foi plantada na semeadura inaugural para atingir o objetivo de reflorestar as \u00e1reas degradadas e proteger as nascentes da bacia do rio Xingu. S\u00e3o quase 200 mil hectares de matas nas margens do rio desmatadas. E para cumprir tal desafio, a organiza\u00e7\u00e3o do maior festival de entretenimento do mundo procurou o Fundo Brasileiro para a Biodiversidade (Funbio) para que, juntos, encontrassem as parcerias necess\u00e1rias e ideais para o plantio do primeiro milh\u00e3o de \u00e1rvores. O Instituto Socioambiental (ISA) e a Conserva\u00e7\u00e3o Internacional Brasil (CI-Brasil) tamb\u00e9m s\u00e3o parte do projeto visando a implementa\u00e7\u00e3o e a amplia\u00e7\u00e3o dele.<\/span><\/p>\n<p style=\"text-align: justify;\"><span style=\"color: #000000;\">Al\u00e9m de recuperar a \u00e1rea desmatada da floresta, o projeto ajudar\u00e1 a preservar a \u00e1gua na regi\u00e3o e a fortalecer a economia local, uma vez que as sementes utilizadas no plantio s\u00e3o fornecidas pela Rede de Sementes do Xingu, formada por coletores que trocam e vendem sementes de \u00e1rvores e outras plantas nativas da regi\u00e3o. &#8220;A rede \u00e9 uma articula\u00e7\u00e3o de cerca de 500 ind\u00edgenas, agricultores familiares, pesquisadores, organiza\u00e7\u00f5es parceiras que tem como objetivo reunir os saberes e a diversidade dos povos para coletar, conhecer e valorizar as sementes da floresta&#8221;, explica Rodrigo Junqueira, coordenador do Programa Xingu do ISA.<\/span><\/p>\n<figure id=\"attachment_4422\" aria-describedby=\"caption-attachment-4422\" style=\"width: 400px\" class=\"wp-caption alignleft\"><a href=\"http:\/\/www.jornaldaconstrucaocivil.com.br\/wp-content\/uploads\/2016\/12\/300810_663690_dona_sebastiana_mostra_como_beneficia_as_sementes_de_modo_tradicional.jpeg\"><img loading=\"lazy\" decoding=\"async\" class=\"wp-image-4422 size-full\" src=\"http:\/\/www.jornaldaconstrucaocivil.com.br\/wp-content\/uploads\/2016\/12\/300810_663690_dona_sebastiana_mostra_como_beneficia_as_sementes_de_modo_tradicional.jpeg\" alt=\"dona_sebastiana_mostra_como_beneficia_as_sementes_de_modo_tradicional\" width=\"400\" height=\"266\" \/><\/a><figcaption id=\"caption-attachment-4422\" class=\"wp-caption-text\"><span style=\"color: #0000ff;\"><strong>Dona Sebastiana mostra como beneficia as sementes de modo tradicional.<\/strong> Cr\u00e9ditos: ISA\/Rog\u00e9rio Assis<\/span><\/figcaption><\/figure>\n<p style=\"text-align: justify;\"><span style=\"color: #000000;\">O plantio tamb\u00e9m marcou a segunda Expedi\u00e7\u00e3o da Rede de Sementes do Xingu, iniciativa que reuniu mais de 50 pessoas durante tr\u00eas dias e que percorreu toda a \u00e1rea de plantio de sementes florestais. O momento foi ainda de grande troca de conhecimento entre os coletores sobre as diferentes t\u00e9cnicas utilizadas na coleta e no beneficiamento das esp\u00e9cies. Um dos pontos altos foi a prepara\u00e7\u00e3o e o plantio da muvuca do projeto <span style=\"color: #993300;\">Amazonia Live<\/span>, no \u00faltimo dia do encontro. A t\u00e9cnica da muvuca, utilizada no plantio de \u00e1rvores, \u00e9 uma mistura de sementes nativas e de aduba\u00e7\u00e3o verde com areia que forma um insumo homog\u00eaneo prop\u00edcio para a forma\u00e7\u00e3o da estrutura da floresta. Nessa mistura, h\u00e1 esp\u00e9cies que v\u00e3o crescer logo no primeiro m\u00eas, pois germinam rapidamente, e logo formar\u00e3o a cobertura do solo.<\/span><\/p>\n<p style=\"text-align: justify;\"><span style=\"color: #000000;\">O A<span style=\"color: #993300;\">mazonia Live<\/span>, com o mote <span style=\"color: #0000ff;\">&#8220;Mais do que \u00e1rvores, vamos plantar esperan\u00e7a&#8221;<\/span>, junto com seus parceiros (Banco Mundial, Universidade Est\u00e1cio de S\u00e1, Conserva\u00e7\u00e3o Internacional (CI-Brasil), Ita\u00fa, Manaus Luz, Manaus Ambiental e Gol), est\u00e1 garantindo o plantio de um montante que ultrapassa 2,9 milh\u00f5es de \u00e1rvores na regi\u00e3o do Xingu. Desse total, cerca de um milh\u00e3o de \u00e1rvores foram doadas pelo Rock in Rio para o reflorestamento de 400 hectares. Todos podem se engajar, participar e doar. \u00c9 muito simples. Basta entrar no site do <span style=\"color: #993300;\">Amazonia Live<\/span> <span style=\"color: #0000ff;\">(www.amazonialive.com.br)<\/span> e fazer a contribui\u00e7\u00e3o. Uma \u00e1rvore custa apenas R$4,50 + taxas.<\/span><\/p>\n<p>Fonte: Instituto Socioambiental<\/p>\n","protected":false},"excerpt":{"rendered":"<p>Projeto \u00e9 parceria do Rock in Rio com Funbio, ISA, e Conserva\u00e7\u00e3o Internacional Brasil Rio de Janeiro, Dezembro, 2016 \u2014 A m\u00e3o est\u00e1 na massa, ou melhor, na terra! Acaba de come\u00e7ar o plantio de mais de 200 mil \u00e1rvores do projeto Amazonia Live, do Rock in Rio. Em um dia de nuvens carregadas, anunciando [&hellip;]<\/p>\n","protected":false},"author":1,"featured_media":4420,"comment_status":"open","ping_status":"open","sticky":false,"template":"","format":"standard","meta":{"_uag_custom_page_level_css":"","footnotes":""},"categories":[37],"tags":[653,2807,5129,5285,6253,7157,9986,10049,10094,10453,12096],"class_list":["post-4419","post","type-post","status-publish","format-standard","has-post-thumbnail","hentry","category-sustentabilidade","tag-amazonia-live","tag-conservacao-internacional-brasil","tag-floresta-amazonica","tag-fundo-brasileiro-para-a-biodiversidade-funbio","tag-instituto-socioambiental-isa","tag-manaus-amazonia","tag-rede-de-sementes-do-xingu","tag-reflorestamento-de-400-hectares","tag-regiao-do-xingu","tag-rock-in-rio","tag-universidade-estacio-de-sa"],"blocksy_meta":[],"spectra_blocks_featured_image_url":[],"spectra_blocks_author_info":{"display_name":"Jornal da Constru\u00e7\u00e3o Civil","avatar_url":"https:\/\/secure.gravatar.com\/avatar\/973c9774fd44ddaceb026973c4962faa70fc512bc4c9da68e8ebb40fecee6540?s=96&d=mm&r=g","author_link":"https:\/\/construcaocivil.siriusmarketingedesign.com.br\/?author=1","description":"Desde de 2013, levando muitas informa\u00e7\u00f5es, lan\u00e7amentos e produtos de qualidade para toda cadeia produtiva da constru\u00e7\u00e3o. O Futuro da constru\u00e7\u00e3o passa por aqui,"},"uagb_featured_image_src":{"full":false,"thumbnail":false,"medium":false,"medium_large":false,"large":false,"1536x1536":false,"2048x2048":false},"uagb_author_info":{"display_name":"Jornal da Constru\u00e7\u00e3o Civil","author_link":"https:\/\/construcaocivil.siriusmarketingedesign.com.br\/?author=1"},"uagb_comment_info":0,"uagb_excerpt":"Projeto \u00e9 parceria do Rock in Rio com Funbio, ISA, e Conserva\u00e7\u00e3o Internacional Brasil Rio de Janeiro, Dezembro, 2016 \u2014 A m\u00e3o est\u00e1 na massa, ou melhor, na terra! Acaba de come\u00e7ar o plantio de mais de 200 mil \u00e1rvores do projeto Amazonia Live, do Rock in Rio. Em um dia de nuvens carregadas, anunciando&hellip;","_links":{"self":[{"href":"https:\/\/construcaocivil.siriusmarketingedesign.com.br\/index.php?rest_route=\/wp\/v2\/posts\/4419","targetHints":{"allow":["GET"]}}],"collection":[{"href":"https:\/\/construcaocivil.siriusmarketingedesign.com.br\/index.php?rest_route=\/wp\/v2\/posts"}],"about":[{"href":"https:\/\/construcaocivil.siriusmarketingedesign.com.br\/index.php?rest_route=\/wp\/v2\/types\/post"}],"author":[{"embeddable":true,"href":"https:\/\/construcaocivil.siriusmarketingedesign.com.br\/index.php?rest_route=\/wp\/v2\/users\/1"}],"replies":[{"embeddable":true,"href":"https:\/\/construcaocivil.siriusmarketingedesign.com.br\/index.php?rest_route=%2Fwp%2Fv2%2Fcomments&post=4419"}],"version-history":[{"count":0,"href":"https:\/\/construcaocivil.siriusmarketingedesign.com.br\/index.php?rest_route=\/wp\/v2\/posts\/4419\/revisions"}],"wp:attachment":[{"href":"https:\/\/construcaocivil.siriusmarketingedesign.com.br\/index.php?rest_route=%2Fwp%2Fv2%2Fmedia&parent=4419"}],"wp:term":[{"taxonomy":"category","embeddable":true,"href":"https:\/\/construcaocivil.siriusmarketingedesign.com.br\/index.php?rest_route=%2Fwp%2Fv2%2Fcategories&post=4419"},{"taxonomy":"post_tag","embeddable":true,"href":"https:\/\/construcaocivil.siriusmarketingedesign.com.br\/index.php?rest_route=%2Fwp%2Fv2%2Ftags&post=4419"}],"curies":[{"name":"wp","href":"https:\/\/api.w.org\/{rel}","templated":true}]}}