{"id":4424,"date":"2016-12-01T12:02:49","date_gmt":"2016-12-01T15:02:49","guid":{"rendered":"http:\/\/www.jornaldaconstrucaocivil.com.br\/?p=4424"},"modified":"2016-12-01T12:02:49","modified_gmt":"2016-12-01T15:02:49","slug":"forum-do-desenvolvimento-debate-as-perspectivas-para-economia-brasileira-nesta-sexta-0212-no-bndes","status":"publish","type":"post","link":"https:\/\/construcaocivil.siriusmarketingedesign.com.br\/?p=4424","title":{"rendered":"F\u00f3rum do Desenvolvimento debate as perspectivas  para economia brasileira nesta sexta (02\/12) no BNDES"},"content":{"rendered":"<p>&nbsp;<\/p>\n<p style=\"text-align: justify;\"><span style=\"color: #000080;\"><strong>A Associa\u00e7\u00e3o Brasileira do Desenvolvimento (ABDE) realiza nesta sexta-feira (02\/12) o F\u00f3rum do Desenvolvimento, a partir das 9 horas no pr\u00e9dio do BNDES, Rio de Janeiro.<\/strong><\/span><\/p>\n<p style=\"text-align: justify;\"><span style=\"color: #000000;\">O evento conta com o apoio do Banco Interamericano de Desenvolvimento (BID) e reunir\u00e1 especialistas em economia brasileira, contas p\u00fablicas, sistema financeiro e setor produtivo em debate sobre condi\u00e7\u00f5es para a retomada do crescimento e atribui\u00e7\u00f5es do Sistema Nacional de Fomento nesse processo.<\/span><\/p>\n<p><span style=\"color: #ff0000;\">Rumos da economia, atribui\u00e7\u00f5es do sistema financeiro e papel do Sistema Nacional de Fomento na retomada s\u00e3o os principais temas do encontro organizado pela ABDE<\/span><\/p>\n<p><span style=\"color: #ff0000;\">Encontro de especialistas ocorre em conjuntura marcada por recess\u00e3o, crise pol\u00edtica persistente e redu\u00e7\u00e3o dos juros<\/span><\/p>\n<p style=\"text-align: justify;\"><span style=\"color: #000000;\">Fazem parte do Sistema Nacional de Fomento os bancos p\u00fablicos federais, bancos de desenvolvimento controlados por unidades da Federa\u00e7\u00e3o, bancos cooperativos, bancos p\u00fablicos comerciais estaduais com carteira de desenvolvimento, ag\u00eancias de fomento, al\u00e9m do Sebrae e da Finep.<\/span><\/p>\n<p style=\"text-align: justify;\"><span style=\"color: #000000;\">Contexto nacional e global &#8211; O F\u00f3rum do Desenvolvimento ser\u00e1 realizado em uma conjuntura desafiadora, caracterizada por dois anos de recess\u00e3o combinada com crise pol\u00edtica persistente e reorganiza\u00e7\u00e3o das contas p\u00fablicas.<\/span><\/p>\n<p style=\"text-align: justify;\"><span style=\"color: #000000;\">Os especialistas debater\u00e3o os rumos da economia em meio ao recente do ciclo de redu\u00e7\u00e3o de juros pelo Banco Central e dificuldade de amplia\u00e7\u00e3o dos investimentos.<\/span><\/p>\n<p style=\"text-align: justify;\"><span style=\"color: #000000;\">Considerando o cen\u00e1rio internacional, o evento ser\u00e1 realizado sob o novo contexto global da elei\u00e7\u00e3o de Donald Trump nos Estados Unidos, com implica\u00e7\u00f5es para a economia mundial, pa\u00edses emergentes e Brasil.<\/span><\/p>\n<p style=\"text-align: justify;\"><span style=\"color: #000000;\">Especialista internacional &#8211; Um dos debatedores do F\u00f3rum do Desenvolvimento ser\u00e1 o economista Jan Kregel, diretor de pesquisa do Levy Economics Institute, especialista em pol\u00edtica monet\u00e1ria e pol\u00edtica econ\u00f4mica.<\/span><\/p>\n<p style=\"text-align: justify;\"><span style=\"color: #000000;\">Em 2009, em meio \u00e0 crise financeira mundial, Kregel atuou como relator do presidente da comiss\u00e3o da Assembleia Geral da ONU na elabora\u00e7\u00e3o da reforma do sistema financeiro internacional. No f\u00f3rum ele participar\u00e1 do painel \u201cSistemas financeiros e o processo de desenvolvimento\u201d.<\/span><\/p>\n<p style=\"text-align: justify;\"><span style=\"color: #000000;\">Entre os participantes do evento est\u00e3o o professor de economia da PUC e presidente do Instituto Jardim Bot\u00e2nico, S\u00e9rgio Besserman, o diretor do BNDES, Ricardo Ramos, o professor da FGV-SP, Nelson Marconi, o professor da Hobart and William Smith College, Felipe Rezende, o pesquisador do Ibre-FGV, Jos\u00e9 Roberto Afonso, o diretor-superintende do Sebrae-RJ, Cezar Vasquez e o vice-presidente da ABDE, Marco Crocco.<\/span><\/p>\n<p style=\"text-align: justify;\"><span style=\"color: #000000;\">O presidente da ABDE, Milton Luiz de Melo Santos, far\u00e1 a abertura do evento.<\/span><\/p>\n<p><span style=\"color: #993300;\">Pr\u00eamio ABDE-BID de Monografia \u2013 O F\u00f3rum do Desenvolvimento ser\u00e1 encerrado com a cerim\u00f4nia de entrega do Pr\u00eamio ABDE-BID de Monografia e divulga\u00e7\u00e3o dos vencedores.<\/span><\/p>\n<p style=\"text-align: justify;\"><span style=\"color: #000000;\">Em sua terceira edi\u00e7\u00e3o, o pr\u00eamio incentiva a formula\u00e7\u00e3o de trabalhos acad\u00eamicos dedicados ao tema do desenvolvimento, em especial sobre as atribui\u00e7\u00f5es do Sistema Nacional de Fomento nos ciclos de crescimento da economia.<\/span><\/p>\n<p style=\"text-align: justify;\"><span style=\"color: #000000;\">O objetivo \u00e9 estimular a an\u00e1lise sobre a melhora e a import\u00e2ncia do fomento produtivo e sua efic\u00e1cia no desenvolvimento sustent\u00e1vel.<\/span><\/p>\n<p style=\"text-align: justify;\">\n<p style=\"text-align: justify;\">\n","protected":false},"excerpt":{"rendered":"<p>&nbsp; A Associa\u00e7\u00e3o Brasileira do Desenvolvimento (ABDE) realiza nesta sexta-feira (02\/12) o F\u00f3rum do Desenvolvimento, a partir das 9 horas no pr\u00e9dio do BNDES, Rio de Janeiro. O evento conta com o apoio do Banco Interamericano de Desenvolvimento (BID) e reunir\u00e1 especialistas em economia brasileira, contas p\u00fablicas, sistema financeiro e setor produtivo em debate sobre [&hellip;]<\/p>\n","protected":false},"author":1,"featured_media":0,"comment_status":"open","ping_status":"open","sticky":false,"template":"","format":"standard","meta":{"_uag_custom_page_level_css":"","footnotes":""},"categories":[27],"tags":[1014,1380,1464,3798,3856,5089,7470,8596,9936,10723],"class_list":["post-4424","post","type-post","status-publish","format-standard","hentry","category-acontece","tag-associacao-brasileira-do-desenvolvimento-abde","tag-bid","tag-bndes","tag-donald-trump","tag-economia","tag-finep","tag-mercado","tag-paises-emergentes","tag-recessao","tag-sebrae-rj"],"blocksy_meta":[],"spectra_blocks_featured_image_url":null,"spectra_blocks_author_info":{"display_name":"Jornal da Constru\u00e7\u00e3o Civil","avatar_url":"https:\/\/secure.gravatar.com\/avatar\/973c9774fd44ddaceb026973c4962faa70fc512bc4c9da68e8ebb40fecee6540?s=96&d=mm&r=g","author_link":"https:\/\/construcaocivil.siriusmarketingedesign.com.br\/?author=1","description":"Desde de 2013, levando muitas informa\u00e7\u00f5es, lan\u00e7amentos e produtos de qualidade para toda cadeia produtiva da constru\u00e7\u00e3o. O Futuro da constru\u00e7\u00e3o passa por aqui,"},"uagb_featured_image_src":{"full":false,"thumbnail":false,"medium":false,"medium_large":false,"large":false,"1536x1536":false,"2048x2048":false},"uagb_author_info":{"display_name":"Jornal da Constru\u00e7\u00e3o Civil","author_link":"https:\/\/construcaocivil.siriusmarketingedesign.com.br\/?author=1"},"uagb_comment_info":0,"uagb_excerpt":"&nbsp; A Associa\u00e7\u00e3o Brasileira do Desenvolvimento (ABDE) realiza nesta sexta-feira (02\/12) o F\u00f3rum do Desenvolvimento, a partir das 9 horas no pr\u00e9dio do BNDES, Rio de Janeiro. O evento conta com o apoio do Banco Interamericano de Desenvolvimento (BID) e reunir\u00e1 especialistas em economia brasileira, contas p\u00fablicas, sistema financeiro e setor produtivo em debate sobre&hellip;","_links":{"self":[{"href":"https:\/\/construcaocivil.siriusmarketingedesign.com.br\/index.php?rest_route=\/wp\/v2\/posts\/4424","targetHints":{"allow":["GET"]}}],"collection":[{"href":"https:\/\/construcaocivil.siriusmarketingedesign.com.br\/index.php?rest_route=\/wp\/v2\/posts"}],"about":[{"href":"https:\/\/construcaocivil.siriusmarketingedesign.com.br\/index.php?rest_route=\/wp\/v2\/types\/post"}],"author":[{"embeddable":true,"href":"https:\/\/construcaocivil.siriusmarketingedesign.com.br\/index.php?rest_route=\/wp\/v2\/users\/1"}],"replies":[{"embeddable":true,"href":"https:\/\/construcaocivil.siriusmarketingedesign.com.br\/index.php?rest_route=%2Fwp%2Fv2%2Fcomments&post=4424"}],"version-history":[{"count":0,"href":"https:\/\/construcaocivil.siriusmarketingedesign.com.br\/index.php?rest_route=\/wp\/v2\/posts\/4424\/revisions"}],"wp:attachment":[{"href":"https:\/\/construcaocivil.siriusmarketingedesign.com.br\/index.php?rest_route=%2Fwp%2Fv2%2Fmedia&parent=4424"}],"wp:term":[{"taxonomy":"category","embeddable":true,"href":"https:\/\/construcaocivil.siriusmarketingedesign.com.br\/index.php?rest_route=%2Fwp%2Fv2%2Fcategories&post=4424"},{"taxonomy":"post_tag","embeddable":true,"href":"https:\/\/construcaocivil.siriusmarketingedesign.com.br\/index.php?rest_route=%2Fwp%2Fv2%2Ftags&post=4424"}],"curies":[{"name":"wp","href":"https:\/\/api.w.org\/{rel}","templated":true}]}}