{"id":4426,"date":"2016-12-01T12:18:37","date_gmt":"2016-12-01T15:18:37","guid":{"rendered":"http:\/\/www.jornaldaconstrucaocivil.com.br\/?p=4426"},"modified":"2016-12-01T12:18:37","modified_gmt":"2016-12-01T15:18:37","slug":"profissionais-se-reunem-em-seminario-para-discutir-sobre-descolamento-ceramico-no-recife","status":"publish","type":"post","link":"https:\/\/construcaocivil.siriusmarketingedesign.com.br\/?p=4426","title":{"rendered":"Profissionais se re\u00fanem em semin\u00e1rio para discutir sobre descolamento cer\u00e2mico no Recife"},"content":{"rendered":"<p style=\"text-align: justify;\"><span style=\"color: #333399;\"><strong>Problema tem sido verificado em obras imobili\u00e1rias de todo o pa\u00eds<\/strong><\/span><\/p>\n<p style=\"text-align: justify;\"><span style=\"color: #000000;\">O setor da constru\u00e7\u00e3o civil de todo o pa\u00eds tem se deparado com uma problem\u00e1tica nas obras imobili\u00e1rias: o descolamento de placas cer\u00e2micas em \u00e1reas internas. Por conta disso, esse ser\u00e1 o tema abordado no IX Semin\u00e1rio Pernambucano de Revestimentos, que acontecer\u00e1 no dia 05 de dezembro, das 16h \u00e0s 19h, no audit\u00f3rio do Sinduscon\/PE, no bairro da Boa Vista, no Recife.<\/span><\/p>\n<p style=\"text-align: justify;\"><span style=\"color: #000000;\">Promovido pela Comunidade da Constru\u00e7\u00e3o e pela Tecomat, o evento iniciar\u00e1 com uma discuss\u00e3o sobre a patologia, apresentada pelo professor da UPE e Diretor T\u00e9cnico da Tecomat, Angelo Just. Em seguida, a engenheira Amanda de Andrade Neme, coordenadora do Comit\u00ea de Deslocamento da ANFACER (Associa\u00e7\u00e3o Nacional dos Fabricantes de Cer\u00e2mica para Revestimentos, Lou\u00e7as Sanit\u00e1rias e Cong\u00eaneres), far\u00e1 uma an\u00e1lise do elemento cer\u00e2mico, mostrando a vis\u00e3o do \u00f3rg\u00e3o certificar sobre o assunto. Por fim, o professor da USP-EPUSP, Fl\u00e1vio Leal Maranh\u00e3o, apresentar\u00e1 alguns estudos de laborat\u00f3rio desenvolvidos para entendimento dos fatores desenvolvidos nos problemas de descolamento.<\/span><\/p>\n<p style=\"text-align: justify;\"><span style=\"color: #000000;\"><em>\u201cEsta patologia tem surgido em obras de v\u00e1rios estados brasileiros, o que tem levado o setor a discuti-lo com maior frequ\u00eancia. Tanto \u00e9 que na semana seguinte ao semin\u00e1rio pernambucano, haver\u00e1 um grande workshop sobre o tema, em S\u00e3o Paulo, no qual tamb\u00e9m proferirei palestra\u201d, explicou o Diretor T\u00e9cnico da Tecomat, Angelo Just. Segundo o profissional, apenas nos \u00faltimos 12 meses mais de 10 casos similares de descolamento cer\u00e2mico em \u00e1reas internas foram diagnosticados na regi\u00e3o Nordeste, tanto em pisos quanto em paredes. \u201cNa maioria dos casos, os sintomas se manifestaram antes mesmo da entrega dos im\u00f3veis\u201d,<\/em> revelou.<\/span><\/p>\n<p style=\"text-align: justify;\"><span style=\"color: #000000;\">As inscri\u00e7\u00f5es custam R$ 40 (profissionais) e R$ 20 (estudantes, mediante apresenta\u00e7\u00e3o de c\u00f3pia da carteira de estudante 2016). Para os membros da Comunidade da Constru\u00e7\u00e3o, a entrada ser\u00e1 gratuita. Mais informa\u00e7\u00f5es podem ser obtidas pelo telefone (81) 3092-7070 ou por meio do e-mail<span style=\"color: #0000ff;\"> comunidaderecifepe@gmail.com<\/span>.<\/span><\/p>\n<p>&nbsp;<\/p>\n<p>&nbsp;<\/p>\n<p>&nbsp;<\/p>\n","protected":false},"excerpt":{"rendered":"<p>Problema tem sido verificado em obras imobili\u00e1rias de todo o pa\u00eds O setor da constru\u00e7\u00e3o civil de todo o pa\u00eds tem se deparado com uma problem\u00e1tica nas obras imobili\u00e1rias: o descolamento de placas cer\u00e2micas em \u00e1reas internas. Por conta disso, esse ser\u00e1 o tema abordado no IX Semin\u00e1rio Pernambucano de Revestimentos, que acontecer\u00e1 no dia [&hellip;]<\/p>\n","protected":false},"author":1,"featured_media":0,"comment_status":"open","ping_status":"open","sticky":false,"template":"","format":"standard","meta":{"_uag_custom_page_level_css":"","footnotes":""},"categories":[27],"tags":[727,2591,2826,6449,7047,8965,9946,10986,11629],"class_list":["post-4426","post","type-post","status-publish","format-standard","hentry","category-acontece","tag-anfacer-associacao-nacional-dos-fabricantes-de-ceramica-para-revestimentos","tag-comunidade-da-construcao","tag-construcao-civil","tag-ix-seminario-pernambucano-de-revestimentos","tag-loucas-sanitarias-e-congeneres","tag-placas-ceramicas","tag-recife-pe","tag-setor-ceramico","tag-tecomat"],"blocksy_meta":[],"spectra_blocks_featured_image_url":null,"spectra_blocks_author_info":{"display_name":"Jornal da Constru\u00e7\u00e3o Civil","avatar_url":"https:\/\/secure.gravatar.com\/avatar\/973c9774fd44ddaceb026973c4962faa70fc512bc4c9da68e8ebb40fecee6540?s=96&d=mm&r=g","author_link":"https:\/\/construcaocivil.siriusmarketingedesign.com.br\/?author=1","description":"Desde de 2013, levando muitas informa\u00e7\u00f5es, lan\u00e7amentos e produtos de qualidade para toda cadeia produtiva da constru\u00e7\u00e3o. O Futuro da constru\u00e7\u00e3o passa por aqui,"},"uagb_featured_image_src":{"full":false,"thumbnail":false,"medium":false,"medium_large":false,"large":false,"1536x1536":false,"2048x2048":false},"uagb_author_info":{"display_name":"Jornal da Constru\u00e7\u00e3o Civil","author_link":"https:\/\/construcaocivil.siriusmarketingedesign.com.br\/?author=1"},"uagb_comment_info":0,"uagb_excerpt":"Problema tem sido verificado em obras imobili\u00e1rias de todo o pa\u00eds O setor da constru\u00e7\u00e3o civil de todo o pa\u00eds tem se deparado com uma problem\u00e1tica nas obras imobili\u00e1rias: o descolamento de placas cer\u00e2micas em \u00e1reas internas. Por conta disso, esse ser\u00e1 o tema abordado no IX Semin\u00e1rio Pernambucano de Revestimentos, que acontecer\u00e1 no dia&hellip;","_links":{"self":[{"href":"https:\/\/construcaocivil.siriusmarketingedesign.com.br\/index.php?rest_route=\/wp\/v2\/posts\/4426","targetHints":{"allow":["GET"]}}],"collection":[{"href":"https:\/\/construcaocivil.siriusmarketingedesign.com.br\/index.php?rest_route=\/wp\/v2\/posts"}],"about":[{"href":"https:\/\/construcaocivil.siriusmarketingedesign.com.br\/index.php?rest_route=\/wp\/v2\/types\/post"}],"author":[{"embeddable":true,"href":"https:\/\/construcaocivil.siriusmarketingedesign.com.br\/index.php?rest_route=\/wp\/v2\/users\/1"}],"replies":[{"embeddable":true,"href":"https:\/\/construcaocivil.siriusmarketingedesign.com.br\/index.php?rest_route=%2Fwp%2Fv2%2Fcomments&post=4426"}],"version-history":[{"count":0,"href":"https:\/\/construcaocivil.siriusmarketingedesign.com.br\/index.php?rest_route=\/wp\/v2\/posts\/4426\/revisions"}],"wp:attachment":[{"href":"https:\/\/construcaocivil.siriusmarketingedesign.com.br\/index.php?rest_route=%2Fwp%2Fv2%2Fmedia&parent=4426"}],"wp:term":[{"taxonomy":"category","embeddable":true,"href":"https:\/\/construcaocivil.siriusmarketingedesign.com.br\/index.php?rest_route=%2Fwp%2Fv2%2Fcategories&post=4426"},{"taxonomy":"post_tag","embeddable":true,"href":"https:\/\/construcaocivil.siriusmarketingedesign.com.br\/index.php?rest_route=%2Fwp%2Fv2%2Ftags&post=4426"}],"curies":[{"name":"wp","href":"https:\/\/api.w.org\/{rel}","templated":true}]}}